{"id":3945,"date":"2025-05-19T00:03:54","date_gmt":"2025-05-18T22:03:54","guid":{"rendered":"https:\/\/catholicus.eu\/pt\/?p=3945"},"modified":"2025-05-19T00:03:54","modified_gmt":"2025-05-18T22:03:54","slug":"a-igreja-catolica-e-a-divisao-protestante-da-biblia-aceitacao-ou-adaptacao","status":"publish","type":"post","link":"https:\/\/catholicus.eu\/pt\/a-igreja-catolica-e-a-divisao-protestante-da-biblia-aceitacao-ou-adaptacao\/","title":{"rendered":"A Igreja Cat\u00f3lica e a Divis\u00e3o Protestante da B\u00edblia: Aceita\u00e7\u00e3o ou Adapta\u00e7\u00e3o?"},"content":{"rendered":"\n<h2 class=\"wp-block-heading\"><strong>Introdu\u00e7\u00e3o: Um Legado Hist\u00f3rico<\/strong><\/h2>\n\n\n\n<p>A divis\u00e3o da B\u00edblia em cap\u00edtulos e vers\u00edculos \u00e9 uma ferramenta que hoje consideramos natural, mas suas origens envolvem tanto cat\u00f3licos quanto protestantes. Enquanto a&nbsp;<strong>divis\u00e3o em cap\u00edtulos foi obra de um cardeal cat\u00f3lico<\/strong>&nbsp;(Est\u00eav\u00e3o Langton), os&nbsp;<strong>vers\u00edculos foram numerados por um protestante<\/strong>&nbsp;(Robert Estienne).<\/p>\n\n\n\n<p>Como ent\u00e3o a Igreja Cat\u00f3lica recebeu esta divis\u00e3o parcialmente criada por um reformador? Aceitou-a sem questionar ou houve resist\u00eancias? E principalmente,&nbsp;<strong>o que isso nos ensina sobre a Divina Provid\u00eancia na transmiss\u00e3o da Sagrada Escritura?<\/strong><\/p>\n\n\n\n<hr class=\"wp-block-separator has-alpha-channel-opacity\"\/>\n\n\n\n<h2 class=\"wp-block-heading\"><strong>1. A Igreja Cat\u00f3lica e a Numera\u00e7\u00e3o Protestante: Uma Aceita\u00e7\u00e3o Cautelosa<\/strong><\/h2>\n\n\n\n<h3 class=\"wp-block-heading\"><strong>A. Resist\u00eancia Inicial<\/strong><\/h3>\n\n\n\n<p>Quando Robert Estienne, um impressor calvinista, publicou sua B\u00edblia com vers\u00edculos numerados entre 1551-1555,&nbsp;<strong>ela n\u00e3o foi imediatamente adotada pela Igreja Cat\u00f3lica<\/strong>. Por duas raz\u00f5es principais:<\/p>\n\n\n\n<ol start=\"1\" class=\"wp-block-list\">\n<li><strong>O Contexto da Reforma Protestante<\/strong>: Estienne era partid\u00e1rio de Calvino e Roma desconfiava de inova\u00e7\u00f5es ligadas aos reformadores.<\/li>\n\n\n\n<li><strong>O Risco de &#8220;Fragmenta\u00e7\u00e3o&#8221;<\/strong>: Alguns te\u00f3logos temiam que dividir a B\u00edblia em vers\u00edculos levaria a leituras fora de contexto, favorecendo interpreta\u00e7\u00f5es particulares (como faziam muitos protestantes).<\/li>\n<\/ol>\n\n\n\n<h3 class=\"wp-block-heading\"><strong>B. Ado\u00e7\u00e3o Gradual<\/strong><\/h3>\n\n\n\n<p>Por\u00e9m,&nbsp;<strong>a utilidade pr\u00e1tica do sistema era ineg\u00e1vel<\/strong>&nbsp;e a Igreja acabou por adot\u00e1-lo, ainda que com cautela:<\/p>\n\n\n\n<ul class=\"wp-block-list\">\n<li><strong>O Conc\u00edlio de Trento (1545-1563)<\/strong>, que reafirmou o c\u00e2non b\u00edblico cat\u00f3lico, n\u00e3o condenou a divis\u00e3o em vers\u00edculos.<\/li>\n\n\n\n<li><strong>Em 1592, o Papa Clemente VIII aprovou a Vulgata Clementina<\/strong>, que inclu\u00eda\u00a0<strong>cap\u00edtulos e vers\u00edculos<\/strong>, demonstrando assim aceita\u00e7\u00e3o oficial.<\/li>\n<\/ul>\n\n\n\n<p><strong>Por que a Igreja o aceitou?<\/strong><\/p>\n\n\n\n<ul class=\"wp-block-list\">\n<li>Porque\u00a0<strong>o sistema n\u00e3o afetava o conte\u00fado da f\u00e9<\/strong>, sendo apenas uma ferramenta de refer\u00eancia.<\/li>\n\n\n\n<li>Porque\u00a0<strong>facilitava a apolog\u00e9tica cat\u00f3lica<\/strong>, permitindo refuta\u00e7\u00f5es precisas das interpreta\u00e7\u00f5es protestantes.<\/li>\n<\/ul>\n\n\n\n<hr class=\"wp-block-separator has-alpha-channel-opacity\"\/>\n\n\n\n<h2 class=\"wp-block-heading\"><strong>2. A Provid\u00eancia Divina em Meio \u00e0s Divis\u00f5es Humanas<\/strong><\/h2>\n\n\n\n<p>Este epis\u00f3dio hist\u00f3rico nos mostra algo profundo:&nbsp;<strong>Deus pode usar at\u00e9 mesmo aqueles fora da Igreja para servir Seu plano<\/strong>. Como diz&nbsp;<strong>Mateus 23:2-3<\/strong>:<\/p>\n\n\n\n<blockquote class=\"wp-block-quote is-layout-flow wp-block-quote-is-layout-flow\">\n<p><em>&#8220;Os escribas e fariseus se assentaram na cadeira de Mois\u00e9s. Fazei e observai tudo o que vos disserem, mas n\u00e3o imiteis as suas obras.&#8221;<\/em><\/p>\n<\/blockquote>\n\n\n\n<p><strong>Aplica\u00e7\u00e3o Espiritual:<\/strong><\/p>\n\n\n\n<ul class=\"wp-block-list\">\n<li><strong>Deus pode usar meios humanos imperfeitos<\/strong>\u00a0para o bem de Sua Igreja (como um protestante ajudando a organizar a B\u00edblia).<\/li>\n\n\n\n<li><strong>A Igreja, guiada pelo Esp\u00edrito Santo, sabe discernir<\/strong>\u00a0quais inova\u00e7\u00f5es s\u00e3o \u00fateis e quais perigosas.<\/li>\n<\/ul>\n\n\n\n<hr class=\"wp-block-separator has-alpha-channel-opacity\"\/>\n\n\n\n<h2 class=\"wp-block-heading\"><strong>3. Os Cat\u00f3licos Devem Usar B\u00edblias com a Divis\u00e3o Protestante em Cap\u00edtulos e Vers\u00edculos?<\/strong><\/h2>\n\n\n\n<p><strong>Sim, mas com duas precau\u00e7\u00f5es:<\/strong><\/p>\n\n\n\n<ol start=\"1\" class=\"wp-block-list\">\n<li><strong>Certificar-se de que \u00e9 uma edi\u00e7\u00e3o cat\u00f3lica<\/strong>\u00a0(com todos os 73 livros, n\u00e3o os 66 do c\u00e2non protestante).<\/li>\n\n\n\n<li><strong>Ler os vers\u00edculos em seu contexto<\/strong>, evitando &#8220;ilhas de vers\u00edculos&#8221; (tomar frases fora de seu significado completo).<\/li>\n<\/ol>\n\n\n\n<hr class=\"wp-block-separator has-alpha-channel-opacity\"\/>\n\n\n\n<h2 class=\"wp-block-heading\"><strong>Conclus\u00e3o: Um Sistema \u00datil, mas a Igreja \u00e9 sua Guardi\u00e3<\/strong><\/h2>\n\n\n\n<p>A divis\u00e3o em cap\u00edtulos e vers\u00edculos \u00e9&nbsp;<strong>um aux\u00edlio humano, n\u00e3o inspirado<\/strong>, mas a Igreja, em sua sabedoria, a adotou por servir aos fi\u00e9is.<\/p>\n\n\n\n<p>Isso nos ensina que:<br>\u2705&nbsp;<strong>A verdadeira unidade da B\u00edblia est\u00e1 na Tradi\u00e7\u00e3o e no Magist\u00e9rio<\/strong>, n\u00e3o na numera\u00e7\u00e3o.<br>\u2705&nbsp;<strong>Deus escreve direito por linhas tortas<\/strong>&nbsp;(como usar um protestante para ordenar Sua Palavra).<\/p>\n\n\n\n<blockquote class=\"wp-block-quote is-layout-flow wp-block-quote-is-layout-flow\">\n<p><em>&#8220;A palavra de Deus n\u00e3o est\u00e1 acorrentada&#8221;<\/em>&nbsp;(2 Tim\u00f3teo 2:9).<\/p>\n<\/blockquote>\n\n\n\n<p><strong>E voc\u00ea?<\/strong>&nbsp;J\u00e1 se perguntou de onde v\u00eam esses n\u00fameros em sua B\u00edblia?&nbsp;<strong>Compartilhe este artigo e vamos explorar juntos a riqueza da Sagrada Escritura!<\/strong><\/p>\n","protected":false},"excerpt":{"rendered":"<p>Introdu\u00e7\u00e3o: Um Legado Hist\u00f3rico A divis\u00e3o da B\u00edblia em cap\u00edtulos e vers\u00edculos \u00e9 uma ferramenta que hoje consideramos natural, mas suas origens envolvem tanto cat\u00f3licos quanto protestantes. Enquanto a&nbsp;divis\u00e3o em cap\u00edtulos foi obra de um cardeal cat\u00f3lico&nbsp;(Est\u00eav\u00e3o Langton), os&nbsp;vers\u00edculos foram numerados por um protestante&nbsp;(Robert Estienne). Como ent\u00e3o a Igreja Cat\u00f3lica recebeu esta divis\u00e3o parcialmente criada &hellip;<\/p>\n","protected":false},"author":3,"featured_media":3946,"comment_status":"open","ping_status":"open","sticky":false,"template":"","format":"standard","meta":{"_seopress_robots_primary_cat":"","_seopress_titles_title":"","_seopress_titles_desc":"","_seopress_robots_index":"","footnotes":""},"categories":[37,45],"tags":[1325],"class_list":["post-3945","post","type-post","status-publish","format-standard","has-post-thumbnail","","category-doutrina-e-fe","category-sagradas-escrituras","tag-divisao-protestante"],"_links":{"self":[{"href":"https:\/\/catholicus.eu\/pt\/wp-json\/wp\/v2\/posts\/3945","targetHints":{"allow":["GET"]}}],"collection":[{"href":"https:\/\/catholicus.eu\/pt\/wp-json\/wp\/v2\/posts"}],"about":[{"href":"https:\/\/catholicus.eu\/pt\/wp-json\/wp\/v2\/types\/post"}],"author":[{"embeddable":true,"href":"https:\/\/catholicus.eu\/pt\/wp-json\/wp\/v2\/users\/3"}],"replies":[{"embeddable":true,"href":"https:\/\/catholicus.eu\/pt\/wp-json\/wp\/v2\/comments?post=3945"}],"version-history":[{"count":1,"href":"https:\/\/catholicus.eu\/pt\/wp-json\/wp\/v2\/posts\/3945\/revisions"}],"predecessor-version":[{"id":3947,"href":"https:\/\/catholicus.eu\/pt\/wp-json\/wp\/v2\/posts\/3945\/revisions\/3947"}],"wp:featuredmedia":[{"embeddable":true,"href":"https:\/\/catholicus.eu\/pt\/wp-json\/wp\/v2\/media\/3946"}],"wp:attachment":[{"href":"https:\/\/catholicus.eu\/pt\/wp-json\/wp\/v2\/media?parent=3945"}],"wp:term":[{"taxonomy":"category","embeddable":true,"href":"https:\/\/catholicus.eu\/pt\/wp-json\/wp\/v2\/categories?post=3945"},{"taxonomy":"post_tag","embeddable":true,"href":"https:\/\/catholicus.eu\/pt\/wp-json\/wp\/v2\/tags?post=3945"}],"curies":[{"name":"wp","href":"https:\/\/api.w.org\/{rel}","templated":true}]}}