{"id":3917,"date":"2025-05-18T11:46:22","date_gmt":"2025-05-18T09:46:22","guid":{"rendered":"https:\/\/catholicus.eu\/pt\/?p=3917"},"modified":"2025-05-18T11:46:22","modified_gmt":"2025-05-18T09:46:22","slug":"a-missa-de-inauguracao-de-um-pontificado-significado-historia-e-guia-espiritual-para-uma-compreensao-profunda-e-uma-experiencia-consciente","status":"publish","type":"post","link":"https:\/\/catholicus.eu\/pt\/a-missa-de-inauguracao-de-um-pontificado-significado-historia-e-guia-espiritual-para-uma-compreensao-profunda-e-uma-experiencia-consciente\/","title":{"rendered":"A Missa de Inaugura\u00e7\u00e3o de um Pontificado: significado, hist\u00f3ria e guia espiritual para uma compreens\u00e3o profunda e uma experi\u00eancia consciente"},"content":{"rendered":"\n<h3 class=\"wp-block-heading\">Introdu\u00e7\u00e3o: um novo pastor para a Igreja<\/h3>\n\n\n\n<p>Toda vez que um Papa \u00e9 eleito, a aten\u00e7\u00e3o de toda a Igreja \u2014 e, em certo sentido, do mundo inteiro \u2014 se volta para Roma. N\u00e3o se trata apenas de um evento protocolar ou uma cerim\u00f4nia formal: \u00e9 uma renova\u00e7\u00e3o do mandato pastoral de Cristo atrav\u00e9s de seu vig\u00e1rio na terra. A <em>Missa de inaugura\u00e7\u00e3o de um Pontificado<\/em> n\u00e3o \u00e9 apenas uma liturgia solene; \u00e9 um sinal vis\u00edvel da continuidade apost\u00f3lica, da miss\u00e3o que Cristo confiou a Pedro e, nele, a seus sucessores.<\/p>\n\n\n\n<p>Mas o que realmente significa essa Missa? Por que \u00e9 t\u00e3o importante? O que ela nos ensina sobre a Igreja, o papel do Papa e nossa vida cat\u00f3lica hoje? Este artigo deseja abrir o tesouro espiritual e teol\u00f3gico dessa celebra\u00e7\u00e3o, aprofundando sua hist\u00f3ria, s\u00edmbolos, rito e seu ensinamento pastoral.<\/p>\n\n\n\n<hr class=\"wp-block-separator has-alpha-channel-opacity\"\/>\n\n\n\n<h2 class=\"wp-block-heading\">1. Ra\u00edzes hist\u00f3ricas e evolu\u00e7\u00e3o da cerim\u00f4nia<\/h2>\n\n\n\n<h3 class=\"wp-block-heading\">Da coroa\u00e7\u00e3o papal \u00e0 Missa de inaugura\u00e7\u00e3o<\/h3>\n\n\n\n<p>Durante s\u00e9culos, a entroniza\u00e7\u00e3o de um Papa inclu\u00eda a <strong>coroa\u00e7\u00e3o com a tiara papal<\/strong>, s\u00edmbolo do triplo poder do Papa: pai dos reis, soberano do mundo e vig\u00e1rio de Cristo. Essa coroa\u00e7\u00e3o era um evento majestoso, carregado de pompa, que simbolizava a dignidade espiritual e temporal do pont\u00edfice romano.<\/p>\n\n\n\n<p>Em 1978, por\u00e9m, o Papa Jo\u00e3o Paulo I decidiu <strong>n\u00e3o usar a tiara<\/strong>, marcando uma mudan\u00e7a profunda na compreens\u00e3o do minist\u00e9rio papal: n\u00e3o mais poder, mas servi\u00e7o. Essa vis\u00e3o foi continuada por Jo\u00e3o Paulo II, Bento XVI e Francisco. Desde ent\u00e3o, celebra-se uma <strong>Missa de inaugura\u00e7\u00e3o do Pontificado<\/strong> com um foco mais espiritual, lit\u00fargico e pastoral.<\/p>\n\n\n\n<hr class=\"wp-block-separator has-alpha-channel-opacity\"\/>\n\n\n\n<h2 class=\"wp-block-heading\">2. Fundamento teol\u00f3gico: Pedro, pedra da Igreja<\/h2>\n\n\n\n<p>A Missa de inaugura\u00e7\u00e3o baseia-se na promessa de Cristo no Evangelho:<\/p>\n\n\n\n<blockquote class=\"wp-block-quote is-layout-flow wp-block-quote-is-layout-flow\">\n<p>\u00abTu \u00e9s Pedro, e sobre esta pedra edificarei a minha Igreja; e as portas do inferno n\u00e3o prevalecer\u00e3o contra ela\u00bb (Mt 16,18).<\/p>\n<\/blockquote>\n\n\n\n<p>Essa promessa vive em cada sucessor de Pedro. A liturgia n\u00e3o faz o Papa \u2014 isso j\u00e1 acontece com a aceita\u00e7\u00e3o da elei\u00e7\u00e3o no conclave \u2014 mas <strong>manifesta publicamente seu of\u00edcio<\/strong>, apresentando-o \u00e0 Igreja universal e entregando-lhe os sinais de sua miss\u00e3o pastoral.<\/p>\n\n\n\n<hr class=\"wp-block-separator has-alpha-channel-opacity\"\/>\n\n\n\n<h2 class=\"wp-block-heading\">3. Os s\u00edmbolos lit\u00fargicos da Missa de inaugura\u00e7\u00e3o<\/h2>\n\n\n\n<p>A liturgia \u00e9 rica em s\u00edmbolos que expressam o minist\u00e9rio do Papa como sucessor de Pedro, pastor universal e servo dos servos de Deus. Os principais s\u00e3o:<\/p>\n\n\n\n<h3 class=\"wp-block-heading\">A. O <strong>anel do pescador<\/strong><\/h3>\n\n\n\n<p>Este anel, com a imagem de S\u00e3o Pedro lan\u00e7ando as redes, simboliza a miss\u00e3o do Papa como \u201cpescador de homens\u201d. O anel \u00e9 <strong>\u00fanico para cada pontificado<\/strong> e \u00e9 destru\u00eddo na morte do Papa, marcando o fim de seu minist\u00e9rio.<br>\ud83d\udc49 <strong>Significado espiritual para o fiel<\/strong>: a lembran\u00e7a de que tamb\u00e9m somos chamados a lan\u00e7ar as redes do Evangelho em nossa fam\u00edlia, no trabalho e na sociedade.<\/p>\n\n\n\n<h3 class=\"wp-block-heading\">B. O <strong>p\u00e1lio papal<\/strong><\/h3>\n\n\n\n<p>O p\u00e1lio \u00e9 uma faixa de l\u00e3 branca com seis cruzes negras, que o Papa usa sobre os ombros, como fazem os patriarcas e arcebispos metropolitanos. Significa que o Papa \u00e9 o <strong>bom pastor<\/strong> que carrega a ovelha perdida sobre os ombros, assim como Cristo.<\/p>\n\n\n\n<p>\ud83d\udc49 <strong>Para nossa vida<\/strong>: nos convida a carregar os fardos dos outros, a exercer a caridade para com os fracos, os pobres e os exclu\u00eddos.<\/p>\n\n\n\n<h3 class=\"wp-block-heading\">C. A <strong>tumba de S\u00e3o Pedro<\/strong><\/h3>\n\n\n\n<p>Antes da Missa, o novo Papa visita a gruta do ap\u00f3stolo Pedro sob o altar maior da Bas\u00edlica de S\u00e3o Pedro. \u00c9 um gesto profundamente simb\u00f3lico: <strong>o novo Papa inicia seu minist\u00e9rio em comunh\u00e3o com o primeiro testemunho da f\u00e9<\/strong>, que derramou seu sangue em Roma.<\/p>\n\n\n\n<p>\ud83d\udc49 <strong>Aplica\u00e7\u00e3o pr\u00e1tica<\/strong>: o fundamento da nossa vida espiritual deve ser a fidelidade apost\u00f3lica e a comunh\u00e3o com a Igreja.<\/p>\n\n\n\n<h3 class=\"wp-block-heading\">D. O <strong>Evangelho em v\u00e1rias l\u00ednguas<\/strong><\/h3>\n\n\n\n<p>Durante a liturgia, o Evangelho \u00e9 proclamado em v\u00e1rias l\u00ednguas, para representar a <strong>universalidade da Igreja<\/strong> que une todos os povos sob um \u00fanico Senhor.<\/p>\n\n\n\n<p>\ud83d\udc49 <strong>Para n\u00f3s<\/strong>: o Evangelho deve ser vivido em todos os \u00e2mbitos da nossa vida, sem exclus\u00f5es. Fala em nossa l\u00edngua mais \u00edntima.<\/p>\n\n\n\n<hr class=\"wp-block-separator has-alpha-channel-opacity\"\/>\n\n\n\n<h2 class=\"wp-block-heading\">4. Desenvolvimento lit\u00fargico e momentos-chave<\/h2>\n\n\n\n<p>A Missa de inaugura\u00e7\u00e3o segue a estrutura do rito romano, com algumas particularidades que a distinguem.<\/p>\n\n\n\n<h3 class=\"wp-block-heading\">1. Prociss\u00e3o de entrada<\/h3>\n\n\n\n<p>Uma prociss\u00e3o solene com cardeais, bispos, di\u00e1conos, religiosos e leigos. Representa o <strong>povo de Deus em caminho<\/strong>, que reconhece seu novo pastor em nome de Cristo.<\/p>\n\n\n\n<h3 class=\"wp-block-heading\">2. Imposi\u00e7\u00e3o do p\u00e1lio e entrega do anel<\/h3>\n\n\n\n<p>Esses sinais s\u00e3o entregues ao Papa pelo decano do col\u00e9gio cardinal\u00edcio. Eles indicam que <strong>o Papa assume seu minist\u00e9rio n\u00e3o como soberano, mas como servo do povo de Deus<\/strong>.<\/p>\n\n\n\n<blockquote class=\"wp-block-quote is-layout-flow wp-block-quote-is-layout-flow\">\n<p>\u00abQuem quiser ser o primeiro entre v\u00f3s ser\u00e1 servo de todos\u00bb (Mc 10,44).<\/p>\n<\/blockquote>\n\n\n\n<h3 class=\"wp-block-heading\">3. Profiss\u00e3o de fidelidade<\/h3>\n\n\n\n<p>Antigamente, todos os cardeais faziam a profiss\u00e3o de fidelidade ao novo Papa. Hoje, uma representa\u00e7\u00e3o dos fi\u00e9is \u2013 bispos, sacerdotes, religiosos, leigos, homens e mulheres \u2013 se aproxima e a pronuncia, sinal de que <strong>a fidelidade ao Papa \u00e9 uma comunh\u00e3o de amor e f\u00e9 com toda a Igreja<\/strong>.<\/p>\n\n\n\n<hr class=\"wp-block-separator has-alpha-channel-opacity\"\/>\n\n\n\n<h2 class=\"wp-block-heading\">5. Significado pastoral e espiritual para o fiel de hoje<\/h2>\n\n\n\n<p>A Missa de inaugura\u00e7\u00e3o n\u00e3o \u00e9 um espet\u00e1culo ou uma cerim\u00f4nia distante. Ela traz uma mensagem profunda e vital para todo cat\u00f3lico:<\/p>\n\n\n\n<h3 class=\"wp-block-heading\">A. <strong>Lembran\u00e7a de que n\u00e3o estamos sozinhos<\/strong><\/h3>\n\n\n\n<p>A figura do Papa \u00e9 <strong>sinal de unidade<\/strong> e fidelidade ao Evangelho. Em tempos de confus\u00e3o, relativismo e divis\u00f5es internas, o Papa \u00e9 um fundamento s\u00f3lido, mestre da f\u00e9 e guia seguro.<\/p>\n\n\n\n<blockquote class=\"wp-block-quote is-layout-flow wp-block-quote-is-layout-flow\">\n<p>\u00abFortalece teus irm\u00e3os\u00bb (Lc 22,32). Essa \u00e9 a tarefa que Cristo confiou a Pedro e que seu sucessor continua.<\/p>\n<\/blockquote>\n\n\n\n<h3 class=\"wp-block-heading\">B. <strong>Exemplo de humildade e servi\u00e7o<\/strong><\/h3>\n\n\n\n<p>A atitude com que o Papa inicia seu pontificado \u00e9 uma catequese viva sobre o modelo de Cristo: Ele n\u00e3o veio para ser servido, mas para servir. Cada crist\u00e3o \u00e9 chamado a viver essa atitude no dia a dia.<\/p>\n\n\n\n<p>\ud83d\udc49 Como posso ser servo na minha fam\u00edlia, no trabalho, na par\u00f3quia?<\/p>\n\n\n\n<h3 class=\"wp-block-heading\">C. <strong>Renova\u00e7\u00e3o da nossa ades\u00e3o \u00e0 Igreja<\/strong><\/h3>\n\n\n\n<p>Cada Missa de inaugura\u00e7\u00e3o convida a renovar nosso compromisso com a Igreja: rezar pelo Papa, formar-se na doutrina, viver a comunh\u00e3o e testemunhar o Evangelho.<\/p>\n\n\n\n<p>\ud83d\udc49 Um bom exame de consci\u00eancia: amo verdadeiramente a Igreja? Defendo sua unidade? Informo-me com fidelidade e esp\u00edrito cr\u00edtico cat\u00f3lico?<\/p>\n\n\n\n<hr class=\"wp-block-separator has-alpha-channel-opacity\"\/>\n\n\n\n<h2 class=\"wp-block-heading\">6. Guia pr\u00e1tica: como viver espiritualmente uma Missa de inaugura\u00e7\u00e3o<\/h2>\n\n\n\n<p>Embora esse evento seja raro, pode-se viv\u00ea-lo muito intensamente no plano espiritual seguindo estas sugest\u00f5es:<\/p>\n\n\n\n<h3 class=\"wp-block-heading\">\u2705 1. <strong>Participar com esp\u00edrito de ora\u00e7\u00e3o<\/strong><\/h3>\n\n\n\n<p>N\u00e3o como mero espectador, mas como parte do corpo. Cada palavra e sinal traz uma mensagem para a sua vida.<\/p>\n\n\n\n<h3 class=\"wp-block-heading\">\u2705 2. <strong>Ler antecipadamente as leituras b\u00edblicas<\/strong><\/h3>\n\n\n\n<p>Prepare o cora\u00e7\u00e3o com a Palavra de Deus. Reflita como isso ilumina o minist\u00e9rio do novo Papa&#8230; e sua miss\u00e3o batismal.<\/p>\n\n\n\n<h3 class=\"wp-block-heading\">\u2705 3. <strong>Oferecer um sacrif\u00edcio pelo novo Papa<\/strong><\/h3>\n\n\n\n<p>Jejum, esmola, ora\u00e7\u00e3o&#8230; fa\u00e7a deste dia um ato de amor pelo novo pont\u00edfice.<\/p>\n\n\n\n<h3 class=\"wp-block-heading\">\u2705 4. <strong>Compartilhar a mensagem na comunidade<\/strong><\/h3>\n\n\n\n<p>Converse com seus filhos, amigos e na par\u00f3quia sobre o novo Papa. Compartilhe sua primeira mensagem, reflita sobre suas palavras, descubra os desafios que prop\u00f5e.<\/p>\n\n\n\n<h3 class=\"wp-block-heading\">\u2705 5. <strong>Renovar o sentido de pertencimento \u00e0 Igreja<\/strong><\/h3>\n\n\n\n<p>Professe o Credo, confie na prote\u00e7\u00e3o da Virgem Maria e agrade\u00e7a a Deus por nos ter dado um pastor que nos guia na f\u00e9.<\/p>\n\n\n\n<hr class=\"wp-block-separator has-alpha-channel-opacity\"\/>\n\n\n\n<h2 class=\"wp-block-heading\">Conclus\u00e3o: um novo cap\u00edtulo na hist\u00f3ria da salva\u00e7\u00e3o<\/h2>\n\n\n\n<p>A Missa de inaugura\u00e7\u00e3o de um Pontificado n\u00e3o \u00e9 apenas um rito de passagem. \u00c9 <strong>uma p\u00e1gina viva do Evangelho que continua a ser escrita hoje<\/strong>. Nos convida a crescer na f\u00e9, a fortalecer a comunh\u00e3o com a Igreja e a renovar nosso compromisso por Cristo.<\/p>\n\n\n\n<p>Cada Papa \u00e9 um dom. Cada novo pontificado \u00e9 uma gra\u00e7a. Vivamos isso com gratid\u00e3o, esperan\u00e7a e firmeza. E sobretudo com a certeza de que <strong>Cristo guia sua Igreja atrav\u00e9s dos s\u00e9culos, at\u00e9 seu retorno glorioso<\/strong>.<\/p>\n\n\n\n<blockquote class=\"wp-block-quote is-layout-flow wp-block-quote-is-layout-flow\">\n<p><em>\u00abEis que estou convosco todos os dias, at\u00e9 o fim do mundo\u00bb<\/em> (Mt 28,20).<\/p>\n<\/blockquote>\n\n\n\n<p><\/p>\n","protected":false},"excerpt":{"rendered":"<p>Introdu\u00e7\u00e3o: um novo pastor para a Igreja Toda vez que um Papa \u00e9 eleito, a aten\u00e7\u00e3o de toda a Igreja \u2014 e, em certo sentido, do mundo inteiro \u2014 se volta para Roma. N\u00e3o se trata apenas de um evento protocolar ou uma cerim\u00f4nia formal: \u00e9 uma renova\u00e7\u00e3o do mandato pastoral de Cristo atrav\u00e9s de &hellip;<\/p>\n","protected":false},"author":3,"featured_media":3918,"comment_status":"open","ping_status":"open","sticky":false,"template":"","format":"standard","meta":{"_seopress_robots_primary_cat":"","_seopress_titles_title":"","_seopress_titles_desc":"","_seopress_robots_index":"","footnotes":""},"categories":[38,52],"tags":[1315,1314],"class_list":["post-3917","post","type-post","status-publish","format-standard","has-post-thumbnail","","category-historia-e-tradicao","category-liturgia-e-ano-liturgico","tag-coroacao-papal","tag-missa-de-inauguracao-de-um-pontificado"],"_links":{"self":[{"href":"https:\/\/catholicus.eu\/pt\/wp-json\/wp\/v2\/posts\/3917","targetHints":{"allow":["GET"]}}],"collection":[{"href":"https:\/\/catholicus.eu\/pt\/wp-json\/wp\/v2\/posts"}],"about":[{"href":"https:\/\/catholicus.eu\/pt\/wp-json\/wp\/v2\/types\/post"}],"author":[{"embeddable":true,"href":"https:\/\/catholicus.eu\/pt\/wp-json\/wp\/v2\/users\/3"}],"replies":[{"embeddable":true,"href":"https:\/\/catholicus.eu\/pt\/wp-json\/wp\/v2\/comments?post=3917"}],"version-history":[{"count":1,"href":"https:\/\/catholicus.eu\/pt\/wp-json\/wp\/v2\/posts\/3917\/revisions"}],"predecessor-version":[{"id":3919,"href":"https:\/\/catholicus.eu\/pt\/wp-json\/wp\/v2\/posts\/3917\/revisions\/3919"}],"wp:featuredmedia":[{"embeddable":true,"href":"https:\/\/catholicus.eu\/pt\/wp-json\/wp\/v2\/media\/3918"}],"wp:attachment":[{"href":"https:\/\/catholicus.eu\/pt\/wp-json\/wp\/v2\/media?parent=3917"}],"wp:term":[{"taxonomy":"category","embeddable":true,"href":"https:\/\/catholicus.eu\/pt\/wp-json\/wp\/v2\/categories?post=3917"},{"taxonomy":"post_tag","embeddable":true,"href":"https:\/\/catholicus.eu\/pt\/wp-json\/wp\/v2\/tags?post=3917"}],"curies":[{"name":"wp","href":"https:\/\/api.w.org\/{rel}","templated":true}]}}