{"id":3887,"date":"2025-05-16T12:04:12","date_gmt":"2025-05-16T10:04:12","guid":{"rendered":"https:\/\/catholicus.eu\/pt\/?p=3887"},"modified":"2025-05-16T12:04:12","modified_gmt":"2025-05-16T10:04:12","slug":"sao-gregorio-magno-e-os-dialogos-milagres-e-santidade-em-tempos-turbulentos","status":"publish","type":"post","link":"https:\/\/catholicus.eu\/pt\/sao-gregorio-magno-e-os-dialogos-milagres-e-santidade-em-tempos-turbulentos\/","title":{"rendered":"S\u00e3o Greg\u00f3rio Magno e os Di\u00e1logos: milagres e santidade em tempos turbulentos"},"content":{"rendered":"\n<p><em>\u201cO justo florescer\u00e1 como a palmeira, crescer\u00e1 como o cedro do L\u00edbano. Plantados na casa do Senhor, florescer\u00e3o nos \u00e1trios do nosso Deus.\u201d<\/em> (Salmo 92, 13\u201314)<\/p>\n\n\n\n<hr class=\"wp-block-separator has-alpha-channel-opacity\"\/>\n\n\n\n<h3 class=\"wp-block-heading\">Introdu\u00e7\u00e3o: Um farol na tempestade<\/h3>\n\n\n\n<p>A hist\u00f3ria da Igreja \u00e9 tecida com luzes que brilham nas trevas, com santos que se erguem quando o horizonte se obscurece. Um desses gigantes espirituais, cuja voz ainda ressoa hoje, \u00e9 <strong>S\u00e3o Greg\u00f3rio Magno<\/strong> (c. 540\u2013604): papa, doutor da Igreja, te\u00f3logo, pastor e autor de uma obra de extraordin\u00e1ria riqueza espiritual \u2013 os <em>Di\u00e1logos<\/em>.<\/p>\n\n\n\n<p>Numa \u00e9poca de decad\u00eancia do Imp\u00e9rio Romano, entre invas\u00f5es b\u00e1rbaras, pestes e desordem pol\u00edtica, Greg\u00f3rio n\u00e3o escolheu nem a lamenta\u00e7\u00e3o nem a fuga. Foi um homem de a\u00e7\u00e3o e de ora\u00e7\u00e3o, capaz de unir a sabedoria contemplativa \u00e0 energia incans\u00e1vel do pastor. Sua obra, os <em>Di\u00e1logos<\/em>, escrita por volta de 593\u2013594, \u00e9 um verdadeiro tesouro de espiritualidade, um espelho de santidade vivida e uma cr\u00f4nica de milagres \u2013 n\u00e3o para espantar, mas para <strong>despertar a f\u00e9 adormecida<\/strong> e fortalecer as almas cansadas.<\/p>\n\n\n\n<p>Este artigo convida voc\u00ea a entrar nesta obra imortal \u2013 n\u00e3o apenas como uma cole\u00e7\u00e3o fascinante de milagres e vidas, mas tamb\u00e9m como <strong>guia teol\u00f3gica e pastoral de grande atualidade<\/strong>. Porque, embora os tempos tenham mudado, o desejo de eternidade, a luta contra o pecado e a busca por Deus permanecem sempre os mesmos.<\/p>\n\n\n\n<hr class=\"wp-block-separator has-alpha-channel-opacity\"\/>\n\n\n\n<h2 class=\"wp-block-heading\">I. Quem foi S\u00e3o Greg\u00f3rio Magno?<\/h2>\n\n\n\n<h3 class=\"wp-block-heading\">1. Um nobre que se tornou monge<\/h3>\n\n\n\n<p>Greg\u00f3rio nasceu numa fam\u00edlia nobre romana. Herdou riquezas e responsabilidades. Alcan\u00e7ou altos cargos civis, mas sua alma buscava algo mais: <strong>a eternidade<\/strong>. Vendeu seus bens, fundou mosteiros e tornou-se monge. Sua cela foi seu primeiro p\u00falpito.<\/p>\n\n\n\n<h3 class=\"wp-block-heading\">2. Um papa contra sua vontade, um pastor de todo o cora\u00e7\u00e3o<\/h3>\n\n\n\n<p>Em 590, foi eleito papa \u2013 quase contra sua vontade. Em meio \u00e0s turbul\u00eancias sociais e pol\u00edticas, foi um reformador discreto, mas firme, sempre com <strong>a salva\u00e7\u00e3o das almas<\/strong> no centro do seu cora\u00e7\u00e3o. Reformou a liturgia, organizou a caridade eclesial e lan\u00e7ou as bases de um novo modelo de autoridade papal: <strong>servi\u00e7o em vez de dom\u00ednio<\/strong>.<\/p>\n\n\n\n<hr class=\"wp-block-separator has-alpha-channel-opacity\"\/>\n\n\n\n<h2 class=\"wp-block-heading\">II. Os <em>Di\u00e1logos<\/em>: a for\u00e7a da santidade narrada<\/h2>\n\n\n\n<h3 class=\"wp-block-heading\">1. O que s\u00e3o os <em>Di\u00e1logos<\/em>?<\/h3>\n\n\n\n<p>S\u00e3o quatro livros escritos em forma de di\u00e1logo, em que Greg\u00f3rio conversa com seu amigo, o di\u00e1cono Pedro. O mais famoso \u00e9 o segundo livro, inteiramente dedicado \u00e0 vida de <strong>S\u00e3o Bento de N\u00farsia<\/strong>, pai do monaquismo ocidental. O objetivo n\u00e3o \u00e9 a precis\u00e3o hist\u00f3rica moderna, mas sim <strong>a edifica\u00e7\u00e3o espiritual e a teologia vivida<\/strong>.<\/p>\n\n\n\n<p>Greg\u00f3rio quer demonstrar que os milagres, as virtudes heroicas e as vidas transformadas <strong>n\u00e3o s\u00e3o um fen\u00f4meno do passado<\/strong>, mas uma realidade presente \u2013 mesmo numa It\u00e1lia devastada e em ru\u00ednas.<\/p>\n\n\n\n<h3 class=\"wp-block-heading\">2. Por que contar milagres?<\/h3>\n\n\n\n<p>Greg\u00f3rio escreve: <em>\u201cN\u00e3o se contam inutilmente os milagres dos santos, pois inflamam nossos cora\u00e7\u00f5es e nos arrancam da tibieza espiritual\u201d<\/em> (<em>Di\u00e1logos<\/em>, Pr\u00f3logo).<\/p>\n\n\n\n<p>Os milagres n\u00e3o s\u00e3o anedotas m\u00e1gicas. S\u00e3o <strong>sinais do Reino de Deus<\/strong>, manifesta\u00e7\u00f5es da presen\u00e7a divina que age constantemente \u2013 <strong>se tivermos olhos para ver<\/strong> e um cora\u00e7\u00e3o que cr\u00ea.<\/p>\n\n\n\n<hr class=\"wp-block-separator has-alpha-channel-opacity\"\/>\n\n\n\n<h2 class=\"wp-block-heading\">III. Milagres que educam a alma<\/h2>\n\n\n\n<p>Nos <em>Di\u00e1logos<\/em> encontram-se numerosos relatos de curas, exorcismos, ressurrei\u00e7\u00f5es, vis\u00f5es celestes e, sobretudo, <strong>atos heroicos de caridade e profunda humildade<\/strong>.<\/p>\n\n\n\n<p>Alguns exemplos:<\/p>\n\n\n\n<ul class=\"wp-block-list\">\n<li><strong>S\u00e3o Bento<\/strong> chama \u00e0 convers\u00e3o um monge rebelde e o devolve \u00e0 vida como sinal da miseric\u00f3rdia.<\/li>\n\n\n\n<li><strong>Um sacerdote humilde<\/strong>, desprezado por todos, \u00e9 reconhecido como santo ap\u00f3s a morte: ajudava secretamente os pobres e rezava incessantemente.<\/li>\n\n\n\n<li><strong>Uma mulher leiga<\/strong>, num mundo ca\u00f3tico, alcan\u00e7a um alto grau de perfei\u00e7\u00e3o por meio da penit\u00eancia e das esmolas.<\/li>\n<\/ul>\n\n\n\n<p>Cada hist\u00f3ria nos convida a <strong>nunca subestimar a gra\u00e7a<\/strong>. Deus pode agir em qualquer situa\u00e7\u00e3o, em qualquer estado de vida \u2013 especialmente <strong>nos tempos mais dif\u00edceis<\/strong>.<\/p>\n\n\n\n<hr class=\"wp-block-separator has-alpha-channel-opacity\"\/>\n\n\n\n<h2 class=\"wp-block-heading\">IV. Atualidade teol\u00f3gica e pastoral<\/h2>\n\n\n\n<h3 class=\"wp-block-heading\">1. Onde est\u00e3o hoje os santos?<\/h3>\n\n\n\n<p>Uma pergunta leg\u00edtima. Num mundo dominado pela superficialidade, pela indiferen\u00e7a religiosa e pelo desespero, a obra de Greg\u00f3rio responde com for\u00e7a: <strong>os santos est\u00e3o entre n\u00f3s<\/strong>, escondidos, mas reais.<\/p>\n\n\n\n<p>Lembra-nos que <strong>a santidade n\u00e3o \u00e9 uma exce\u00e7\u00e3o<\/strong>, mas <strong>a voca\u00e7\u00e3o de todo batizado<\/strong> (cf. Ef\u00e9sios 1,4).<\/p>\n\n\n\n<h3 class=\"wp-block-heading\">2. A a\u00e7\u00e3o de Deus na vida cotidiana<\/h3>\n\n\n\n<p>Um dos dramas mais graves da modernidade \u00e9 <strong>reduzir o sobrenatural a mera met\u00e1fora<\/strong>. Greg\u00f3rio nos convida a redescobrir que <strong>Deus age na realidade concreta<\/strong> \u2013 na doen\u00e7a, no luto, nas decis\u00f5es dif\u00edceis. N\u00e3o s\u00e3o necess\u00e1rios milagres espetaculares, mas <strong>olhos abertos para reconhecer os sinais da gra\u00e7a<\/strong>.<\/p>\n\n\n\n<h3 class=\"wp-block-heading\">3. O combate espiritual \u00e9 real<\/h3>\n\n\n\n<p>Muitos relatos nos <em>Di\u00e1logos<\/em> falam da luta contra o diabo, as tenta\u00e7\u00f5es, o orgulho ou o des\u00e2nimo. Mais do que nunca, devemos redescobrir que a vida crist\u00e3 \u00e9 <strong>um combate interior e exterior<\/strong> \u2013 e que a vit\u00f3ria se alcan\u00e7a com ora\u00e7\u00e3o, jejum, sacramentos e perseveran\u00e7a.<\/p>\n\n\n\n<hr class=\"wp-block-separator has-alpha-channel-opacity\"\/>\n\n\n\n<h2 class=\"wp-block-heading\">V. Guia pr\u00e1tica teol\u00f3gica e pastoral: viver hoje a santidade dos <em>Di\u00e1logos<\/em><\/h2>\n\n\n\n<h3 class=\"wp-block-heading\">1. <strong>Redescubra a f\u00e9 no sobrenatural<\/strong><\/h3>\n\n\n\n<ul class=\"wp-block-list\">\n<li>Acredite que <strong>Deus ainda age hoje<\/strong> \u2013 na sua vida, na sua fam\u00edlia, na sua par\u00f3quia.<\/li>\n\n\n\n<li>Leia vidas de santos como as contadas por Greg\u00f3rio e <strong>deixe-se inspirar<\/strong>.<\/li>\n<\/ul>\n\n\n\n<blockquote class=\"wp-block-quote is-layout-flow wp-block-quote-is-layout-flow\">\n<p><em>\u201cJesus Cristo \u00e9 o mesmo ontem, hoje e para sempre\u201d<\/em> (Hebreus 13,8)<\/p>\n<\/blockquote>\n\n\n\n<h3 class=\"wp-block-heading\">2. <strong>Fa\u00e7a da sua vida um sinal do Reino<\/strong><\/h3>\n\n\n\n<ul class=\"wp-block-list\">\n<li><strong>Ofere\u00e7a seu trabalho cotidiano com amor<\/strong> e esp\u00edrito de sacrif\u00edcio.<\/li>\n\n\n\n<li>Pratique a caridade concreta: ajude os pobres, visite os doentes, ou\u00e7a quem est\u00e1 sozinho.<\/li>\n\n\n\n<li>Nunca subestime <strong>a ora\u00e7\u00e3o silenciosa<\/strong>: ela transforma a realidade.<\/li>\n<\/ul>\n\n\n\n<h3 class=\"wp-block-heading\">3. <strong>Viva a liturgia com rever\u00eancia<\/strong><\/h3>\n\n\n\n<p>Greg\u00f3rio reformou a liturgia e ensinou que ela n\u00e3o \u00e9 um espet\u00e1culo, mas um ato sagrado. <strong>Participe com devo\u00e7\u00e3o<\/strong>, receba a Eucaristia com a alma pura, frequente a Missa sabendo que \u00e9 <strong>o milagre cont\u00ednuo da presen\u00e7a real de Cristo<\/strong>.<\/p>\n\n\n\n<h3 class=\"wp-block-heading\">4. <strong>Discirna os milagres com f\u00e9 madura<\/strong><\/h3>\n\n\n\n<p>N\u00e3o procure sinais por curiosidade. Se Deus concede gra\u00e7as extraordin\u00e1rias, \u00e9 para sua santifica\u00e7\u00e3o. Mas <strong>o verdadeiro milagre \u00e9 permanecer todos os dias na gra\u00e7a<\/strong>.<\/p>\n\n\n\n<h3 class=\"wp-block-heading\">5. <strong>Cultive a humildade e a obedi\u00eancia<\/strong><\/h3>\n\n\n\n<p>Greg\u00f3rio destaca em muitos santos a virtude da <strong>obedi\u00eancia a Deus e \u00e0 Igreja<\/strong>, mesmo quando custa. A humildade \u00e9 o solo onde florescem os milagres.<\/p>\n\n\n\n<h3 class=\"wp-block-heading\">6. <strong>Prepare-se para a morte, viva para a eternidade<\/strong><\/h3>\n\n\n\n<p>Um tema recorrente nos <em>Di\u00e1logos<\/em> \u00e9 <strong>a vis\u00e3o crist\u00e3 da morte como passagem para a gl\u00f3ria<\/strong>. N\u00e3o viva como se esta vida fosse tudo. <strong>Ser santo \u00e9 viver com os olhos voltados para o C\u00e9u<\/strong>.<\/p>\n\n\n\n<hr class=\"wp-block-separator has-alpha-channel-opacity\"\/>\n\n\n\n<h2 class=\"wp-block-heading\">VI. Conclus\u00e3o: e se o pr\u00f3ximo cap\u00edtulo fosse voc\u00ea?<\/h2>\n\n\n\n<p>No meio dos desafios de hoje \u2013 crise moral, indiferen\u00e7a religiosa, persegui\u00e7\u00e3o silenciosa \u2013 a vida e a obra de S\u00e3o Greg\u00f3rio Magno nos lembram uma verdade esquecida: <strong>a santidade \u00e9 poss\u00edvel<\/strong>, especialmente nos tempos dif\u00edceis. Ali\u00e1s, Deus chama <strong>com mais insist\u00eancia justamente nesses tempos<\/strong>.<\/p>\n\n\n\n<p>Os <em>Di\u00e1logos<\/em> n\u00e3o s\u00e3o apenas uma cole\u00e7\u00e3o de hist\u00f3rias edificantes. S\u00e3o <strong>um espelho onde voc\u00ea pode se reencontrar<\/strong>, um mapa para a vida eterna, um testemunho de que <strong>Deus nunca abandona seu povo<\/strong>.<\/p>\n\n\n\n<p>Talvez voc\u00ea tamb\u00e9m, sem saber, esteja hoje escrevendo seu pr\u00f3prio \u201cdi\u00e1logo\u201d com Deus. Que seja um di\u00e1logo de f\u00e9 viva, caridade concreta e esperan\u00e7a luminosa. Como Greg\u00f3rio, como Bento, como tantos santos escondidos antes de voc\u00ea, <strong>tamb\u00e9m voc\u00ea pode viver uma vida milagrosa e oculta que transforma o mundo.<\/strong><\/p>\n\n\n\n<hr class=\"wp-block-separator has-alpha-channel-opacity\"\/>\n\n\n\n<p><em>\u201cImitai os que pela f\u00e9 e pela perseveran\u00e7a se tornam herdeiros das promessas.\u201d<\/em> (Hebreus 6,12)<\/p>\n\n\n\n<p>E voc\u00ea? Est\u00e1 pronto para permitir que Deus continue Sua hist\u00f3ria de salva\u00e7\u00e3o na sua vida?<\/p>\n","protected":false},"excerpt":{"rendered":"<p>\u201cO justo florescer\u00e1 como a palmeira, crescer\u00e1 como o cedro do L\u00edbano. Plantados na casa do Senhor, florescer\u00e3o nos \u00e1trios do nosso Deus.\u201d (Salmo 92, 13\u201314) Introdu\u00e7\u00e3o: Um farol na tempestade A hist\u00f3ria da Igreja \u00e9 tecida com luzes que brilham nas trevas, com santos que se erguem quando o horizonte se obscurece. Um desses &hellip;<\/p>\n","protected":false},"author":3,"featured_media":3888,"comment_status":"open","ping_status":"open","sticky":false,"template":"","format":"standard","meta":{"_seopress_robots_primary_cat":"","_seopress_titles_title":"","_seopress_titles_desc":"","_seopress_robots_index":"","footnotes":""},"categories":[38,49],"tags":[1299,1298],"class_list":["post-3887","post","type-post","status-publish","format-standard","has-post-thumbnail","","category-historia-e-tradicao","category-padres-e-doutores-da-igreja","tag-os-dialogos","tag-sao-gregorio-magno"],"_links":{"self":[{"href":"https:\/\/catholicus.eu\/pt\/wp-json\/wp\/v2\/posts\/3887","targetHints":{"allow":["GET"]}}],"collection":[{"href":"https:\/\/catholicus.eu\/pt\/wp-json\/wp\/v2\/posts"}],"about":[{"href":"https:\/\/catholicus.eu\/pt\/wp-json\/wp\/v2\/types\/post"}],"author":[{"embeddable":true,"href":"https:\/\/catholicus.eu\/pt\/wp-json\/wp\/v2\/users\/3"}],"replies":[{"embeddable":true,"href":"https:\/\/catholicus.eu\/pt\/wp-json\/wp\/v2\/comments?post=3887"}],"version-history":[{"count":1,"href":"https:\/\/catholicus.eu\/pt\/wp-json\/wp\/v2\/posts\/3887\/revisions"}],"predecessor-version":[{"id":3889,"href":"https:\/\/catholicus.eu\/pt\/wp-json\/wp\/v2\/posts\/3887\/revisions\/3889"}],"wp:featuredmedia":[{"embeddable":true,"href":"https:\/\/catholicus.eu\/pt\/wp-json\/wp\/v2\/media\/3888"}],"wp:attachment":[{"href":"https:\/\/catholicus.eu\/pt\/wp-json\/wp\/v2\/media?parent=3887"}],"wp:term":[{"taxonomy":"category","embeddable":true,"href":"https:\/\/catholicus.eu\/pt\/wp-json\/wp\/v2\/categories?post=3887"},{"taxonomy":"post_tag","embeddable":true,"href":"https:\/\/catholicus.eu\/pt\/wp-json\/wp\/v2\/tags?post=3887"}],"curies":[{"name":"wp","href":"https:\/\/api.w.org\/{rel}","templated":true}]}}