{"id":3847,"date":"2025-05-14T11:31:01","date_gmt":"2025-05-14T09:31:01","guid":{"rendered":"https:\/\/catholicus.eu\/pt\/?p=3847"},"modified":"2025-05-14T11:31:02","modified_gmt":"2025-05-14T09:31:02","slug":"perguntas-sem-resposta-no-mundo-protestante","status":"publish","type":"post","link":"https:\/\/catholicus.eu\/pt\/perguntas-sem-resposta-no-mundo-protestante\/","title":{"rendered":"PERGUNTAS SEM RESPOSTA NO MUNDO PROTESTANTE"},"content":{"rendered":"\n<p><em>Um olhar cat\u00f3lico para educar, inspirar e guiar espiritualmente hoje<\/em><\/p>\n\n\n\n<hr class=\"wp-block-separator has-alpha-channel-opacity\"\/>\n\n\n\n<h2 class=\"wp-block-heading\"><strong>Introdu\u00e7\u00e3o: Quando o <em>Sola Scriptura<\/em> n\u00e3o basta<\/strong><\/h2>\n\n\n\n<p>Num mundo cheio de incertezas espirituais, muitos de nossos irm\u00e3os protestantes buscam sinceramente a Deus, leem a B\u00edblia com devo\u00e7\u00e3o e desejam viver uma vida crist\u00e3 aut\u00eantica. Contudo, apesar desse zelo, surgem perguntas que o protestantismo \u2014 fundado sobre o princ\u00edpio do <em>Sola Scriptura<\/em> (somente a Escritura) e no rejeito da Tradi\u00e7\u00e3o Apost\u00f3lica e do Magist\u00e9rio \u2014 n\u00e3o consegue responder de maneira coerente, universal ou satisfat\u00f3ria.<\/p>\n\n\n\n<p>Por que existem mais de 40.000 denomina\u00e7\u00f5es? O que realmente quis dizer Jesus ao confiar as chaves a Pedro? Como a autoridade se transmite ao longo dos s\u00e9culos? Por que celebramos a Eucaristia? O que acontece com os nossos pecados depois do batismo?<\/p>\n\n\n\n<p>Este artigo n\u00e3o \u00e9 um ataque, mas um convite sincero. Um convite a considerar essas perguntas \u00e0s quais o protestantismo n\u00e3o sabe dar resposta \u2014 mas que a Igreja Cat\u00f3lica esclarece plenamente com profundidade teol\u00f3gica, clareza espiritual e continuidade hist\u00f3rica h\u00e1 mais de dois mil anos. N\u00e3o se trata de detalhes secund\u00e1rios: s\u00e3o quest\u00f5es que tocam o cora\u00e7\u00e3o da verdade, a unidade dos crist\u00e3os e a nossa salva\u00e7\u00e3o eterna.<\/p>\n\n\n\n<hr class=\"wp-block-separator has-alpha-channel-opacity\"\/>\n\n\n\n<h2 class=\"wp-block-heading\"><strong>1. Onde est\u00e1 a unidade pela qual Cristo orou?<\/strong><\/h2>\n\n\n\n<p><strong>\u201cQue todos sejam um, como Tu, \u00f3 Pai, est\u00e1s em Mim e Eu em Ti\u201d (Jo\u00e3o 17,21)<\/strong><\/p>\n\n\n\n<p>A ora\u00e7\u00e3o sacerdotal de Jesus revela o Seu desejo mais profundo: a unidade entre os seus disc\u00edpulos. No entanto, o protestantismo gerou uma fragmenta\u00e7\u00e3o doutrinal sem precedentes. Do s\u00e9culo XVI at\u00e9 hoje, surgiram dezenas de milhares de denomina\u00e7\u00f5es, cada uma com sua pr\u00f3pria interpreta\u00e7\u00e3o da mesma B\u00edblia.<\/p>\n\n\n\n<h3 class=\"wp-block-heading\">\u2753 A pergunta sem resposta:<\/h3>\n\n\n\n<p>Se todos os crentes t\u00eam o mesmo Esp\u00edrito Santo e a mesma B\u00edblia, por que existem tantas doutrinas contradit\u00f3rias?<\/p>\n\n\n\n<h3 class=\"wp-block-heading\">\u2705 A resposta cat\u00f3lica:<\/h3>\n\n\n\n<p>A unidade requer mais do que inspira\u00e7\u00e3o pessoal \u2014 requer uma autoridade vis\u00edvel e viva para guardar a verdade. Jesus confiou a Pedro as chaves do Reino dos C\u00e9us dizendo:<br><strong>\u201cTu \u00e9s Pedro, e sobre esta pedra edificarei a minha Igreja\u201d (Mateus 16,18\u201319).<\/strong><\/p>\n\n\n\n<p>A Igreja Cat\u00f3lica mant\u00e9m a unidade da f\u00e9 por meio do Magist\u00e9rio e do minist\u00e9rio do Papa. A unidade n\u00e3o \u00e9 uma op\u00e7\u00e3o: \u00e9 um mandato de Cristo.<\/p>\n\n\n\n<hr class=\"wp-block-separator has-alpha-channel-opacity\"\/>\n\n\n\n<h2 class=\"wp-block-heading\"><strong>2. Quem tem autoridade para interpretar a Escritura?<\/strong><\/h2>\n\n\n\n<p><strong>\u201cComo poderei entender, se ningu\u00e9m me explica?\u201d (Atos 8,31)<\/strong><\/p>\n\n\n\n<p>O eunuco et\u00edope tinha a Escritura em m\u00e3os, mas isso n\u00e3o bastava. Ele precisava de algu\u00e9m que o ajudasse a compreend\u00ea-la. \u00c9 uma verdade fundamental: a B\u00edblia n\u00e3o se interpreta sozinha. \u00c9 necess\u00e1rio um int\u00e9rprete autorizado.<\/p>\n\n\n\n<h3 class=\"wp-block-heading\">\u2753 A pergunta sem resposta:<\/h3>\n\n\n\n<p>Quem decide qual interpreta\u00e7\u00e3o est\u00e1 correta quando os crentes discordam?<\/p>\n\n\n\n<h3 class=\"wp-block-heading\">\u2705 A resposta cat\u00f3lica:<\/h3>\n\n\n\n<p>O Magist\u00e9rio da Igreja, guiado pelo Esp\u00edrito Santo, tem a autoridade para interpretar autenticamente a Escritura. N\u00e3o \u00e9 uma imposi\u00e7\u00e3o autorit\u00e1ria, mas um servi\u00e7o \u00e0 verdade. Sem essa orienta\u00e7\u00e3o, cada crente torna-se seu pr\u00f3prio papa.<\/p>\n\n\n\n<p>Escritura, Tradi\u00e7\u00e3o e Magist\u00e9rio s\u00e3o insepar\u00e1veis. Assim ensina a Igreja.<\/p>\n\n\n\n<hr class=\"wp-block-separator has-alpha-channel-opacity\"\/>\n\n\n\n<h2 class=\"wp-block-heading\"><strong>3. Onde estava a verdadeira Igreja antes da Reforma?<\/strong><\/h2>\n\n\n\n<p><strong>\u201cEis que estou convosco todos os dias, at\u00e9 a consuma\u00e7\u00e3o dos s\u00e9culos\u201d (Mateus 28,20)<\/strong><\/p>\n\n\n\n<p>Lutero e outros reformadores sustentavam que a Igreja havia se desviado e precisava ser \u201creformada\u201d. Mas isso implicaria que o cristianismo permaneceu nas trevas por mais de mil anos \u2014 o que contradiz a promessa de Cristo.<\/p>\n\n\n\n<h3 class=\"wp-block-heading\">\u2753 A pergunta sem resposta:<\/h3>\n\n\n\n<p>Se a Igreja se desviou, ent\u00e3o Cristo falhou em sua promessa?<\/p>\n\n\n\n<h3 class=\"wp-block-heading\">\u2705 A resposta cat\u00f3lica:<\/h3>\n\n\n\n<p>A Igreja fundada por Cristo nunca desapareceu. Mesmo com pecadores em seu seio, sua doutrina permaneceu \u00edntegra. O joio e o trigo crescem juntos (Mateus 13,24\u201330), mas a miss\u00e3o da Igreja continua. S\u00f3 na Igreja Cat\u00f3lica encontram-se a sucess\u00e3o apost\u00f3lica, os sacramentos e a fidelidade doutrinal.<\/p>\n\n\n\n<hr class=\"wp-block-separator has-alpha-channel-opacity\"\/>\n\n\n\n<h2 class=\"wp-block-heading\"><strong>4. O que acontece com os pecados ap\u00f3s o batismo?<\/strong><\/h2>\n\n\n\n<p><strong>\u201cA quem perdoardes os pecados, ser\u00e3o perdoados\u201d (Jo\u00e3o 20,23)<\/strong><\/p>\n\n\n\n<p>Muitos protestantes creem que, ap\u00f3s o batismo, o perd\u00e3o dos pecados ocorre apenas por meio do arrependimento pessoal e da f\u00e9. Mas essa abordagem subjetiva deixa a consci\u00eancia sem uma certeza objetiva.<\/p>\n\n\n\n<h3 class=\"wp-block-heading\">\u2753 A pergunta sem resposta:<\/h3>\n\n\n\n<p>Sem confiss\u00e3o \u2014 como posso ter certeza do perd\u00e3o dos meus pecados?<\/p>\n\n\n\n<h3 class=\"wp-block-heading\">\u2705 A resposta cat\u00f3lica:<\/h3>\n\n\n\n<p>Jesus instituiu o sacramento da Reconcilia\u00e7\u00e3o e deu aos seus ap\u00f3stolos o poder de perdoar pecados. Esse sacramento oferece uma certeza vis\u00edvel para uma gra\u00e7a invis\u00edvel. N\u00e3o \u00e9 inven\u00e7\u00e3o humana: \u00e9 miseric\u00f3rdia divina em forma sacramental.<\/p>\n\n\n\n<hr class=\"wp-block-separator has-alpha-channel-opacity\"\/>\n\n\n\n<h2 class=\"wp-block-heading\"><strong>5. O que Jesus quis dizer com \u201cIsto \u00e9 o meu Corpo\u201d?<\/strong><\/h2>\n\n\n\n<p><strong>\u201cQuem come a minha carne e bebe o meu sangue tem a vida eterna\u201d (Jo\u00e3o 6,54)<\/strong><\/p>\n\n\n\n<p>Muitas denomina\u00e7\u00f5es protestantes interpretam simbolicamente as palavras de Jesus em Jo\u00e3o 6. Mas a rea\u00e7\u00e3o da multid\u00e3o indica outra coisa.<\/p>\n\n\n\n<h3 class=\"wp-block-heading\">\u2753 A pergunta sem resposta:<\/h3>\n\n\n\n<p>Se Jesus falava em sentido figurado, por que muitos O abandonaram dizendo: \u201cEsta palavra \u00e9 dura \u2014 quem pode escut\u00e1-la?\u201d (Jo\u00e3o 6,60)?<\/p>\n\n\n\n<h3 class=\"wp-block-heading\">\u2705 A resposta cat\u00f3lica:<\/h3>\n\n\n\n<p>Jesus n\u00e3o os corrigiu. Ele os deixou ir porque falava literalmente. A Eucaristia n\u00e3o \u00e9 s\u00edmbolo \u2014 \u00e9 presen\u00e7a real: Corpo, Sangue, Alma e Divindade de Cristo. Assim criam os crist\u00e3os primitivos \u2014 e assim cr\u00ea a Igreja at\u00e9 hoje.<\/p>\n\n\n\n<p>Santo In\u00e1cio de Antioquia (\u2020 cerca de 107 d.C.) advertia contra aqueles que \u201cse abst\u00eam da Eucaristia porque n\u00e3o reconhecem que ela \u00e9 a carne de nosso Salvador Jesus Cristo\u201d.<\/p>\n\n\n\n<hr class=\"wp-block-separator has-alpha-channel-opacity\"\/>\n\n\n\n<h2 class=\"wp-block-heading\"><strong>6. Por que os crist\u00e3os celebram no domingo?<\/strong><\/h2>\n\n\n\n<p><strong>\u201cO Filho do Homem \u00e9 Senhor tamb\u00e9m do s\u00e1bado\u201d (Marcos 2,28)<\/strong><\/p>\n\n\n\n<p>Alguns grupos \u2014 como os Adventistas do S\u00e9timo Dia \u2014 afirmam que o verdadeiro dia de culto \u00e9 o s\u00e1bado, como no Antigo Testamento.<\/p>\n\n\n\n<h3 class=\"wp-block-heading\">\u2753 A pergunta sem resposta:<\/h3>\n\n\n\n<p>Se se leva a B\u00edblia ao p\u00e9 da letra, por que a maioria dos crist\u00e3os celebra no domingo?<\/p>\n\n\n\n<h3 class=\"wp-block-heading\">\u2705 A resposta cat\u00f3lica:<\/h3>\n\n\n\n<p>Desde os tempos apost\u00f3licos, os crist\u00e3os celebravam a Eucaristia no domingo \u2014 dia da Ressurrei\u00e7\u00e3o. O domingo n\u00e3o \u00e9 rejei\u00e7\u00e3o do s\u00e1bado, mas seu cumprimento em Cristo. A Igreja santificou o domingo com a autoridade recebida de Cristo.<\/p>\n\n\n\n<hr class=\"wp-block-separator has-alpha-channel-opacity\"\/>\n\n\n\n<h2 class=\"wp-block-heading\"><strong>7. Quem definiu o c\u00e2non b\u00edblico?<\/strong><\/h2>\n\n\n\n<p><strong>\u201cToda a Escritura \u00e9 inspirada por Deus\u201d (2 Tim\u00f3teo 3,16)<\/strong><\/p>\n\n\n\n<p>Muitos protestantes ignoram que sua B\u00edblia \u00e9 mais curta do que o c\u00e2non original crist\u00e3o. Lutero removeu sete livros do Antigo Testamento e colocou outros em d\u00favida.<\/p>\n\n\n\n<h3 class=\"wp-block-heading\">\u2753 A pergunta sem resposta:<\/h3>\n\n\n\n<p>Se a Escritura \u00e9 a \u00fanica autoridade \u2014 quem decidiu quais livros deveriam ser inclu\u00eddos?<\/p>\n\n\n\n<h3 class=\"wp-block-heading\">\u2705 A resposta cat\u00f3lica:<\/h3>\n\n\n\n<p>A Igreja Cat\u00f3lica, nos conc\u00edlios de Hipona (393) e Cartago (397), reconheceu os livros inspirados e definiu o c\u00e2non. A B\u00edblia n\u00e3o caiu do c\u00e9u: foi reunida, transmitida e guardada pela Igreja.<\/p>\n\n\n\n<p>Aceitar a B\u00edblia, mas rejeitar a Igreja que a formou, \u00e9 historicamente incoerente.<\/p>\n\n\n\n<hr class=\"wp-block-separator has-alpha-channel-opacity\"\/>\n\n\n\n<h2 class=\"wp-block-heading\"><strong>Guia pr\u00e1tica teol\u00f3gica e pastoral<\/strong><\/h2>\n\n\n\n<h3 class=\"wp-block-heading\">\ud83d\udcd6 Para os cat\u00f3licos:<\/h3>\n\n\n\n<ul class=\"wp-block-list\">\n<li><strong>Conhe\u00e7a a sua f\u00e9<\/strong>: muitos deixam a Igreja porque nunca a conheceram verdadeiramente.<\/li>\n\n\n\n<li><strong>Defenda com caridade<\/strong>: apolog\u00e9tica n\u00e3o serve para vencer debates, mas para salvar almas.<\/li>\n\n\n\n<li><strong>Viva os sacramentos<\/strong>: n\u00e3o s\u00e3o rituais vazios, mas canais de gra\u00e7a.<\/li>\n<\/ul>\n\n\n\n<h3 class=\"wp-block-heading\">\ud83d\ude4f Para os protestantes:<\/h3>\n\n\n\n<ul class=\"wp-block-list\">\n<li><strong>Busque com cora\u00e7\u00e3o sincero<\/strong>: fa\u00e7a perguntas profundas \u2014 e espere por respostas verdadeiras.<\/li>\n\n\n\n<li><strong>Leia os Padres da Igreja<\/strong>: sua teologia \u00e9 inequivocamente cat\u00f3lica.<\/li>\n\n\n\n<li><strong>Participe de uma Missa<\/strong>: viva a liturgia, converse com um padre, leia o Catecismo.<\/li>\n<\/ul>\n\n\n\n<hr class=\"wp-block-separator has-alpha-channel-opacity\"\/>\n\n\n\n<h2 class=\"wp-block-heading\"><strong>Conclus\u00e3o: A plenitude da verdade est\u00e1 na Igreja Cat\u00f3lica<\/strong><\/h2>\n\n\n\n<p>A verdade n\u00e3o \u00e9 relativa. A confus\u00e3o doutrinal n\u00e3o \u00e9 o que Cristo desejou. Ele fundou uma s\u00f3 Igreja \u2014 portadora da verdade, guiada pelo Esp\u00edrito Santo \u2014 n\u00e3o para entreter opini\u00f5es, mas para guardar a f\u00e9.<\/p>\n\n\n\n<p>A Igreja Cat\u00f3lica n\u00e3o afirma ter raz\u00e3o por orgulho, mas por ser a Esposa de Cristo, <strong>\u201ccoluna e sustent\u00e1culo da verdade\u201d (1 Tim\u00f3teo 3,15)<\/strong>. Sua continuidade, seus sacramentos, a sucess\u00e3o apost\u00f3lica e a autoridade magisterial n\u00e3o apenas oferecem respostas \u2014 oferecem vida eterna.<\/p>\n\n\n\n<p><strong>\u201cVem e v\u00ea!\u201d (Jo\u00e3o 1,46)<\/strong><br><strong>Porque a verdade n\u00e3o apenas liberta \u2014 salva.<\/strong><\/p>\n","protected":false},"excerpt":{"rendered":"<p>Um olhar cat\u00f3lico para educar, inspirar e guiar espiritualmente hoje Introdu\u00e7\u00e3o: Quando o Sola Scriptura n\u00e3o basta Num mundo cheio de incertezas espirituais, muitos de nossos irm\u00e3os protestantes buscam sinceramente a Deus, leem a B\u00edblia com devo\u00e7\u00e3o e desejam viver uma vida crist\u00e3 aut\u00eantica. Contudo, apesar desse zelo, surgem perguntas que o protestantismo \u2014 fundado &hellip;<\/p>\n","protected":false},"author":3,"featured_media":3848,"comment_status":"open","ping_status":"open","sticky":false,"template":"","format":"standard","meta":{"_seopress_robots_primary_cat":"","_seopress_titles_title":"","_seopress_titles_desc":"","_seopress_robots_index":"","footnotes":""},"categories":[38,51],"tags":[1034],"class_list":["post-3847","post","type-post","status-publish","format-standard","has-post-thumbnail","","category-historia-e-tradicao","category-magisterio-da-igreja","tag-protestante"],"_links":{"self":[{"href":"https:\/\/catholicus.eu\/pt\/wp-json\/wp\/v2\/posts\/3847","targetHints":{"allow":["GET"]}}],"collection":[{"href":"https:\/\/catholicus.eu\/pt\/wp-json\/wp\/v2\/posts"}],"about":[{"href":"https:\/\/catholicus.eu\/pt\/wp-json\/wp\/v2\/types\/post"}],"author":[{"embeddable":true,"href":"https:\/\/catholicus.eu\/pt\/wp-json\/wp\/v2\/users\/3"}],"replies":[{"embeddable":true,"href":"https:\/\/catholicus.eu\/pt\/wp-json\/wp\/v2\/comments?post=3847"}],"version-history":[{"count":1,"href":"https:\/\/catholicus.eu\/pt\/wp-json\/wp\/v2\/posts\/3847\/revisions"}],"predecessor-version":[{"id":3849,"href":"https:\/\/catholicus.eu\/pt\/wp-json\/wp\/v2\/posts\/3847\/revisions\/3849"}],"wp:featuredmedia":[{"embeddable":true,"href":"https:\/\/catholicus.eu\/pt\/wp-json\/wp\/v2\/media\/3848"}],"wp:attachment":[{"href":"https:\/\/catholicus.eu\/pt\/wp-json\/wp\/v2\/media?parent=3847"}],"wp:term":[{"taxonomy":"category","embeddable":true,"href":"https:\/\/catholicus.eu\/pt\/wp-json\/wp\/v2\/categories?post=3847"},{"taxonomy":"post_tag","embeddable":true,"href":"https:\/\/catholicus.eu\/pt\/wp-json\/wp\/v2\/tags?post=3847"}],"curies":[{"name":"wp","href":"https:\/\/api.w.org\/{rel}","templated":true}]}}