{"id":3780,"date":"2025-05-11T16:28:11","date_gmt":"2025-05-11T14:28:11","guid":{"rendered":"https:\/\/catholicus.eu\/pt\/?p=3780"},"modified":"2025-05-11T16:28:11","modified_gmt":"2025-05-11T14:28:11","slug":"stat-crux-dum-volvitur-orbis-a-cruz-permanece-firme-enquanto-o-mundo-gira","status":"publish","type":"post","link":"https:\/\/catholicus.eu\/pt\/stat-crux-dum-volvitur-orbis-a-cruz-permanece-firme-enquanto-o-mundo-gira\/","title":{"rendered":"Stat Crux dum volvitur orbis: A Cruz permanece firme enquanto o mundo gira"},"content":{"rendered":"\n<p><strong>Um farol im\u00f3vel em meio \u00e0 tempestade do mundo moderno<\/strong><\/p>\n\n\n\n<hr class=\"wp-block-separator has-alpha-channel-opacity\"\/>\n\n\n\n<h3 class=\"wp-block-heading\">Introdu\u00e7\u00e3o: Um lema contra as vertigens do mundo<\/h3>\n\n\n\n<p><em>Stat Crux dum volvitur orbis<\/em> \u2013 \u201cA Cruz permanece firme enquanto o mundo gira\u201d \u2013 n\u00e3o \u00e9 apenas uma antiga express\u00e3o gravada em bras\u00f5es corro\u00eddos pelo tempo. \u00c9 um farol teol\u00f3gico, uma declara\u00e7\u00e3o espiritual, um princ\u00edpio de vida para os crist\u00e3os que atravessam as tempestades do nosso tempo. Esse lema, adotado pela Ordem dos Cartuxos, n\u00e3o \u00e9 apenas uma realidade contemplativa, mas tamb\u00e9m uma resposta clara, luminosa e salv\u00edfica \u00e0 confus\u00e3o e ao relativismo do s\u00e9culo XXI.<\/p>\n\n\n\n<p>Num mundo onde tudo muda, onde as verdades se relativizam e a f\u00e9 \u00e9 posta em d\u00favida ou ignorada, a Cruz se ergue como a \u00fanica constante. Este artigo pretende ajudar voc\u00ea \u2013 por meio da hist\u00f3ria, da teologia e da espiritualidade pr\u00e1tica \u2013 a compreender como viver \u00e0 luz dessa certeza: Cristo e sua Cruz n\u00e3o mudam. Eles d\u00e3o salva\u00e7\u00e3o, sentido e paz duradoura.<\/p>\n\n\n\n<hr class=\"wp-block-separator has-alpha-channel-opacity\"\/>\n\n\n\n<h2 class=\"wp-block-heading\">I. Origem e hist\u00f3ria da frase: um grito de eternidade<\/h2>\n\n\n\n<p>A express\u00e3o <em>Stat Crux dum volvitur orbis<\/em> \u00e9 o lema oficial da Ordem dos Cartuxos, fundada por S\u00e3o Bruno em 1084, na solid\u00e3o da Chartreuse francesa. Esta ordem profundamente contemplativa \u00e9 conhecida pelo sil\u00eancio, pela solid\u00e3o e pela busca radical de Deus. O lema resume perfeitamente toda a sua espiritualidade: num mundo inquieto e em constante muta\u00e7\u00e3o, a Cruz \u00e9 o ponto fixo, o eixo que d\u00e1 sentido a tudo.<\/p>\n\n\n\n<p>O globo que gira simboliza o mundo que muda: ideologias passageiras, crises sociais, guerras, modas culturais, avan\u00e7os tecnol\u00f3gicos. Mas a Cruz \u2013 s\u00edmbolo do amor redentor de Cristo \u2013 permanece firme. N\u00e3o se move. \u00c9 o centro im\u00f3vel ao redor do qual tudo pode encontrar ordem e dire\u00e7\u00e3o.<\/p>\n\n\n\n<hr class=\"wp-block-separator has-alpha-channel-opacity\"\/>\n\n\n\n<h2 class=\"wp-block-heading\">II. Significado teol\u00f3gico: Cristo, centro da hist\u00f3ria e do cora\u00e7\u00e3o humano<\/h2>\n\n\n\n<p>A Cruz n\u00e3o \u00e9 apenas um instrumento de tortura transformado em s\u00edmbolo religioso. \u00c9 o altar onde o Cordeiro de Deus se ofereceu pela salva\u00e7\u00e3o do mundo. S\u00e3o Paulo proclama com for\u00e7a:<\/p>\n\n\n\n<blockquote class=\"wp-block-quote is-layout-flow wp-block-quote-is-layout-flow\">\n<p>\u201cN\u00f3s, por\u00e9m, pregamos Cristo crucificado: esc\u00e2ndalo para os judeus, loucura para os pag\u00e3os; mas, para os que s\u00e3o chamados, tanto judeus como gregos, Cristo \u00e9 poder de Deus e sabedoria de Deus.\u201d<br><em>(1 Cor\u00edntios 1,23-24)<\/em><\/p>\n<\/blockquote>\n\n\n\n<p>Este Cristo crucificado n\u00e3o \u00e9 uma ideia, nem uma filosofia: \u00e9 uma Pessoa viva, que sofreu por amor e venceu a morte. Ele \u00e9 a rocha sobre a qual se pode construir a vida crist\u00e3 (cf. Mateus 7,24-25). Num tempo em que a moral \u00e9 l\u00edquida e a verdade manipulada, a Cruz \u00e9 o \u00fanico referencial seguro. Ela revela a medida do amor, o peso do pecado e o pre\u00e7o da salva\u00e7\u00e3o.<\/p>\n\n\n\n<p>Teologicamente, a Cruz \u00e9 o <em>axis mundi<\/em> \u2013 o eixo invis\u00edvel que sustenta o universo. A oferta de Cristo reconcilia o C\u00e9u com a terra, cada alma com o Pai. Em cada Santa Missa esse mist\u00e9rio se torna presente. A Cruz se ergue novamente como fonte de gra\u00e7a para o mundo.<\/p>\n\n\n\n<hr class=\"wp-block-separator has-alpha-channel-opacity\"\/>\n\n\n\n<h2 class=\"wp-block-heading\">III. Significado espiritual: o que gira e o que permanece<\/h2>\n\n\n\n<p>Hoje tudo gira: a pol\u00edtica, a cultura, a economia, at\u00e9 mesmo os valores. A pr\u00f3pria Igreja vive tempos turbulentos, entre tens\u00f5es internas, confus\u00f5es doutrinais e persegui\u00e7\u00f5es externas. No meio disso tudo, a alma corre o risco de se perder se n\u00e3o estiver ancorada em algo est\u00e1vel.<\/p>\n\n\n\n<p>A Cruz permanece. \u00c9 o sinal indel\u00e9vel do amor de Deus. Mas para que tenha for\u00e7a em nossa vida, n\u00e3o basta olh\u00e1-la de longe \u2013 \u00e9 preciso abra\u00e7\u00e1-la.<\/p>\n\n\n\n<blockquote class=\"wp-block-quote is-layout-flow wp-block-quote-is-layout-flow\">\n<p>\u201cSe algu\u00e9m quiser vir ap\u00f3s mim, negue-se a si mesmo, tome a sua cruz cada dia e siga-me.\u201d<br><em>(Lucas 9,23)<\/em><\/p>\n<\/blockquote>\n\n\n\n<p>A Cruz n\u00e3o \u00e9 apenas s\u00edmbolo de sofrimento: \u00e9 o caminho para a verdadeira liberdade. Liberta do pecado, do ego\u00edsmo, da escravid\u00e3o do mundo. Abra\u00e7\u00e1-la significa crer que \u2013 mesmo que tudo ao redor desabe \u2013 Deus permanece fiel. Seu amor n\u00e3o muda. Suas promessas se cumprem.<\/p>\n\n\n\n<hr class=\"wp-block-separator has-alpha-channel-opacity\"\/>\n\n\n\n<h2 class=\"wp-block-heading\">IV. Guia pr\u00e1tica teol\u00f3gico-pastoral: viver ancorado \u00e0 Cruz<\/h2>\n\n\n\n<p>Como aplicar essa verdade eterna na vida cotidiana, num mundo que muda constantemente?<\/p>\n\n\n\n<h3 class=\"wp-block-heading\">1. <strong>Ora\u00e7\u00e3o centrada na Cruz<\/strong><\/h3>\n\n\n\n<ul class=\"wp-block-list\">\n<li>Dedique diariamente um momento \u00e0 contempla\u00e7\u00e3o do Crucifixo.<\/li>\n\n\n\n<li>Medite sobre a Paix\u00e3o de Cristo: em suas chagas est\u00e3o as suas.<\/li>\n\n\n\n<li>Reze a Via Sacra toda sexta-feira \u2013 ou ao menos na Quaresma.<\/li>\n\n\n\n<li>Invoque o Esp\u00edrito Santo para que lhe revele o que Deus quer lhe mostrar por meio da Cruz.<\/li>\n<\/ul>\n\n\n\n<h3 class=\"wp-block-heading\">2. <strong>Discernimento \u00e0 luz da Cruz<\/strong><\/h3>\n\n\n\n<ul class=\"wp-block-list\">\n<li>Antes de cada decis\u00e3o importante:<br><em>Qual escolha me aproxima mais de Cristo Crucificado?<\/em><\/li>\n\n\n\n<li>N\u00e3o escolha o que \u00e9 mais confort\u00e1vel, mas o que leva ao amor verdadeiro, ao sacrif\u00edcio, \u00e0 verdade.<\/li>\n<\/ul>\n\n\n\n<h3 class=\"wp-block-heading\">3. <strong>Acolhimento da pr\u00f3pria cruz<\/strong><\/h3>\n\n\n\n<ul class=\"wp-block-list\">\n<li>Cada um carrega uma cruz: n\u00e3o a desperdice.<\/li>\n\n\n\n<li>Ofere\u00e7a-a unida \u00e0 Cruz de Cristo \u2013 pelos outros, pela Igreja, pela convers\u00e3o do mundo.<\/li>\n\n\n\n<li>N\u00e3o rejeite a cruz: ela purifica e liberta.<\/li>\n<\/ul>\n\n\n\n<h3 class=\"wp-block-heading\">4. <strong>Estabilidade espiritual em tempos de confus\u00e3o<\/strong><\/h3>\n\n\n\n<ul class=\"wp-block-list\">\n<li>Permane\u00e7a fiel aos sacramentos \u2013 especialmente \u00e0 Confiss\u00e3o e \u00e0 Eucaristia.<\/li>\n\n\n\n<li>Esteja enraizado na doutrina s\u00e3 \u2013 alimentada pela Palavra de Deus e pelo Magist\u00e9rio fiel da Igreja.<\/li>\n\n\n\n<li>Evite modismos espirituais e ideologias passageiras. Pergunte-se sempre:<br><em>Isto est\u00e1 em conformidade com a Cruz de Cristo e com a Igreja fundada por Ele?<\/em><\/li>\n<\/ul>\n\n\n\n<h3 class=\"wp-block-heading\">5. <strong>Viver com o olhar na eternidade<\/strong><\/h3>\n\n\n\n<ul class=\"wp-block-list\">\n<li>A Cruz nos recorda que a vida n\u00e3o termina aqui.<\/li>\n\n\n\n<li>Cada sofrimento, cada esfor\u00e7o, unido a Cristo, tem valor eterno.<\/li>\n\n\n\n<li>A Cruz conduz \u00e0 Ressurrei\u00e7\u00e3o \u2013 n\u00e3o se esque\u00e7a disso nos momentos escuros.<\/li>\n<\/ul>\n\n\n\n<hr class=\"wp-block-separator has-alpha-channel-opacity\"\/>\n\n\n\n<h2 class=\"wp-block-heading\">V. Exemplos vividos: santos que encarnaram esse lema<\/h2>\n\n\n\n<p>S\u00e3o Bruno, fundador dos Cartuxos, viveu no sil\u00eancio do deserto espiritual \u2013 mas sua vida gerou frutos abundantes para toda a Igreja. Tamb\u00e9m Santa Teresa de \u00c1vila, S\u00e3o Jo\u00e3o da Cruz, S\u00e3o Padre Pio de Pietrelcina, Santa Teresa de Calcut\u00e1 abra\u00e7aram a Cruz \u2013 enquanto o mundo ao seu redor continuava a girar.<\/p>\n\n\n\n<p>E ainda hoje muitos crist\u00e3os perseguidos \u2013 na \u00c1sia, na \u00c1frica ou em outros lugares \u2013 testemunham que a Cruz permanece firme mesmo quando tudo parece desabar. S\u00e3o far\u00f3is vivos que nos mostram que a fidelidade a Cristo n\u00e3o depende das circunst\u00e2ncias externas, mas do amor interior que nos move.<\/p>\n\n\n\n<hr class=\"wp-block-separator has-alpha-channel-opacity\"\/>\n\n\n\n<h2 class=\"wp-block-heading\">Conclus\u00e3o: a Cruz como b\u00fassola, \u00e2ncora e farol<\/h2>\n\n\n\n<p><em>Stat Crux dum volvitur orbis<\/em> n\u00e3o \u00e9 um slogan de museu, nem uma lembran\u00e7a espiritual do passado. \u00c9 uma orienta\u00e7\u00e3o concreta, atual e urgente. Num mundo que gira cada vez mais r\u00e1pido do que o cora\u00e7\u00e3o pode suportar, voc\u00ea pode escolher ancorar sua vida na Cruz. A partir dela tudo ganha sentido. A partir dela voc\u00ea pode viver em paz, na verdade, com um prop\u00f3sito.<\/p>\n\n\n\n<p>A Cruz permanece firme. E voc\u00ea?<\/p>\n\n\n\n<hr class=\"wp-block-separator has-alpha-channel-opacity\"\/>\n\n\n\n<p><strong>Convite final<\/strong><br>Olhe todas as manh\u00e3s para seu crucifixo. Pergunte-se:<br><strong>Onde est\u00e1 a minha cruz? Eu a abra\u00e7o ou a evito?<\/strong><br>E reze assim:<br><em>\u201cSenhor, torna-me fiel \u00e0 Tua Cruz \u2013 mesmo quando tudo ao meu redor gira.\u201d<\/em><\/p>\n","protected":false},"excerpt":{"rendered":"<p>Um farol im\u00f3vel em meio \u00e0 tempestade do mundo moderno Introdu\u00e7\u00e3o: Um lema contra as vertigens do mundo Stat Crux dum volvitur orbis \u2013 \u201cA Cruz permanece firme enquanto o mundo gira\u201d \u2013 n\u00e3o \u00e9 apenas uma antiga express\u00e3o gravada em bras\u00f5es corro\u00eddos pelo tempo. \u00c9 um farol teol\u00f3gico, uma declara\u00e7\u00e3o espiritual, um princ\u00edpio de &hellip;<\/p>\n","protected":false},"author":3,"featured_media":3781,"comment_status":"open","ping_status":"open","sticky":false,"template":"","format":"standard","meta":{"_seopress_robots_primary_cat":"","_seopress_titles_title":"","_seopress_titles_desc":"","_seopress_robots_index":"","footnotes":""},"categories":[40,58],"tags":[1263,1262],"class_list":["post-3780","post","type-post","status-publish","format-standard","has-post-thumbnail","","category-oracao-e-espiritualidade","category-oracao-e-vida-espiritual","tag-ordem-dos-cartuxos","tag-stat-crux-dum-volvitur-orbis"],"_links":{"self":[{"href":"https:\/\/catholicus.eu\/pt\/wp-json\/wp\/v2\/posts\/3780","targetHints":{"allow":["GET"]}}],"collection":[{"href":"https:\/\/catholicus.eu\/pt\/wp-json\/wp\/v2\/posts"}],"about":[{"href":"https:\/\/catholicus.eu\/pt\/wp-json\/wp\/v2\/types\/post"}],"author":[{"embeddable":true,"href":"https:\/\/catholicus.eu\/pt\/wp-json\/wp\/v2\/users\/3"}],"replies":[{"embeddable":true,"href":"https:\/\/catholicus.eu\/pt\/wp-json\/wp\/v2\/comments?post=3780"}],"version-history":[{"count":1,"href":"https:\/\/catholicus.eu\/pt\/wp-json\/wp\/v2\/posts\/3780\/revisions"}],"predecessor-version":[{"id":3782,"href":"https:\/\/catholicus.eu\/pt\/wp-json\/wp\/v2\/posts\/3780\/revisions\/3782"}],"wp:featuredmedia":[{"embeddable":true,"href":"https:\/\/catholicus.eu\/pt\/wp-json\/wp\/v2\/media\/3781"}],"wp:attachment":[{"href":"https:\/\/catholicus.eu\/pt\/wp-json\/wp\/v2\/media?parent=3780"}],"wp:term":[{"taxonomy":"category","embeddable":true,"href":"https:\/\/catholicus.eu\/pt\/wp-json\/wp\/v2\/categories?post=3780"},{"taxonomy":"post_tag","embeddable":true,"href":"https:\/\/catholicus.eu\/pt\/wp-json\/wp\/v2\/tags?post=3780"}],"curies":[{"name":"wp","href":"https:\/\/api.w.org\/{rel}","templated":true}]}}