{"id":3762,"date":"2025-05-11T10:29:57","date_gmt":"2025-05-11T08:29:57","guid":{"rendered":"https:\/\/catholicus.eu\/pt\/?p=3762"},"modified":"2025-05-11T10:29:57","modified_gmt":"2025-05-11T08:29:57","slug":"narnia-o-evangelho-escondido-num-mundo-de-fantasia-um-guia-teologico-e-espiritual","status":"publish","type":"post","link":"https:\/\/catholicus.eu\/pt\/narnia-o-evangelho-escondido-num-mundo-de-fantasia-um-guia-teologico-e-espiritual\/","title":{"rendered":"N\u00e1rnia: O Evangelho Escondido num Mundo de Fantasia \u2013 Um Guia Teol\u00f3gico e Espiritual"},"content":{"rendered":"\n<p><em>&#8220;Mas Jesus disse: &#8216;Deixai vir a mim as criancinhas e n\u00e3o as impe\u00e7ais, porque o Reino dos c\u00e9us pertence aos que s\u00e3o como elas.'&#8221;<\/em><br><strong>(Mateus 19:14)<\/strong><\/p>\n\n\n\n<h2 class=\"wp-block-heading\"><strong>Introdu\u00e7\u00e3o: Um Mundo M\u00e1gico com uma Mensagem Eterna<\/strong><\/h2>\n\n\n\n<p><em>As Cr\u00f4nicas de N\u00e1rnia<\/em>, a famosa saga escrita por&nbsp;<strong>C.S. Lewis<\/strong>, n\u00e3o \u00e9 apenas um conto de aventuras fant\u00e1sticas, mas uma obra profundamente teol\u00f3gica que reflete as verdades do cristianismo atrav\u00e9s de alegorias. Lewis, convertido ao anglicanismo ap\u00f3s anos de ate\u00edsmo, usou seu g\u00eanio liter\u00e1rio para transmitir a mensagem do Evangelho de forma acess\u00edvel, especialmente para os jovens.<\/p>\n\n\n\n<p>Neste artigo, exploraremos:<\/p>\n\n\n\n<ol start=\"1\" class=\"wp-block-list\">\n<li><strong>A inspira\u00e7\u00e3o cat\u00f3lica e crist\u00e3 em N\u00e1rnia<\/strong><\/li>\n\n\n\n<li><strong>O simbolismo teol\u00f3gico nos personagens e eventos-chave<\/strong><\/li>\n\n\n\n<li><strong>Como aplicar as li\u00e7\u00f5es espirituais de N\u00e1rnia no dia a dia<\/strong><\/li>\n\n\n\n<li><strong>Um guia pastoral para viver a f\u00e9 atrav\u00e9s desta obra<\/strong><\/li>\n<\/ol>\n\n\n\n<hr class=\"wp-block-separator has-alpha-channel-opacity\"\/>\n\n\n\n<h2 class=\"wp-block-heading\"><strong>1. C.S. Lewis: Um Te\u00f3logo no Mundo da Fantasia<\/strong><\/h2>\n\n\n\n<p>Clive Staples Lewis (1898-1963) foi escritor, apologeta e professor universit\u00e1rio cuja convers\u00e3o ao cristianismo marcou sua obra. Influenciado por seu amigo&nbsp;<strong>J.R.R. Tolkien<\/strong>&nbsp;(cat\u00f3lico devoto), Lewis encontrou na literatura uma forma de evangelizar sem pregar diretamente.<\/p>\n\n\n\n<p>Embora anglicano, sua teologia tinha&nbsp;<strong>profundas ra\u00edzes cat\u00f3licas<\/strong>:<\/p>\n\n\n\n<ul class=\"wp-block-list\">\n<li>Acreditava no\u00a0<strong>sacrif\u00edcio expiat\u00f3rio de Cristo<\/strong>\u00a0(vis\u00edvel em\u00a0<em>O Le\u00e3o, a Feiticeira e o Guarda-Roupa<\/em>)<\/li>\n\n\n\n<li>Defendia a\u00a0<strong>Presen\u00e7a Real na Eucaristia<\/strong>\u00a0(em\u00a0<em>O Pr\u00edncipe Caspian<\/em>, Aslan se revela gradualmente, como Cristo na h\u00f3stia)<\/li>\n\n\n\n<li>Promovia a\u00a0<strong>devo\u00e7\u00e3o mariana<\/strong>\u00a0(o car\u00e1ter puro e cheio de f\u00e9 de L\u00facia lembra a Virgem Maria)<\/li>\n<\/ul>\n\n\n\n<hr class=\"wp-block-separator has-alpha-channel-opacity\"\/>\n\n\n\n<h2 class=\"wp-block-heading\"><strong>2. Simbolismo Crist\u00e3o em N\u00e1rnia<\/strong><\/h2>\n\n\n\n<h3 class=\"wp-block-heading\"><strong>A. Aslan: Cristo Redentor<\/strong><\/h3>\n\n\n\n<p>O le\u00e3o Aslan \u00e9 a figura central de N\u00e1rnia e representa&nbsp;<strong>Jesus Cristo<\/strong>. Seu sacrif\u00edcio na Mesa de Pedra (em&nbsp;<em>O Le\u00e3o, a Feiticeira e o Guarda-Roupa<\/em>) \u00e9 uma clara alegoria da Paix\u00e3o:<\/p>\n\n\n\n<ul class=\"wp-block-list\">\n<li><strong>Tra\u00eddo por Edmund<\/strong>\u00a0(como Judas)<\/li>\n\n\n\n<li><strong>Humilhado e sacrificado<\/strong>\u00a0(como Cristo na Cruz)<\/li>\n\n\n\n<li><strong>Ressuscita, quebrando o poder da Feiticeira Branca<\/strong>\u00a0(a morte \u00e9 derrotada)<\/li>\n<\/ul>\n\n\n\n<p><em>&#8220;Ele n\u00e3o \u00e9 um le\u00e3o domesticado&#8230; mas \u00e9 bom.&#8221;<\/em><br>Esta frase reflete o mist\u00e9rio de Deus:&nbsp;<strong>tem\u00edvel em Sua majestade, mas amoroso em Sua miseric\u00f3rdia<\/strong>.<\/p>\n\n\n\n<h3 class=\"wp-block-heading\"><strong>B. A Feiticeira Branca: Pecado e Satan\u00e1s<\/strong><\/h3>\n\n\n\n<p>Jadis, a Feiticeira Branca, simboliza:<\/p>\n\n\n\n<ul class=\"wp-block-list\">\n<li><strong>O pecado<\/strong>\u00a0(ela traz um inverno eterno a N\u00e1rnia, como o pecado congela a alma)<\/li>\n\n\n\n<li><strong>A tenta\u00e7\u00e3o<\/strong>\u00a0(ela engana Edmund com doces, como o diabo seduz com prazeres passageiros)<\/li>\n<\/ul>\n\n\n\n<h3 class=\"wp-block-heading\"><strong>C. Os Irm\u00e3os Pevensie: Disc\u00edpulos e Igreja<\/strong><\/h3>\n\n\n\n<p>Cada irm\u00e3o representa uma postura espiritual:<\/p>\n\n\n\n<ul class=\"wp-block-list\">\n<li><strong>Pedro<\/strong>: F\u00e9 e lideran\u00e7a (como S\u00e3o Pedro, o primeiro Papa)<\/li>\n\n\n\n<li><strong>Susana<\/strong>: D\u00favida e afastamento (como crist\u00e3os mornos)<\/li>\n\n\n\n<li><strong>Edmundo<\/strong>: Arrependimento e reden\u00e7\u00e3o (como o pecador que se converte)<\/li>\n\n\n\n<li><strong>L\u00facia<\/strong>: F\u00e9 pura e confian\u00e7a (como os santos que veem Deus nas pequenas coisas)<\/li>\n<\/ul>\n\n\n\n<hr class=\"wp-block-separator has-alpha-channel-opacity\"\/>\n\n\n\n<h2 class=\"wp-block-heading\"><strong>3. Guia Pr\u00e1tico: Li\u00e7\u00f5es Espirituais para Hoje<\/strong><\/h2>\n\n\n\n<h3 class=\"wp-block-heading\"><strong>A. Confiar na Provid\u00eancia (como L\u00facia)<\/strong><\/h3>\n\n\n\n<p>L\u00facia v\u00ea Aslan primeiro porque tem&nbsp;<strong>um cora\u00e7\u00e3o infantil<\/strong>. Num mundo barulhento, precisamos recuperar&nbsp;<strong>a f\u00e9 das crian\u00e7as<\/strong>:<\/p>\n\n\n\n<ul class=\"wp-block-list\">\n<li><strong>Ora\u00e7\u00e3o di\u00e1ria<\/strong>\u00a0(falar com Deus como L\u00facia fala com Aslan)<\/li>\n\n\n\n<li><strong>Confiar no invis\u00edvel<\/strong>\u00a0(2 Cor\u00edntios 5:7:\u00a0<em>&#8220;Andamos por f\u00e9, e n\u00e3o por vista&#8221;<\/em>)<\/li>\n<\/ul>\n\n\n\n<h3 class=\"wp-block-heading\"><strong>B. Arrepender-se e Perdoar (como Edmundo)<\/strong><\/h3>\n\n\n\n<p>Edmundo trai seus irm\u00e3os mas \u00e9 perdoado. Assim&nbsp;<strong>Deus nos perdoa quando nos arrependemos<\/strong>:<\/p>\n\n\n\n<ul class=\"wp-block-list\">\n<li><strong>Exame de consci\u00eancia<\/strong>\u00a0(identificar nossas &#8220;trai\u00e7\u00f5es&#8221;)<\/li>\n\n\n\n<li><strong>Sacramento da Reconcilia\u00e7\u00e3o<\/strong>\u00a0(como Edmundo, purificado por Aslan)<\/li>\n<\/ul>\n\n\n\n<h3 class=\"wp-block-heading\"><strong>C. Lutar pela Verdade (como Pedro)<\/strong><\/h3>\n\n\n\n<p>Pedro deve combater os inimigos de N\u00e1rnia. Hoje,&nbsp;<strong>os crist\u00e3os devem defender a f\u00e9<\/strong>:<\/p>\n\n\n\n<ul class=\"wp-block-list\">\n<li><strong>Forma\u00e7\u00e3o doutrinal<\/strong>\u00a0(saber por que cremos no que cremos)<\/li>\n\n\n\n<li><strong>Coragem no testemunho<\/strong>\u00a0(n\u00e3o se calar diante do relativismo)<\/li>\n<\/ul>\n\n\n\n<hr class=\"wp-block-separator has-alpha-channel-opacity\"\/>\n\n\n\n<h2 class=\"wp-block-heading\"><strong>4. Conclus\u00e3o: N\u00e1rnia como Caminho de Convers\u00e3o<\/strong><\/h2>\n\n\n\n<p><em>As Cr\u00f4nicas de N\u00e1rnia<\/em>&nbsp;n\u00e3o s\u00e3o apenas uma hist\u00f3ria, mas&nbsp;<strong>um convite para encontrar Cristo no cotidiano<\/strong>. Como disse Lewis:<\/p>\n\n\n\n<p><em>&#8220;O Filho de Deus se fez homem para que os homens se tornassem filhos de Deus.&#8221;<\/em><\/p>\n\n\n\n<h3 class=\"wp-block-heading\"><strong>Por onde come\u00e7ar?<\/strong><\/h3>\n\n\n\n<ol start=\"1\" class=\"wp-block-list\">\n<li><strong>Ler os livros com olhos de f\u00e9<\/strong>\u00a0(buscar a mensagem por tr\u00e1s da fantasia)<\/li>\n\n\n\n<li><strong>Refletir sobre as virtudes dos personagens<\/strong>\u00a0(Sou como L\u00facia? Edmundo? Pedro?)<\/li>\n\n\n\n<li><strong>Trazer Aslan (Cristo) para sua vida<\/strong>\u00a0(Eucaristia, ora\u00e7\u00e3o, caridade)<\/li>\n<\/ol>\n\n\n\n<p>N\u00e1rnia nos lembra que&nbsp;<strong>Deus est\u00e1 presente, mesmo nos mundos mais inesperados<\/strong>. Voc\u00ea est\u00e1 pronto para ouvir Seu rugido?<\/p>\n\n\n\n<hr class=\"wp-block-separator has-alpha-channel-opacity\"\/>\n\n\n\n<p><strong>Quer se aprofundar?<\/strong>&nbsp;Recomendamos:<\/p>\n\n\n\n<ul class=\"wp-block-list\">\n<li><em>Cristianismo Puro e Simples<\/em>\u00a0(C.S. Lewis)<\/li>\n\n\n\n<li><em>Cartas de um Diabo a seu Aprendiz<\/em>\u00a0(obra espiritual de Lewis)<\/li>\n\n\n\n<li><em>O Le\u00e3o, a Feiticeira e o Guarda-Roupa<\/em>\u00a0(com coment\u00e1rios teol\u00f3gicos)<\/li>\n<\/ul>\n\n\n\n<p><strong>Que Aslan vos guie!<\/strong>&nbsp;\ud83e\udd81\u271d\ufe0f<\/p>\n","protected":false},"excerpt":{"rendered":"<p>&#8220;Mas Jesus disse: &#8216;Deixai vir a mim as criancinhas e n\u00e3o as impe\u00e7ais, porque o Reino dos c\u00e9us pertence aos que s\u00e3o como elas.&#8217;&#8221;(Mateus 19:14) Introdu\u00e7\u00e3o: Um Mundo M\u00e1gico com uma Mensagem Eterna As Cr\u00f4nicas de N\u00e1rnia, a famosa saga escrita por&nbsp;C.S. Lewis, n\u00e3o \u00e9 apenas um conto de aventuras fant\u00e1sticas, mas uma obra profundamente &hellip;<\/p>\n","protected":false},"author":3,"featured_media":3763,"comment_status":"open","ping_status":"open","sticky":false,"template":"","format":"standard","meta":{"_seopress_robots_primary_cat":"","_seopress_titles_title":"","_seopress_titles_desc":"","_seopress_robots_index":"","footnotes":""},"categories":[66,41],"tags":[1253,1254],"class_list":["post-3762","post","type-post","status-publish","format-standard","has-post-thumbnail","","category-cultura-popular-e-catolicismo","category-fe-e-cultura","tag-cronicas-de-narnia","tag-lewis"],"_links":{"self":[{"href":"https:\/\/catholicus.eu\/pt\/wp-json\/wp\/v2\/posts\/3762","targetHints":{"allow":["GET"]}}],"collection":[{"href":"https:\/\/catholicus.eu\/pt\/wp-json\/wp\/v2\/posts"}],"about":[{"href":"https:\/\/catholicus.eu\/pt\/wp-json\/wp\/v2\/types\/post"}],"author":[{"embeddable":true,"href":"https:\/\/catholicus.eu\/pt\/wp-json\/wp\/v2\/users\/3"}],"replies":[{"embeddable":true,"href":"https:\/\/catholicus.eu\/pt\/wp-json\/wp\/v2\/comments?post=3762"}],"version-history":[{"count":1,"href":"https:\/\/catholicus.eu\/pt\/wp-json\/wp\/v2\/posts\/3762\/revisions"}],"predecessor-version":[{"id":3764,"href":"https:\/\/catholicus.eu\/pt\/wp-json\/wp\/v2\/posts\/3762\/revisions\/3764"}],"wp:featuredmedia":[{"embeddable":true,"href":"https:\/\/catholicus.eu\/pt\/wp-json\/wp\/v2\/media\/3763"}],"wp:attachment":[{"href":"https:\/\/catholicus.eu\/pt\/wp-json\/wp\/v2\/media?parent=3762"}],"wp:term":[{"taxonomy":"category","embeddable":true,"href":"https:\/\/catholicus.eu\/pt\/wp-json\/wp\/v2\/categories?post=3762"},{"taxonomy":"post_tag","embeddable":true,"href":"https:\/\/catholicus.eu\/pt\/wp-json\/wp\/v2\/tags?post=3762"}],"curies":[{"name":"wp","href":"https:\/\/api.w.org\/{rel}","templated":true}]}}