{"id":3744,"date":"2025-05-09T23:10:51","date_gmt":"2025-05-09T21:10:51","guid":{"rendered":"https:\/\/catholicus.eu\/pt\/?p=3744"},"modified":"2025-05-09T23:10:51","modified_gmt":"2025-05-09T21:10:51","slug":"mudar-a-igreja-ou-deixar-se-transformar-por-ela-a-silenciosa-batalha-pela-alma-do-catolicismo-no-mundo-moderno","status":"publish","type":"post","link":"https:\/\/catholicus.eu\/pt\/mudar-a-igreja-ou-deixar-se-transformar-por-ela-a-silenciosa-batalha-pela-alma-do-catolicismo-no-mundo-moderno\/","title":{"rendered":"Mudar a Igreja ou deixar-se transformar por ela? A silenciosa batalha pela alma do catolicismo no mundo moderno"},"content":{"rendered":"\n<p><strong>INTRODU\u00c7\u00c3O: A TEMPESTADE PERFEITA<\/strong><\/p>\n\n\n\n<p>Vivemos numa \u00e9poca em que tudo parece negoci\u00e1vel: a verdade, a moral&#8230; at\u00e9 Deus. Num mundo que exalta uma liberdade sem verdade, uma identidade sem ra\u00edzes e um progresso sem dire\u00e7\u00e3o, a Igreja Cat\u00f3lica permanece um farol im\u00f3vel&#8230; ou pelo menos, deveria s\u00ea-lo. Contudo, algo inquietante est\u00e1 a acontecer: dos meios de comunica\u00e7\u00e3o aos movimentos sociais, de pol\u00edticos a influenciadores, muitos parecem ter um \u00fanico e obstinado objetivo: <strong>mudar a Igreja Cat\u00f3lica<\/strong>.<\/p>\n\n\n\n<p>Mas por qu\u00ea esse interesse? Por que n\u00e3o se tenta, com a mesma insist\u00eancia, mudar outras religi\u00f5es? Por que essa press\u00e3o constante para for\u00e7\u00e1-la a aceitar aquilo que, por f\u00e9, \u00e9 inaceit\u00e1vel? Este artigo n\u00e3o apenas analisa as ra\u00edzes culturais e espirituais desse ataque, mas oferece tamb\u00e9m <strong>uma chave clara e profunda<\/strong> para entender como resistir com f\u00e9, lucidez e caridade \u00e0 verdade.<\/p>\n\n\n\n<hr class=\"wp-block-separator has-alpha-channel-opacity\"\/>\n\n\n\n<h3 class=\"wp-block-heading\">1. <strong>UM OLHAR PARA A HIST\u00d3RIA: A IGREJA E O MUNDO DESDE O IN\u00cdCIO<\/strong><\/h3>\n\n\n\n<p>Desde o seu nascimento, a Igreja foi um <em>\u201csinal de contradi\u00e7\u00e3o\u201d<\/em> (cf. Lc 2,34). Enquanto o Imp\u00e9rio Romano promovia escravid\u00e3o, aborto, licenciosidade sexual e poder absoluto, a Igreja anunciava a dignidade humana, a castidade, o perd\u00e3o, a obedi\u00eancia a Deus em vez dos homens. Foi perseguida, ridicularizada, martirizada. E, no entanto, cresceu.<\/p>\n\n\n\n<p>Ao longo dos s\u00e9culos resistiu a imp\u00e9rios, revolu\u00e7\u00f5es, cismas, guerras e ditaduras. N\u00e3o porque fosse perfeita (os seus membros n\u00e3o o s\u00e3o), mas porque <strong>\u00e9 sustentada pelo pr\u00f3prio Cristo<\/strong>: <em>\u201cTu \u00e9s Pedro, e sobre esta pedra edificarei a minha Igreja, e as portas do inferno n\u00e3o prevalecer\u00e3o contra ela\u201d<\/em> (Mt 16,18).<\/p>\n\n\n\n<p><strong>O que mudou hoje, ent\u00e3o?<\/strong><\/p>\n\n\n\n<hr class=\"wp-block-separator has-alpha-channel-opacity\"\/>\n\n\n\n<h3 class=\"wp-block-heading\">2. <strong>UMA NOVA ERA DE PRESS\u00d5ES E MANIPULA\u00c7\u00d5ES<\/strong><\/h3>\n\n\n\n<p>No lugar das arenas romanas e dos le\u00f5es, a persegui\u00e7\u00e3o de hoje apresenta-se de forma diferente: manchetes escandalosas, zombaria midi\u00e1tica, campanhas de desinforma\u00e7\u00e3o, manipula\u00e7\u00e3o de s\u00ednodos e assembleias, press\u00f5es pol\u00edticas e ideol\u00f3gicas. O objetivo: <strong>fazer com que a Igreja deixe de ser \u201csinal de contradi\u00e7\u00e3o\u201d e se torne um carimbo de aprova\u00e7\u00e3o do mundo<\/strong>.<\/p>\n\n\n\n<h4 class=\"wp-block-heading\">Como isso se manifesta?<\/h4>\n\n\n\n<ul class=\"wp-block-list\">\n<li><strong>O pecado \u00e9 relativizado:<\/strong> \u201cDeus \u00e9 amor\u201d, dizem. Mas esquecem que esse amor chama \u00e0 convers\u00e3o. O pecado j\u00e1 n\u00e3o \u00e9 nomeado, mas normalizado. Tudo \u00e9 contextualizado.<\/li>\n\n\n\n<li><strong>Os dogmas deveriam mudar por vota\u00e7\u00e3o:<\/strong> Como se a verdade pudesse ser decidida democraticamente. Querem \u201cdemocratizar\u201d a f\u00e9, como se fosse um programa pol\u00edtico.<\/li>\n\n\n\n<li><strong>Redefinem-se o matrim\u00f4nio e a sexualidade:<\/strong> Pressiona-se para aben\u00e7oar uni\u00f5es homossexuais, admitir \u00e0 comunh\u00e3o divorciados recasados, minimizar a castidade e a indissolubilidade do casamento.<\/li>\n\n\n\n<li><strong>Prop\u00f5e-se um cristianismo sem cruz:<\/strong> Um \u201cEvangelho light\u201d sem exig\u00eancias, sem confiss\u00e3o, sem inferno, sem combate espiritual. Apenas inclus\u00e3o, empatia e bem-estar emocional.<\/li>\n<\/ul>\n\n\n\n<p>H\u00e1 uma l\u00f3gica sutil, mas poderosa por tr\u00e1s disso tudo: <strong>se a Igreja parar de denunciar o pecado, o mundo deixar\u00e1 de se sentir culpado<\/strong>. Mas para que serve uma Igreja que se parece tanto com o mundo, que j\u00e1 n\u00e3o tem nada a dizer?<\/p>\n\n\n\n<hr class=\"wp-block-separator has-alpha-channel-opacity\"\/>\n\n\n\n<h3 class=\"wp-block-heading\">3. <strong>A TEOLOGIA DA VERDADE IMUT\u00c1VEL<\/strong><\/h3>\n\n\n\n<p>A f\u00e9 cat\u00f3lica n\u00e3o \u00e9 uma constru\u00e7\u00e3o humana sujeita a reformas. Seus dogmas n\u00e3o s\u00e3o opini\u00f5es coletivas, mas <strong>verdades reveladas por Deus<\/strong>. <em>\u201cJesus Cristo \u00e9 o mesmo ontem, hoje e sempre\u201d<\/em> (Hb 13,8). E como Ele, tamb\u00e9m a Sua doutrina \u00e9 imut\u00e1vel.<\/p>\n\n\n\n<p><strong>Um dogma pode mudar? N\u00e3o.<\/strong> Pode ser melhor compreendido, mais claramente explicado \u2013 mas <strong>nunca contradito ou revertido<\/strong>. Aquilo que era pecado, continua sendo. O que era verdade, continua sendo.<\/p>\n\n\n\n<p>A Igreja n\u00e3o \u00e9 um laborat\u00f3rio de experimentos sociais. \u00c9 o Corpo de Cristo. E se come\u00e7a a adaptar-se ao pecado em vez de chamar o pecador \u00e0 convers\u00e3o, perde seu sal (cf. Mt 5,13).<\/p>\n\n\n\n<hr class=\"wp-block-separator has-alpha-channel-opacity\"\/>\n\n\n\n<h3 class=\"wp-block-heading\">4. <strong>POR QUE REALMENTE QUEREM MUDAR A IGREJA?<\/strong><\/h3>\n\n\n\n<h4 class=\"wp-block-heading\">a. <strong>Porque incomoda a consci\u00eancia<\/strong><\/h4>\n\n\n\n<p>Enquanto existir uma institui\u00e7\u00e3o que afirma \u201cisso \u00e9 pecado\u201d, muitas ideologias n\u00e3o poder\u00e3o viver tranquilas. A Igreja recorda que nem tudo \u00e9 permitido, que o bem e o mal existem. E isso incomoda.<\/p>\n\n\n\n<h4 class=\"wp-block-heading\">b. <strong>Porque ainda \u00e9 uma fortaleza moral<\/strong><\/h4>\n\n\n\n<p>Num mundo onde tudo \u00e9 negoci\u00e1vel, a Igreja (ou pelo menos deveria ser) \u00e9 a \u00fanica voz que n\u00e3o cede. Por isso querem silenci\u00e1-la. Se ela cair, tudo cai.<\/p>\n\n\n\n<h4 class=\"wp-block-heading\">c. <strong>Porque Cristo \u00e9 a Verdade<\/strong><\/h4>\n\n\n\n<p>E o mundo moderno n\u00e3o tolera verdades absolutas. Prefere os tons de cinza, as narrativas individuais, \u201ca minha verdade\u201d. Mas Cristo n\u00e3o disse: \u201cEu sou uma op\u00e7\u00e3o\u201d, e sim <strong>\u201cEu sou a Verdade\u201d<\/strong> (Jo 14,6). Portanto, o ataque n\u00e3o \u00e9 apenas \u00e0 Igreja, mas <strong>ao pr\u00f3prio Cristo<\/strong>.<\/p>\n\n\n\n<hr class=\"wp-block-separator has-alpha-channel-opacity\"\/>\n\n\n\n<h3 class=\"wp-block-heading\">5. <strong>COMO O CAT\u00d3LICO DEVE RESPONDER<\/strong><\/h3>\n\n\n\n<p>N\u00e3o somos chamados a assistir de bra\u00e7os cruzados, nem a entrar em batalhas ideol\u00f3gicas. Somos chamados a <strong>viver, defender e anunciar a f\u00e9 com amor, firmeza e verdade<\/strong>.<\/p>\n\n\n\n<h4 class=\"wp-block-heading\">a. <strong>Formar-se na verdade<\/strong><\/h4>\n\n\n\n<p>S\u00f3 se pode defender aquilo que se conhece. Estudar o Catecismo, ler a Sagrada Escritura, aprofundar os documentos do Magist\u00e9rio. A ignor\u00e2ncia da f\u00e9 \u00e9 terreno f\u00e9rtil para o erro.<\/p>\n\n\n\n<h4 class=\"wp-block-heading\">b. <strong>Viver em coer\u00eancia com o Evangelho<\/strong><\/h4>\n\n\n\n<p>Nossa vida deve refletir o que cremos. Somos chamados a ser testemunhas vivas da verdade. Uma fam\u00edlia cat\u00f3lica fiel \u00e9 um esc\u00e2ndalo luminoso para uma sociedade perdida.<\/p>\n\n\n\n<h4 class=\"wp-block-heading\">c. <strong>Resistir \u00e0 press\u00e3o social<\/strong><\/h4>\n\n\n\n<p>Ser cat\u00f3lico aut\u00eantico hoje \u00e9 nadar contra a corrente. Mas n\u00e3o estamos s\u00f3s. Deus d\u00e1 a gra\u00e7a para resistir. E nossa fidelidade pode salvar almas.<\/p>\n\n\n\n<h4 class=\"wp-block-heading\">d. <strong>Rezar pela Igreja e seus pastores<\/strong><\/h4>\n\n\n\n<p>Muitos s\u00e3o tentados a silenciar, ceder, negociar. Precisam das nossas ora\u00e7\u00f5es. O Santo Cura d\u2019Ars dizia: <em>\u201cDepois de Deus, o sacerdote \u00e9 tudo.\u201d<\/em> Se ele cai, muitos caem com ele.<\/p>\n\n\n\n<hr class=\"wp-block-separator has-alpha-channel-opacity\"\/>\n\n\n\n<h3 class=\"wp-block-heading\">6. <strong>UMA IGREJA FIEL HOJE \u2013 UM MUNDO SALVO AMANH\u00c3<\/strong><\/h3>\n\n\n\n<p>A Igreja n\u00e3o precisa de <em>atualiza\u00e7\u00f5es<\/em> que esvaziem sua identidade. Precisa de <strong>santos<\/strong>, de m\u00e1rtires, de almas que amem a verdade mais do que a pr\u00f3pria reputa\u00e7\u00e3o. Hoje mais do que nunca, o mundo precisa de uma Igreja que o recorde de que <strong>ele n\u00e3o \u00e9 Deus<\/strong>.<\/p>\n\n\n\n<p>Chesterton escreveu: <em>\u201cCada gera\u00e7\u00e3o \u00e9 salva por um punhado de pessoas que t\u00eam a coragem de n\u00e3o serem como o seu tempo.\u201d<\/em> A pergunta \u00e9: <strong>voc\u00ea far\u00e1 parte desse punhado?<\/strong><\/p>\n\n\n\n<hr class=\"wp-block-separator has-alpha-channel-opacity\"\/>\n\n\n\n<p><strong>CONCLUS\u00c3O: O ETERNO N\u00c3O MUDA \u2013 S\u00c3O OS CORA\u00c7\u00d5ES QUE PRECISAM MUDAR<\/strong><\/p>\n\n\n\n<p>O mundo moderno quer mudar a Igreja porque \u2013 talvez sem perceber \u2013 intui que <strong>\u00e9 a Igreja que pode mudar o mundo<\/strong>. E essa \u00e9 a verdadeira amea\u00e7a. Mas essa resist\u00eancia n\u00e3o deve nos assustar, e sim nos fortalecer.<\/p>\n\n\n\n<p>Cristo n\u00e3o nos chamou para agradar ao mundo, mas para salv\u00e1-lo. N\u00e3o nos enviou para discutir a verdade, mas <strong>para proclam\u00e1-la com cora\u00e7\u00e3o ardente e alma mansa<\/strong>.<\/p>\n\n\n\n<p>A Igreja n\u00e3o \u00e9 um clube. \u00c9 a arca da salva\u00e7\u00e3o. N\u00e3o deve seguir as correntes do mundo, mas navegar por sobre elas \u2013 <strong>com Cristo no leme<\/strong>.<\/p>\n\n\n\n<p><strong>E voc\u00ea \u2013 vai navegar com ela ou ser\u00e1 levado pela onda?<\/strong><\/p>\n","protected":false},"excerpt":{"rendered":"<p>INTRODU\u00c7\u00c3O: A TEMPESTADE PERFEITA Vivemos numa \u00e9poca em que tudo parece negoci\u00e1vel: a verdade, a moral&#8230; at\u00e9 Deus. Num mundo que exalta uma liberdade sem verdade, uma identidade sem ra\u00edzes e um progresso sem dire\u00e7\u00e3o, a Igreja Cat\u00f3lica permanece um farol im\u00f3vel&#8230; ou pelo menos, deveria s\u00ea-lo. Contudo, algo inquietante est\u00e1 a acontecer: dos meios &hellip;<\/p>\n","protected":false},"author":3,"featured_media":3745,"comment_status":"open","ping_status":"open","sticky":false,"template":"","format":"standard","meta":{"_seopress_robots_primary_cat":"","_seopress_titles_title":"","_seopress_titles_desc":"","_seopress_robots_index":"","footnotes":""},"categories":[66,41],"tags":[1246],"class_list":["post-3744","post","type-post","status-publish","format-standard","has-post-thumbnail","","category-cultura-popular-e-catolicismo","category-fe-e-cultura","tag-mudar-a-igreja-catolica"],"_links":{"self":[{"href":"https:\/\/catholicus.eu\/pt\/wp-json\/wp\/v2\/posts\/3744","targetHints":{"allow":["GET"]}}],"collection":[{"href":"https:\/\/catholicus.eu\/pt\/wp-json\/wp\/v2\/posts"}],"about":[{"href":"https:\/\/catholicus.eu\/pt\/wp-json\/wp\/v2\/types\/post"}],"author":[{"embeddable":true,"href":"https:\/\/catholicus.eu\/pt\/wp-json\/wp\/v2\/users\/3"}],"replies":[{"embeddable":true,"href":"https:\/\/catholicus.eu\/pt\/wp-json\/wp\/v2\/comments?post=3744"}],"version-history":[{"count":1,"href":"https:\/\/catholicus.eu\/pt\/wp-json\/wp\/v2\/posts\/3744\/revisions"}],"predecessor-version":[{"id":3746,"href":"https:\/\/catholicus.eu\/pt\/wp-json\/wp\/v2\/posts\/3744\/revisions\/3746"}],"wp:featuredmedia":[{"embeddable":true,"href":"https:\/\/catholicus.eu\/pt\/wp-json\/wp\/v2\/media\/3745"}],"wp:attachment":[{"href":"https:\/\/catholicus.eu\/pt\/wp-json\/wp\/v2\/media?parent=3744"}],"wp:term":[{"taxonomy":"category","embeddable":true,"href":"https:\/\/catholicus.eu\/pt\/wp-json\/wp\/v2\/categories?post=3744"},{"taxonomy":"post_tag","embeddable":true,"href":"https:\/\/catholicus.eu\/pt\/wp-json\/wp\/v2\/tags?post=3744"}],"curies":[{"name":"wp","href":"https:\/\/api.w.org\/{rel}","templated":true}]}}