{"id":3681,"date":"2025-05-06T07:58:31","date_gmt":"2025-05-06T05:58:31","guid":{"rendered":"https:\/\/catholicus.eu\/pt\/?p=3681"},"modified":"2025-05-06T07:58:31","modified_gmt":"2025-05-06T05:58:31","slug":"ascese-ecologica-5-conselhos-dos-santos-para-salvar-a-tua-alma-e-a-criacao","status":"publish","type":"post","link":"https:\/\/catholicus.eu\/pt\/ascese-ecologica-5-conselhos-dos-santos-para-salvar-a-tua-alma-e-a-criacao\/","title":{"rendered":"Ascese ecol\u00f3gica: 5 conselhos dos santos para salvar a tua alma\u2026 e a cria\u00e7\u00e3o"},"content":{"rendered":"\n<h3 class=\"wp-block-heading\">Introdu\u00e7\u00e3o:<\/h3>\n\n\n\n<p>Em um tempo em que o mundo est\u00e1 abalado por uma grave crise ecol\u00f3gica, ci\u00eancia, pol\u00edtica e movimentos sociais oferecem solu\u00e7\u00f5es de todo tipo. Mas raramente se ouve a voz da Tradi\u00e7\u00e3o crist\u00e3 como resposta prof\u00e9tica. No entanto, os santos \u2014 esses grandes amantes de Deus \u2014 viveram s\u00e9culos atr\u00e1s uma esp\u00e9cie de \u201cecologia integral\u201d, antes mesmo que isso se tornasse uma tend\u00eancia. O que nos dizem S\u00e3o Francisco de Assis, Santa Hildegarda de Bingen, S\u00e3o Bento, o Cura d\u2019Ars ou S\u00e3o Jo\u00e3o Paulo II sobre o uso respons\u00e1vel dos bens, a vida simples e o cuidado com a casa comum?<\/p>\n\n\n\n<p>Este artigo n\u00e3o pretende oferecer meros \u201ceco-conselhos\u201d como os que se encontram em qualquer lugar, mas redescobrir um olhar espiritual e teol\u00f3gico que nos ajude a viver com simplicidade, rever\u00eancia e amor. N\u00e3o apenas em rela\u00e7\u00e3o \u00e0 natureza, mas principalmente ao Criador.<\/p>\n\n\n\n<p>A ascese ecol\u00f3gica n\u00e3o \u00e9 uma moda: \u00e9 um chamado \u00e0 convers\u00e3o do cora\u00e7\u00e3o.<\/p>\n\n\n\n<hr class=\"wp-block-separator has-alpha-channel-opacity\"\/>\n\n\n\n<h2 class=\"wp-block-heading\">1. <strong>S\u00e3o Francisco de Assis: Viva como irm\u00e3o, n\u00e3o como dono<\/strong><\/h2>\n\n\n\n<blockquote class=\"wp-block-quote is-layout-flow wp-block-quote-is-layout-flow\">\n<p><em>\u201cLouvado sejas, meu Senhor, por nossa irm\u00e3 a m\u00e3e Terra, que nos sustenta e governa, e produz variados frutos com flores coloridas e ervas.\u201d<\/em> (C\u00e2ntico das Criaturas)<\/p>\n<\/blockquote>\n\n\n\n<p>Francisco n\u00e3o foi um ambientalista moderno, mas um m\u00edstico profundamente cat\u00f3lico. Seu amor pela cria\u00e7\u00e3o n\u00e3o era sentimentalismo rom\u00e2ntico, mas a certeza de que cada criatura \u00e9 um reflexo da gl\u00f3ria de Deus. Ele n\u00e3o adorava a natureza, reconhecia-a como irm\u00e3 na grande fam\u00edlia do Pai.<\/p>\n\n\n\n<p><strong>O conselho de S\u00e3o Francisco:<\/strong><br>Desapegue-se do consumismo. Viva com o necess\u00e1rio. Aprenda a gratid\u00e3o e cuide do que lhe foi confiado como um dom sagrado. O excesso de posse sufoca a alma. A pobreza franciscana \u00e9 liberta\u00e7\u00e3o, n\u00e3o perda.<\/p>\n\n\n\n<p><strong>O que voc\u00ea pode fazer concretamente:<\/strong><\/p>\n\n\n\n<ul class=\"wp-block-list\">\n<li>Examine seu estilo de vida: voc\u00ea realmente precisa de tudo o que compra?<\/li>\n\n\n\n<li>Doe ou presenteie o que n\u00e3o usa.<\/li>\n\n\n\n<li>Experimente uma \u201csemana de jejum de consumo\u201d: compre apenas o essencial.<\/li>\n<\/ul>\n\n\n\n<hr class=\"wp-block-separator has-alpha-channel-opacity\"\/>\n\n\n\n<h2 class=\"wp-block-heading\">2. <strong>Santa Hildegarda de Bingen: Ou\u00e7a a harmonia da cria\u00e7\u00e3o<\/strong><\/h2>\n\n\n\n<p>M\u00e9dica, profetisa, te\u00f3loga, doutora da Igreja \u2014 Hildegarda tinha uma vis\u00e3o profundamente org\u00e2nica do universo. Para ela, o pecado n\u00e3o rompe apenas a rela\u00e7\u00e3o com Deus, mas tamb\u00e9m desordena a natureza. Ensinava que o homem deve colaborar com a sabedoria divina (\u201cviriditas\u201d, a for\u00e7a verde da vida), preservando o equil\u00edbrio interior e ambiental.<\/p>\n\n\n\n<p><strong>O conselho de Santa Hildegarda:<\/strong><br>Cuide do seu corpo, da sua alma e do que o rodeia como um templo vivo. N\u00e3o desperdice suas energias vitais. Aprenda a comer com modera\u00e7\u00e3o, a trabalhar com sentido e a viver em paz com o ambiente.<\/p>\n\n\n\n<p><strong>O que voc\u00ea pode fazer concretamente:<\/strong><\/p>\n\n\n\n<ul class=\"wp-block-list\">\n<li>Reflita sobre seus h\u00e1bitos alimentares: coma com consci\u00eancia, n\u00e3o com gula.<\/li>\n\n\n\n<li>Pratique uma \u201cecologia do tempo\u201d: evite a pressa, busque sil\u00eancio e descanso.<\/li>\n\n\n\n<li>Cultive algo: uma planta, uma horta, ou pelo menos uma conex\u00e3o com as esta\u00e7\u00f5es.<\/li>\n<\/ul>\n\n\n\n<hr class=\"wp-block-separator has-alpha-channel-opacity\"\/>\n\n\n\n<h2 class=\"wp-block-heading\">3. <strong>S\u00e3o Bento de N\u00farsia: \u201cOra et labora\u201d em equil\u00edbrio<\/strong><\/h2>\n\n\n\n<p>Bento n\u00e3o escreveu uma enc\u00edclica ecol\u00f3gica, mas sua Regra \u2014 que formou gera\u00e7\u00f5es de monges \u2014 prop\u00f5e uma espiritualidade do trabalho, da humildade e do respeito pelas coisas. Em seus mosteiros tudo tinha um lugar: o sil\u00eancio, o trabalho manual, a limpeza, a liturgia, a agricultura.<\/p>\n\n\n\n<p><strong>O conselho de S\u00e3o Bento:<\/strong><br>N\u00e3o despreze nada de pequeno ou comum. Fa\u00e7a de cada a\u00e7\u00e3o uma oferta a Deus. Viva com ordem, medida e bom senso. A alma se forma no concreto.<\/p>\n\n\n\n<p><strong>O que voc\u00ea pode fazer concretamente:<\/strong><\/p>\n\n\n\n<ul class=\"wp-block-list\">\n<li>Transforme sua casa e sua vida em um pequeno mosteiro: organize, simplifique, estruture o tempo.<\/li>\n\n\n\n<li>Agrade\u00e7a pelos objetos que usa \u2014 n\u00e3o os trate com desprezo.<\/li>\n\n\n\n<li>Use o que possui at\u00e9 o fim, antes de comprar novo.<\/li>\n<\/ul>\n\n\n\n<hr class=\"wp-block-separator has-alpha-channel-opacity\"\/>\n\n\n\n<h2 class=\"wp-block-heading\">4. <strong>S\u00e3o Jo\u00e3o Maria Vianney (Cura d\u2019Ars): Ame a pobreza para ser livre<\/strong><\/h2>\n\n\n\n<p>O Cura d\u2019Ars viveu numa pobreza radical. Suas roupas eram gastas, as refei\u00e7\u00f5es frugais, e tudo ele partilhava com os pobres. N\u00e3o o fazia por desprezo do material, mas por amor a Deus. Sabia que quem vive leve, chega mais facilmente ao C\u00e9u.<\/p>\n\n\n\n<p><strong>O conselho do Cura d\u2019Ars:<\/strong><br>Seja austero, n\u00e3o para se sentir superior, mas para estar dispon\u00edvel a Deus e aos irm\u00e3os. Cada coisa que voc\u00ea possui pode se tornar uma corrente. Viva leve, ame muito.<\/p>\n\n\n\n<p><strong>O que voc\u00ea pode fazer concretamente:<\/strong><\/p>\n\n\n\n<ul class=\"wp-block-list\">\n<li>Renuncie voluntariamente a um luxo habitual (doces, aquecimento excessivo, carro desnecess\u00e1rio).<\/li>\n\n\n\n<li>Ofere\u00e7a sua ren\u00fancia como penit\u00eancia pelo mundo.<\/li>\n\n\n\n<li>Aprenda a consertar, n\u00e3o a descartar.<\/li>\n<\/ul>\n\n\n\n<hr class=\"wp-block-separator has-alpha-channel-opacity\"\/>\n\n\n\n<h2 class=\"wp-block-heading\">5. <strong>S\u00e3o Jo\u00e3o Paulo II: Ecologia humana e espiritual<\/strong><\/h2>\n\n\n\n<p>Em sua enc\u00edclica <em>Centesimus Annus<\/em> e em muitos discursos, Jo\u00e3o Paulo II denunciou os danos da mentalidade utilitarista sobre o ambiente. Mas acrescentou: n\u00e3o h\u00e1 ecologia aut\u00eantica sem ecologia do cora\u00e7\u00e3o. Ou seja: se o homem n\u00e3o est\u00e1 reconciliado com Deus e consigo mesmo, destruir\u00e1 tamb\u00e9m o mundo.<\/p>\n\n\n\n<blockquote class=\"wp-block-quote is-layout-flow wp-block-quote-is-layout-flow\">\n<p><em>\u201cO respeito \u00e0 vida, sobretudo \u00e0 vida humana, \u00e9 o primeiro passo para um justo relacionamento com a cria\u00e7\u00e3o.\u201d<\/em> (<em>Evangelium Vitae<\/em>)<\/p>\n<\/blockquote>\n\n\n\n<p><strong>O conselho de S\u00e3o Jo\u00e3o Paulo II:<\/strong><br>Proteja a vida em todas as suas formas, especialmente a humana. Aja com responsabilidade moral. Eduque para o respeito, a solidariedade e o servi\u00e7o.<\/p>\n\n\n\n<p><strong>O que voc\u00ea pode fazer concretamente:<\/strong><\/p>\n\n\n\n<ul class=\"wp-block-list\">\n<li>Defenda a vida desde a concep\u00e7\u00e3o at\u00e9 a morte natural.<\/li>\n\n\n\n<li>Use com aten\u00e7\u00e3o \u00e1gua, energia, papel.<\/li>\n\n\n\n<li>Ensine as crian\u00e7as a respeitar as coisas e a agradecer.<\/li>\n<\/ul>\n\n\n\n<hr class=\"wp-block-separator has-alpha-channel-opacity\"\/>\n\n\n\n<h2 class=\"wp-block-heading\">Uma vis\u00e3o teol\u00f3gica: o que \u00e9 a ascese ecol\u00f3gica?<\/h2>\n\n\n\n<p>Do ponto de vista cat\u00f3lico, a ascese ecol\u00f3gica n\u00e3o \u00e9 apenas um estilo de vida s\u00f3brio: \u00e9 uma forma concreta do mandamento do amor. O mundo foi confiado ao homem para que ele o \u201ccultivasse e guardasse\u201d (G\u00eanesis 2,15), n\u00e3o para que o explorasse. O pecado original rompeu esse equil\u00edbrio, mas em Cristo ele pode ser restaurado.<\/p>\n\n\n\n<p>Viver a ascese tamb\u00e9m significa fazer penit\u00eancia. Num mundo ferido pelo excesso e pelo desperd\u00edcio, cada pequeno sacrif\u00edcio feito por amor tem for\u00e7a redentora. O crist\u00e3o n\u00e3o se limita a \u201cn\u00e3o poluir\u201d, mas faz da pr\u00f3pria vida uma liturgia, uma eucaristia vivida.<\/p>\n\n\n\n<hr class=\"wp-block-separator has-alpha-channel-opacity\"\/>\n\n\n\n<h2 class=\"wp-block-heading\">Guia pastoral pr\u00e1tico para a ascese ecol\u00f3gica hoje:<\/h2>\n\n\n\n<ol class=\"wp-block-list\">\n<li><strong>Exame de consci\u00eancia ecol\u00f3gico<\/strong>\n<ul class=\"wp-block-list\">\n<li>Sou grato pelo que tenho?<\/li>\n\n\n\n<li>Compro por necessidade ou por impulso?<\/li>\n\n\n\n<li>Quantos recursos consumo e desperdi\u00e7o todos os dias?<\/li>\n<\/ul>\n<\/li>\n\n\n\n<li><strong>Prop\u00f3sitos pessoais simples e concretos<\/strong>\n<ul class=\"wp-block-list\">\n<li>Evite o pl\u00e1stico, recicle, compre produtos locais.<\/li>\n\n\n\n<li>Apague luzes e dispositivos quando n\u00e3o forem necess\u00e1rios.<\/li>\n\n\n\n<li>Reze antes de uma compra, como ato consciente.<\/li>\n<\/ul>\n<\/li>\n\n\n\n<li><strong>Dimens\u00e3o espiritual<\/strong>\n<ul class=\"wp-block-list\">\n<li>Ofere\u00e7a seus sacrif\u00edcios ecol\u00f3gicos por amor.<\/li>\n\n\n\n<li>Participe de mutir\u00f5es, hortas comunit\u00e1rias, ajuda aos pobres.<\/li>\n\n\n\n<li>Considere a cria\u00e7\u00e3o como uma \u201ccatedral natural\u201d onde Deus fala.<\/li>\n<\/ul>\n<\/li>\n\n\n\n<li><strong>Fam\u00edlia e comunidade<\/strong>\n<ul class=\"wp-block-list\">\n<li>Ensine as crian\u00e7as a respeitar as coisas.<\/li>\n\n\n\n<li>Celebre com sobriedade: menos desperd\u00edcio nas festas, mais esp\u00edrito de partilha.<\/li>\n\n\n\n<li>Transforme sua casa em um pequeno mosteiro de ora\u00e7\u00e3o, trabalho e harmonia.<\/li>\n<\/ul>\n<\/li>\n<\/ol>\n\n\n\n<hr class=\"wp-block-separator has-alpha-channel-opacity\"\/>\n\n\n\n<h3 class=\"wp-block-heading\">Conclus\u00e3o:<\/h3>\n\n\n\n<p>Os santos n\u00e3o viveram na era do pl\u00e1stico e da crise clim\u00e1tica, mas nos deixaram uma sabedoria hoje mais urgente do que nunca. Sabiam que quem cuida da cria\u00e7\u00e3o, tamb\u00e9m cuida da pr\u00f3pria alma. E quem possui menos \u2014 se o faz por amor \u2014 n\u00e3o \u00e9 mais pobre, mas mais livre.<\/p>\n\n\n\n<p>Hoje o mundo precisa n\u00e3o apenas de ambientalistas, mas de <strong>ecologistas santos<\/strong>. Homens e mulheres que vivam a pobreza evang\u00e9lica, protejam a vida, redescubram a alegria da simplicidade e contemplem o Criador em todas as suas obras.<\/p>\n\n\n\n<blockquote class=\"wp-block-quote is-layout-flow wp-block-quote-is-layout-flow\">\n<p><em>\u201cCom efeito, a cria\u00e7\u00e3o espera ansiosamente a manifesta\u00e7\u00e3o dos filhos de Deus.\u201d<\/em> (Romanos 8,19)<\/p>\n<\/blockquote>\n\n\n\n<p>Talvez um deles seja voc\u00ea.<\/p>\n","protected":false},"excerpt":{"rendered":"<p>Introdu\u00e7\u00e3o: Em um tempo em que o mundo est\u00e1 abalado por uma grave crise ecol\u00f3gica, ci\u00eancia, pol\u00edtica e movimentos sociais oferecem solu\u00e7\u00f5es de todo tipo. Mas raramente se ouve a voz da Tradi\u00e7\u00e3o crist\u00e3 como resposta prof\u00e9tica. No entanto, os santos \u2014 esses grandes amantes de Deus \u2014 viveram s\u00e9culos atr\u00e1s uma esp\u00e9cie de \u201cecologia &hellip;<\/p>\n","protected":false},"author":3,"featured_media":3683,"comment_status":"open","ping_status":"open","sticky":false,"template":"","format":"standard","meta":{"_seopress_robots_primary_cat":"","_seopress_titles_title":"","_seopress_titles_desc":"","_seopress_robots_index":"","footnotes":""},"categories":[56,39],"tags":[1223],"class_list":["post-3681","post","type-post","status-publish","format-standard","has-post-thumbnail","","category-ecologia-e-cuidado-com-a-criacao","category-moral-e-vida-crista","tag-ascese-ecologica"],"_links":{"self":[{"href":"https:\/\/catholicus.eu\/pt\/wp-json\/wp\/v2\/posts\/3681","targetHints":{"allow":["GET"]}}],"collection":[{"href":"https:\/\/catholicus.eu\/pt\/wp-json\/wp\/v2\/posts"}],"about":[{"href":"https:\/\/catholicus.eu\/pt\/wp-json\/wp\/v2\/types\/post"}],"author":[{"embeddable":true,"href":"https:\/\/catholicus.eu\/pt\/wp-json\/wp\/v2\/users\/3"}],"replies":[{"embeddable":true,"href":"https:\/\/catholicus.eu\/pt\/wp-json\/wp\/v2\/comments?post=3681"}],"version-history":[{"count":1,"href":"https:\/\/catholicus.eu\/pt\/wp-json\/wp\/v2\/posts\/3681\/revisions"}],"predecessor-version":[{"id":3684,"href":"https:\/\/catholicus.eu\/pt\/wp-json\/wp\/v2\/posts\/3681\/revisions\/3684"}],"wp:featuredmedia":[{"embeddable":true,"href":"https:\/\/catholicus.eu\/pt\/wp-json\/wp\/v2\/media\/3683"}],"wp:attachment":[{"href":"https:\/\/catholicus.eu\/pt\/wp-json\/wp\/v2\/media?parent=3681"}],"wp:term":[{"taxonomy":"category","embeddable":true,"href":"https:\/\/catholicus.eu\/pt\/wp-json\/wp\/v2\/categories?post=3681"},{"taxonomy":"post_tag","embeddable":true,"href":"https:\/\/catholicus.eu\/pt\/wp-json\/wp\/v2\/tags?post=3681"}],"curies":[{"name":"wp","href":"https:\/\/api.w.org\/{rel}","templated":true}]}}