{"id":3651,"date":"2025-05-04T10:42:47","date_gmt":"2025-05-04T08:42:47","guid":{"rendered":"https:\/\/catholicus.eu\/pt\/?p=3651"},"modified":"2025-05-04T10:42:48","modified_gmt":"2025-05-04T08:42:48","slug":"a-mae-coracao-da-vida-alma-do-lar-e-reflexo-do-amor-de-deus","status":"publish","type":"post","link":"https:\/\/catholicus.eu\/pt\/a-mae-coracao-da-vida-alma-do-lar-e-reflexo-do-amor-de-deus\/","title":{"rendered":"A m\u00e3e: cora\u00e7\u00e3o da vida, alma do lar e reflexo do amor de Deus"},"content":{"rendered":"\n<h2 class=\"wp-block-heading\">Introdu\u00e7\u00e3o: Celebrar a maternidade \u00e9 celebrar um dom de Deus<\/h2>\n\n\n\n<p>A cada <strong>segundo domingo de maio<\/strong>, em muitos pa\u00edses, celebra-se o <strong>Dia das M\u00e3es<\/strong> \u2013 uma data profundamente humana e profundamente crist\u00e3. N\u00e3o se trata apenas de um costume cultural ou de um dia de presentes e flores: \u00e9 uma oportunidade dada pelo C\u00e9u para redescobrir o papel fundamental das m\u00e3es na hist\u00f3ria da salva\u00e7\u00e3o, na vida da Igreja e em cada lar.<\/p>\n\n\n\n<p>Num tempo em que a maternidade \u00e9 muitas vezes banalizada ou at\u00e9 mesmo questionada, somos chamados a redescobri-la com os olhos da f\u00e9 e da gratid\u00e3o. As m\u00e3es n\u00e3o d\u00e3o apenas a vida biol\u00f3gica \u2013 elas s\u00e3o o reflexo do rosto terno e misericordioso de Deus. Em cada m\u00e3e aut\u00eantica pulsa o eco desse amor incondicional que nos ensina a confiar, a crescer, a nos doar.<\/p>\n\n\n\n<hr class=\"wp-block-separator has-alpha-channel-opacity\"\/>\n\n\n\n<h2 class=\"wp-block-heading\">1. <strong>Origem e significado do Dia das M\u00e3es<\/strong><\/h2>\n\n\n\n<p>Embora o <strong>Dia das M\u00e3es<\/strong> tenha origens em diversas culturas antigas \u2013 como as celebra\u00e7\u00f5es gregas e romanas das deusas-m\u00e3es Reia e Cibele \u2013 seu significado crist\u00e3o \u00e9 bem mais profundo. Na tradi\u00e7\u00e3o crist\u00e3, a <strong>maternidade sempre foi uma voca\u00e7\u00e3o sagrada<\/strong>, plenamente encarnada na Virgem Maria, M\u00e3e de Deus.<\/p>\n\n\n\n<p>A celebra\u00e7\u00e3o como a conhecemos hoje no Ocidente se difundiu no s\u00e9culo XX, gra\u00e7as a iniciativas como a de <strong>Anna Jarvis<\/strong>, nos Estados Unidos, que quis homenagear a mem\u00f3ria de sua m\u00e3e crist\u00e3 e piedosa. Logo a comemora\u00e7\u00e3o se espalhou pelo mundo, com o <strong>segundo domingo de maio<\/strong> como data predominante. Na Espanha, por exemplo, o Dia das M\u00e3es \u00e9 celebrado no <strong>primeiro domingo de maio<\/strong>, m\u00eas mariano por excel\u00eancia \u2013 um detalhe que d\u00e1 \u00e0 festa uma dimens\u00e3o ainda mais espiritual.<\/p>\n\n\n\n<hr class=\"wp-block-separator has-alpha-channel-opacity\"\/>\n\n\n\n<h2 class=\"wp-block-heading\">2. <strong>A maternidade \u00e0 luz da teologia crist\u00e3<\/strong><\/h2>\n\n\n\n<h3 class=\"wp-block-heading\">A. <strong>Maternidade: participa\u00e7\u00e3o na obra criadora de Deus<\/strong><\/h3>\n\n\n\n<p>A maternidade n\u00e3o \u00e9 simplesmente um evento biol\u00f3gico, mas um <strong>dom teol\u00f3gico<\/strong>, uma voca\u00e7\u00e3o que participa de maneira \u00fanica da obra criadora de Deus. O <em>Catecismo da Igreja Cat\u00f3lica<\/em> ensina:<\/p>\n\n\n\n<blockquote class=\"wp-block-quote is-layout-flow wp-block-quote-is-layout-flow\">\n<p><em>\u00abO filho n\u00e3o \u00e9 um direito, mas um dom. O \u201cdom mais excelente do matrim\u00f4nio\u201d \u00e9 o ser humano. O filho n\u00e3o pode ser considerado como algo devido, mas como um dom\u2026 o dom supremo\u00bb. (CIC \u00a72378)<\/em><\/p>\n<\/blockquote>\n\n\n\n<p>A m\u00e3e que d\u00e1 a vida <strong>colabora diretamente com o Criador<\/strong>, oferecendo seu corpo, seu tempo, seu cora\u00e7\u00e3o. \u00c9 mediadora da vida \u2013 f\u00edsica, afetiva e espiritual.<\/p>\n\n\n\n<h3 class=\"wp-block-heading\">B. <strong>A Virgem Maria: modelo de toda maternidade<\/strong><\/h3>\n\n\n\n<p>Em Maria encontramos o exemplo perfeito da maternidade crist\u00e3: <strong>mulher de f\u00e9, de obedi\u00eancia e de total doa\u00e7\u00e3o<\/strong>. Ela, humilde serva do Senhor, acolheu a miss\u00e3o mais elevada: dar ao mundo o Salvador.<\/p>\n\n\n\n<blockquote class=\"wp-block-quote is-layout-flow wp-block-quote-is-layout-flow\">\n<p><em>\u00abEis aqui a serva do Senhor: fa\u00e7a-se em mim segundo a tua palavra\u00bb. (Lc 1,38)<\/em><\/p>\n<\/blockquote>\n\n\n\n<p>Toda m\u00e3e crist\u00e3 encontra em Maria uma companheira, uma guia, uma protetora. Seu \u201csim\u201d generoso \u00e9 uma li\u00e7\u00e3o viva de confian\u00e7a em Deus. Assim como Maria formou Jesus em sua humanidade, <strong>as m\u00e3es crist\u00e3s formam seus filhos na f\u00e9, no amor e na virtude<\/strong>.<\/p>\n\n\n\n<hr class=\"wp-block-separator has-alpha-channel-opacity\"\/>\n\n\n\n<h2 class=\"wp-block-heading\">3. <strong>O papel das m\u00e3es na hist\u00f3ria da Igreja<\/strong><\/h2>\n\n\n\n<p>Ao longo da hist\u00f3ria, in\u00fameros santos reconheceram a influ\u00eancia indel\u00e9vel de suas m\u00e3es no caminho rumo a Deus. Pensemos em:<\/p>\n\n\n\n<ul class=\"wp-block-list\">\n<li><strong>Santo Ambr\u00f3sio<\/strong>, formado pela f\u00e9 firme e inteligente de sua irm\u00e3 e m\u00e3e espiritual, Marcelina.<\/li>\n\n\n\n<li><strong>Santo Agostinho<\/strong>, convertido pelas l\u00e1grimas e ora\u00e7\u00f5es incessantes de sua santa m\u00e3e, <strong>M\u00f4nica<\/strong>.<\/li>\n\n\n\n<li><strong>S\u00e3o Greg\u00f3rio Nazianzeno<\/strong>, que deve sua forma\u00e7\u00e3o crist\u00e3 e espiritual \u00e0 m\u00e3e, <strong>Santa Nona<\/strong>.<\/li>\n\n\n\n<li><strong>S\u00e3o Greg\u00f3rio Magno<\/strong>, sustentado pela f\u00e9 e discri\u00e7\u00e3o de sua m\u00e3e, <strong>Santa Silvia<\/strong>.<\/li>\n<\/ul>\n\n\n\n<p>Essas mulheres nos mostram que <strong>a santidade frequentemente come\u00e7a nos joelhos de uma m\u00e3e que reza<\/strong>. A m\u00e3e \u00e9 a primeira catequista, a primeira testemunha da f\u00e9, o primeiro reflexo do amor de Deus que uma crian\u00e7a conhece.<\/p>\n\n\n\n<hr class=\"wp-block-separator has-alpha-channel-opacity\"\/>\n\n\n\n<h2 class=\"wp-block-heading\">4. <strong>A m\u00e3e crist\u00e3 na sociedade de hoje<\/strong><\/h2>\n\n\n\n<p>Vivemos numa \u00e9poca que tende a <strong>relativizar ou questionar o valor da maternidade<\/strong>, muitas vezes tratando-a como uma escolha secund\u00e1ria ou um obst\u00e1culo \u00e0 realiza\u00e7\u00e3o pessoal. A vis\u00e3o crist\u00e3, ao contr\u00e1rio, proclama: a maternidade n\u00e3o apenas \u00e9 atual, como \u00e9 <strong>fundamental para o presente e o futuro da humanidade<\/strong>.<\/p>\n\n\n\n<p>A nossa sociedade precisa de m\u00e3es que <strong>educam com amor, paci\u00eancia e perseveran\u00e7a<\/strong>, em meio a uma cultura que promove o imediatismo e o individualismo. Precisamos de mulheres corajosas que defendam a vida desde a concep\u00e7\u00e3o at\u00e9 a morte natural, e que se entreguem no cora\u00e7\u00e3o da fam\u00edlia para o bem comum.<\/p>\n\n\n\n<hr class=\"wp-block-separator has-alpha-channel-opacity\"\/>\n\n\n\n<h2 class=\"wp-block-heading\">5. <strong>Uma palavra b\u00edblica chave: a m\u00e3e virtuosa \u00e9 um tesouro para o mundo<\/strong><\/h2>\n\n\n\n<blockquote class=\"wp-block-quote is-layout-flow wp-block-quote-is-layout-flow\">\n<p><em>\u00abLevanta-se, ainda de noite, para dar de comer \u00e0 sua casa\u2026 A for\u00e7a e a dignidade s\u00e3o os seus vestidos, e, quanto ao dia de amanh\u00e3, n\u00e3o tem preocupa\u00e7\u00f5es. Abre a boca com sabedoria, e a instru\u00e7\u00e3o da bondade est\u00e1 na sua l\u00edngua. Seus filhos se levantam e a chamam bem-aventurada\u00bb. (Prov\u00e9rbios 31,15.25\u201328)<\/em><\/p>\n<\/blockquote>\n\n\n\n<p>Esse retrato da <strong>mulher forte e virtuosa<\/strong> do livro dos Prov\u00e9rbios \u00e9 muito atual. A m\u00e3e virtuosa \u00e9 forte, s\u00e1bia, piedosa, generosa. N\u00e3o \u00e9 perfeita, mas ama com profundidade e fidelidade.<\/p>\n\n\n\n<hr class=\"wp-block-separator has-alpha-channel-opacity\"\/>\n\n\n\n<h2 class=\"wp-block-heading\">6. <strong>Guia teol\u00f3gico-pastoral para honrar as m\u00e3es<\/strong><\/h2>\n\n\n\n<h3 class=\"wp-block-heading\">A. <strong>A n\u00edvel pessoal: como agradecer \u00e0 sua m\u00e3e como crist\u00e3o<\/strong><\/h3>\n\n\n\n<ol class=\"wp-block-list\">\n<li><strong>Reze diariamente por ela<\/strong> \u2013 esteja ela viva ou j\u00e1 falecida, sua m\u00e3e precisa do seu apoio espiritual.<\/li>\n\n\n\n<li><strong>Expresse gratid\u00e3o de forma concreta<\/strong> \u2013 n\u00e3o tome seu sacrif\u00edcio como garantido. Uma carta, uma visita, um pequeno gesto de amor t\u00eam um valor enorme.<\/li>\n\n\n\n<li><strong>Perdoe-a se ela o feriu<\/strong> \u2013 at\u00e9 as melhores m\u00e3es s\u00e3o humanas. O perd\u00e3o liberta ambos.<\/li>\n\n\n\n<li><strong>Escute sua sabedoria<\/strong> \u2013 mesmo na vida adulta, os conselhos da m\u00e3e podem ser luz no seu caminho.<\/li>\n<\/ol>\n\n\n\n<h3 class=\"wp-block-heading\">B. <strong>Na fam\u00edlia: como viver o Dia das M\u00e3es de maneira cat\u00f3lica<\/strong><\/h3>\n\n\n\n<ul class=\"wp-block-list\">\n<li>Participe da <strong>Santa Missa em sua inten\u00e7\u00e3o<\/strong>, oferecendo a Eucaristia por ela.<\/li>\n\n\n\n<li>Reze em fam\u00edlia o <strong>Ter\u00e7o<\/strong>, agradecendo tanto a Maria quanto \u00e0 sua m\u00e3e.<\/li>\n\n\n\n<li><strong>Aben\u00e7oe sua m\u00e3e<\/strong> com \u00e1gua benta ou com uma ora\u00e7\u00e3o espont\u00e2nea, se ela estiver com voc\u00ea.<\/li>\n\n\n\n<li>Crie uma tradi\u00e7\u00e3o familiar de gratid\u00e3o: um almo\u00e7o especial, um momento de testemunhos, uma homenagem.<\/li>\n<\/ul>\n\n\n\n<h3 class=\"wp-block-heading\">C. <strong>Na comunidade: como promover e defender a maternidade publicamente<\/strong><\/h3>\n\n\n\n<ul class=\"wp-block-list\">\n<li>Apoie m\u00e3es em <strong>situa\u00e7\u00f5es vulner\u00e1veis<\/strong>, oferecendo tempo, escuta ou ajuda material.<\/li>\n\n\n\n<li>Testemunhe publicamente a <strong>beleza da maternidade<\/strong>: fale sobre ela nas redes sociais, em conversas, em iniciativas p\u00fablicas.<\/li>\n\n\n\n<li>Colabore com movimentos de <strong>defesa da vida<\/strong> e centros de apoio \u00e0 maternidade em risco.<\/li>\n<\/ul>\n\n\n\n<hr class=\"wp-block-separator has-alpha-channel-opacity\"\/>\n\n\n\n<h2 class=\"wp-block-heading\">7. <strong>Pensamento final: uma voca\u00e7\u00e3o insubstitu\u00edvel<\/strong><\/h2>\n\n\n\n<p>A maternidade n\u00e3o \u00e9 uma fun\u00e7\u00e3o secund\u00e1ria, nem um simples ato biol\u00f3gico. \u00c9 uma <strong>voca\u00e7\u00e3o sagrada<\/strong>, um canal privilegiado do amor de Deus. Hoje mais do que nunca precisamos <strong>redescobrir e valorizar as m\u00e3es<\/strong>, agradec\u00ea-las, escut\u00e1-las, apoi\u00e1-las e aben\u00e7o\u00e1-las.<\/p>\n\n\n\n<p>Em cada m\u00e3e que ama, que educa, que se doa, <strong>Deus continua agindo silenciosamente e poderosamente no mundo<\/strong>. Se quisermos construir uma sociedade mais justa, mais humana, mais santa, comecemos por <strong>honrar nossas m\u00e3es como verdadeiras hero\u00ednas do amor<\/strong>.<\/p>\n\n\n\n<hr class=\"wp-block-separator has-alpha-channel-opacity\"\/>\n\n\n\n<h2 class=\"wp-block-heading\">Ora\u00e7\u00e3o final pelas m\u00e3es<\/h2>\n\n\n\n<blockquote class=\"wp-block-quote is-layout-flow wp-block-quote-is-layout-flow\">\n<p><em>Deus de amor, te agradecemos pelo dom de nossas m\u00e3es. Por suas m\u00e3os que nos acariciaram, por seus joelhos dobrados em ora\u00e7\u00e3o, por suas palavras que nos guiaram. Rezamos pelas m\u00e3es que sofrem, pelas que est\u00e3o sozinhas, pelas que perderam filhos, pelas que est\u00e3o doentes. Maria, M\u00e3e de Jesus e nossa M\u00e3e, envolve-as com tua ternura e conduz todas elas a Ti. Am\u00e9m.<\/em><\/p>\n<\/blockquote>\n","protected":false},"excerpt":{"rendered":"<p>Introdu\u00e7\u00e3o: Celebrar a maternidade \u00e9 celebrar um dom de Deus A cada segundo domingo de maio, em muitos pa\u00edses, celebra-se o Dia das M\u00e3es \u2013 uma data profundamente humana e profundamente crist\u00e3. N\u00e3o se trata apenas de um costume cultural ou de um dia de presentes e flores: \u00e9 uma oportunidade dada pelo C\u00e9u para &hellip;<\/p>\n","protected":false},"author":3,"featured_media":3652,"comment_status":"open","ping_status":"open","sticky":false,"template":"","format":"standard","meta":{"_seopress_robots_primary_cat":"","_seopress_titles_title":"","_seopress_titles_desc":"","_seopress_robots_index":"","footnotes":""},"categories":[55,39],"tags":[1216],"class_list":["post-3651","post","type-post","status-publish","format-standard","has-post-thumbnail","","category-familia-e-matrimonio","category-moral-e-vida-crista","tag-mae"],"_links":{"self":[{"href":"https:\/\/catholicus.eu\/pt\/wp-json\/wp\/v2\/posts\/3651","targetHints":{"allow":["GET"]}}],"collection":[{"href":"https:\/\/catholicus.eu\/pt\/wp-json\/wp\/v2\/posts"}],"about":[{"href":"https:\/\/catholicus.eu\/pt\/wp-json\/wp\/v2\/types\/post"}],"author":[{"embeddable":true,"href":"https:\/\/catholicus.eu\/pt\/wp-json\/wp\/v2\/users\/3"}],"replies":[{"embeddable":true,"href":"https:\/\/catholicus.eu\/pt\/wp-json\/wp\/v2\/comments?post=3651"}],"version-history":[{"count":1,"href":"https:\/\/catholicus.eu\/pt\/wp-json\/wp\/v2\/posts\/3651\/revisions"}],"predecessor-version":[{"id":3653,"href":"https:\/\/catholicus.eu\/pt\/wp-json\/wp\/v2\/posts\/3651\/revisions\/3653"}],"wp:featuredmedia":[{"embeddable":true,"href":"https:\/\/catholicus.eu\/pt\/wp-json\/wp\/v2\/media\/3652"}],"wp:attachment":[{"href":"https:\/\/catholicus.eu\/pt\/wp-json\/wp\/v2\/media?parent=3651"}],"wp:term":[{"taxonomy":"category","embeddable":true,"href":"https:\/\/catholicus.eu\/pt\/wp-json\/wp\/v2\/categories?post=3651"},{"taxonomy":"post_tag","embeddable":true,"href":"https:\/\/catholicus.eu\/pt\/wp-json\/wp\/v2\/tags?post=3651"}],"curies":[{"name":"wp","href":"https:\/\/api.w.org\/{rel}","templated":true}]}}