{"id":3636,"date":"2025-05-03T18:04:28","date_gmt":"2025-05-03T16:04:28","guid":{"rendered":"https:\/\/catholicus.eu\/pt\/?p=3636"},"modified":"2025-05-03T18:04:28","modified_gmt":"2025-05-03T16:04:28","slug":"os-4-fins-da-liturgia-adorar-agradecer-pedir-e-reparar-o-pecado","status":"publish","type":"post","link":"https:\/\/catholicus.eu\/pt\/os-4-fins-da-liturgia-adorar-agradecer-pedir-e-reparar-o-pecado\/","title":{"rendered":"Os 4 Fins da Liturgia: Adorar, Agradecer, Pedir e Reparar o Pecado"},"content":{"rendered":"\n<h2 class=\"wp-block-heading\"><strong>Introdu\u00e7\u00e3o: Por Que a Liturgia \u00e9 o Cora\u00e7\u00e3o da Vida Crist\u00e3?<\/strong><\/h2>\n\n\n\n<p>Num mundo acelerado, cheio de ru\u00eddos e distra\u00e7\u00f5es, a liturgia cat\u00f3lica ergue-se como um farol de sentido sagrado. N\u00e3o \u00e9 um mero ritual, mas a express\u00e3o viva da f\u00e9 &#8211; o encontro entre o c\u00e9u e a terra. Mas qual \u00e9 seu verdadeiro prop\u00f3sito? A Igreja, guiada pela Tradi\u00e7\u00e3o e pela Sagrada Escritura, nos ensina que a liturgia tem&nbsp;<strong>quatro fins essenciais<\/strong>:<\/p>\n\n\n\n<ol start=\"1\" class=\"wp-block-list\">\n<li><strong>LATR\u00caUTICO<\/strong>\u00a0(Adora\u00e7\u00e3o)<\/li>\n\n\n\n<li><strong>EUCAR\u00cdSTICO<\/strong>\u00a0(A\u00e7\u00e3o de Gra\u00e7as)<\/li>\n\n\n\n<li><strong>IMPERAT\u00d3RIO<\/strong>\u00a0(S\u00faplica)<\/li>\n\n\n\n<li><strong>PROPICIAT\u00d3RIO<\/strong>\u00a0(Expia\u00e7\u00e3o do pecado)<\/li>\n<\/ol>\n\n\n\n<p>Estes fins n\u00e3o s\u00e3o abstratos: encarnam-se em cada Missa, em cada ora\u00e7\u00e3o lit\u00fargica, e devem moldar nossa vida espiritual. Aprofundemo-nos neles, descubramos suas ra\u00edzes b\u00edblicas e como aplic\u00e1-los hoje.<\/p>\n\n\n\n<hr class=\"wp-block-separator has-alpha-channel-opacity\"\/>\n\n\n\n<h2 class=\"wp-block-heading\"><strong>1. Fim Latr\u00eautico: Adorar a Deus como Senhor do Universo<\/strong><\/h2>\n\n\n\n<h3 class=\"wp-block-heading\"><strong>O Que Significa &#8220;Latr\u00eautico&#8221;?<\/strong><\/h3>\n\n\n\n<p>Vem do grego &#8220;latreia&#8221; (\u03bb\u03b1\u03c4\u03c1\u03b5\u03af\u03b1), que significa&nbsp;<strong>adora\u00e7\u00e3o<\/strong>, o ato supremo de reconhecer Deus como Criador e Dono de tudo. \u00c9 o primeiro mandamento:&nbsp;<em>&#8220;Ao Senhor teu Deus adorar\u00e1s, e s\u00f3 a Ele prestar\u00e1s culto&#8221;<\/em>&nbsp;(Mt 4:10).<\/p>\n\n\n\n<h3 class=\"wp-block-heading\"><strong>Teologia e Tradi\u00e7\u00e3o<\/strong><\/h3>\n\n\n\n<p>A liturgia \u00e9, antes de tudo,&nbsp;<strong>adora\u00e7\u00e3o<\/strong>. O Conc\u00edlio de Trento destacou isso contra os erros protestantes que reduziam a Missa a mero memorial. A &#8220;Sacrosanctum Concilium&#8221; (Vaticano II) afirma:&nbsp;<em>&#8220;A liturgia \u00e9 o exerc\u00edcio do sacerd\u00f3cio de Cristo&#8221;<\/em>&nbsp;(SC 7).<\/p>\n\n\n\n<p>Na Missa, o pr\u00f3prio Cristo, atrav\u00e9s do sacerdote,&nbsp;<strong>se oferece ao Pai<\/strong>. N\u00e3o somos n\u00f3s que &#8220;fazemos&#8221; algo, mas nos unimos ao sacrif\u00edcio eterno do Cordeiro.<\/p>\n\n\n\n<h3 class=\"wp-block-heading\"><strong>Aplica\u00e7\u00e3o Pr\u00e1tica: Recuperar o Temor Sagrado<\/strong><\/h3>\n\n\n\n<p>Hoje muitos cat\u00f3licos assistem \u00e0 Missa distra\u00eddos, como espectadores. Como viver o fim latr\u00eautico?<\/p>\n\n\n\n<ul class=\"wp-block-list\">\n<li><strong>Prepara\u00e7\u00e3o interior<\/strong>: Chegar alguns minutos antes, em sil\u00eancio, lembrando que entramos na presen\u00e7a do Sant\u00edssimo.<\/li>\n\n\n\n<li><strong>Atitudes reverentes<\/strong>: Ajoelhar-se, inclinar-se, fazer genuflex\u00e3o com devo\u00e7\u00e3o.<\/li>\n\n\n\n<li><strong>Canto e gestos<\/strong>: Participar ativamente, sem perder de vista que o centro \u00e9\u00a0<strong>Deus<\/strong>, n\u00e3o nossas emo\u00e7\u00f5es.<\/li>\n<\/ul>\n\n\n\n<hr class=\"wp-block-separator has-alpha-channel-opacity\"\/>\n\n\n\n<h2 class=\"wp-block-heading\"><strong>2. Fim Eucar\u00edstico: Agradecer pelos Dons de Deus<\/strong><\/h2>\n\n\n\n<h3 class=\"wp-block-heading\"><strong>A Eucaristia: A\u00e7\u00e3o de Gra\u00e7as<\/strong><\/h3>\n\n\n\n<p>&#8220;Eucaristia&#8221; vem do grego &#8220;eucharistia&#8221; (\u03b5\u1f50\u03c7\u03b1\u03c1\u03b9\u03c3\u03c4\u03af\u03b1), que significa&nbsp;<strong>a\u00e7\u00e3o de gra\u00e7as<\/strong>. S\u00e3o Paulo exorta:&nbsp;<em>&#8220;Em tudo dai gra\u00e7as&#8221;<\/em>&nbsp;(1Ts 5:18).<\/p>\n\n\n\n<h3 class=\"wp-block-heading\"><strong>Teologia: Cristo, o Grande Agradecido<\/strong><\/h3>\n\n\n\n<p>Na \u00daltima Ceia, Jesus&nbsp;<strong>tomou o p\u00e3o, deu gra\u00e7as<\/strong>&nbsp;(Lc 22:19). Toda sua vida foi um cont\u00ednuo&nbsp;<em>&#8220;Gra\u00e7as, Pai&#8221;<\/em>. A liturgia prolonga este gesto: n\u00e3o s\u00f3 agradecemos pelo que recebemos, mas&nbsp;<strong>a pr\u00f3pria Eucaristia \u00e9 o maior agradecimento<\/strong>.<\/p>\n\n\n\n<h3 class=\"wp-block-heading\"><strong>Aplica\u00e7\u00e3o Pr\u00e1tica: Cultivar um Cora\u00e7\u00e3o Grato<\/strong><\/h3>\n\n\n\n<p>Vivemos numa cultura de lamenta\u00e7\u00e3o. A liturgia nos ensina a ver tudo como dom.<\/p>\n\n\n\n<ul class=\"wp-block-list\">\n<li><strong>Di\u00e1rio de gra\u00e7as<\/strong>: Anotar tr\u00eas b\u00ean\u00e7\u00e3os di\u00e1rias.<\/li>\n\n\n\n<li><strong>Obla\u00e7\u00e3o na Missa<\/strong>: Oferecer alegrias e trabalhos no ofert\u00f3rio.<\/li>\n\n\n\n<li><strong>Agradecimento ap\u00f3s a comunh\u00e3o<\/strong>: Um momento \u00edntimo com Jesus para dizer\u00a0<em>&#8220;Obrigado&#8221;<\/em>.<\/li>\n<\/ul>\n\n\n\n<hr class=\"wp-block-separator has-alpha-channel-opacity\"\/>\n\n\n\n<h2 class=\"wp-block-heading\"><strong>3. Fim Imperat\u00f3rio: Pedir a Deus por Nossas Necessidades<\/strong><\/h2>\n\n\n\n<h3 class=\"wp-block-heading\"><strong>&#8220;Imperat\u00f3rio&#8221;: Suplicar com F\u00e9<\/strong><\/h3>\n\n\n\n<p>Do latim &#8220;imperare&#8221; (pedir), este fim reconhece que&nbsp;<strong>dependemos de Deus<\/strong>. A liturgia est\u00e1 cheia de s\u00faplicas:&nbsp;<em>&#8220;Kyrie eleison&#8221;<\/em>,&nbsp;<em>&#8220;Ouvi-nos, Senhor&#8221;<\/em>.<\/p>\n\n\n\n<h3 class=\"wp-block-heading\"><strong>Teologia: Cristo, Intercessor junto ao Pai<\/strong><\/h3>\n\n\n\n<p><em>&#8220;Tudo o que pedirdes em meu nome, eu o farei&#8221;<\/em>&nbsp;(Jo 14:13). A liturgia n\u00e3o \u00e9 magia, mas&nbsp;<strong>Deus quer que Lhe pe\u00e7amos<\/strong>&nbsp;com humildade.<\/p>\n\n\n\n<h3 class=\"wp-block-heading\"><strong>Aplica\u00e7\u00e3o Pr\u00e1tica: Rezar como Pobres de Esp\u00edrito<\/strong><\/h3>\n\n\n\n<p>Hoje muitos pedem s\u00f3 bens materiais. A liturgia nos ensina a pedir&nbsp;<strong>o essencial<\/strong>:<\/p>\n\n\n\n<ul class=\"wp-block-list\">\n<li><strong>Pela Igreja e o mundo<\/strong>: Nas preces universais.<\/li>\n\n\n\n<li><strong>Pelos falecidos<\/strong>: No &#8220;Memento&#8221;.<\/li>\n\n\n\n<li><strong>Pela convers\u00e3o pessoal<\/strong>:\u00a0<em>&#8220;Senhor, que eu veja&#8221;<\/em>\u00a0(Mc 10:51).<\/li>\n<\/ul>\n\n\n\n<hr class=\"wp-block-separator has-alpha-channel-opacity\"\/>\n\n\n\n<h2 class=\"wp-block-heading\"><strong>4. Fim Propiciat\u00f3rio: Reparar o Pecado<\/strong><\/h2>\n\n\n\n<h3 class=\"wp-block-heading\"><strong>Expia\u00e7\u00e3o: O Sacrif\u00edcio que Nos Purifica<\/strong><\/h3>\n\n\n\n<p><em>&#8220;Isto \u00e9 o meu corpo, que \u00e9 dado por v\u00f3s&#8221;<\/em>&nbsp;(Lc 22:19). A liturgia&nbsp;<strong>torna presente o Calv\u00e1rio<\/strong>, onde Cristo se ofereceu por nossos pecados.<\/p>\n\n\n\n<h3 class=\"wp-block-heading\"><strong>Teologia: A Missa, Sacrif\u00edcio de Repara\u00e7\u00e3o<\/strong><\/h3>\n\n\n\n<p>O Conc\u00edlio de Trento definiu que a Missa&nbsp;<strong>\u00e9 o mesmo sacrif\u00edcio da Cruz<\/strong>, aplicando-nos seus frutos. N\u00e3o \u00e9 um &#8220;novo&#8221; sacrif\u00edcio, mas&nbsp;<strong>o \u00fanico, tornado presente<\/strong>.<\/p>\n\n\n\n<h3 class=\"wp-block-heading\"><strong>Aplica\u00e7\u00e3o Pr\u00e1tica: Viver em Estado de Gra\u00e7a<\/strong><\/h3>\n\n\n\n<p>Hoje perdeu-se o sentido do pecado. Como viver este fim?<\/p>\n\n\n\n<ul class=\"wp-block-list\">\n<li><strong>Confiss\u00e3o frequente<\/strong>: Para receber a Eucaristia com alma pura.<\/li>\n\n\n\n<li><strong>Oferecer sacrif\u00edcios<\/strong>: Unir pequenas ren\u00fancias \u00e0 Missa.<\/li>\n\n\n\n<li><strong>Adora\u00e7\u00e3o reparadora<\/strong>: Consolar o Cora\u00e7\u00e3o de Jesus pelas ofensas.<\/li>\n<\/ul>\n\n\n\n<hr class=\"wp-block-separator has-alpha-channel-opacity\"\/>\n\n\n\n<h2 class=\"wp-block-heading\"><strong>Conclus\u00e3o: A Liturgia, Escola de Vida Eterna<\/strong><\/h2>\n\n\n\n<p>Os quatro fins da liturgia n\u00e3o s\u00e3o teoria &#8211; s\u00e3o&nbsp;<strong>caminho de santidade<\/strong>. Ensinam-nos:<\/p>\n\n\n\n<ol start=\"1\" class=\"wp-block-list\">\n<li><strong>A p\u00f4r Deus em primeiro lugar<\/strong>\u00a0(latr\u00eautico)<\/li>\n\n\n\n<li><strong>A viver com gratid\u00e3o<\/strong>\u00a0(eucar\u00edstico)<\/li>\n\n\n\n<li><strong>A pedir com confian\u00e7a<\/strong>\u00a0(imperat\u00f3rio)<\/li>\n\n\n\n<li><strong>A amar a Cruz<\/strong>\u00a0(propiciat\u00f3rio)<\/li>\n<\/ol>\n\n\n\n<p>Num mundo que esquece Deus, a liturgia \u00e9&nbsp;<strong>o ant\u00eddoto<\/strong>. Que cada Missa seja para n\u00f3s&nbsp;<strong>c\u00e9u na terra<\/strong>.<\/p>\n\n\n\n<p><em>&#8220;Por Cristo, com Cristo e em Cristo, a V\u00f3s, Deus Pai todo-poderoso, na unidade do Esp\u00edrito Santo, toda honra e toda gl\u00f3ria para sempre. Am\u00e9m.&#8221;<\/em>&nbsp;(Doxologia final da Ora\u00e7\u00e3o Eucar\u00edstica).<\/p>\n\n\n\n<h3 class=\"wp-block-heading\"><strong>Reflex\u00e3o Final<\/strong><\/h3>\n\n\n\n<p>Vives a Missa como adora\u00e7\u00e3o, a\u00e7\u00e3o de gra\u00e7as, s\u00faplica e repara\u00e7\u00e3o? Hoje \u00e9 o dia para amar mais a liturgia e deixar-te transformar por ela.<\/p>\n\n\n\n<p><strong>Assim seja!<\/strong><\/p>\n","protected":false},"excerpt":{"rendered":"<p>Introdu\u00e7\u00e3o: Por Que a Liturgia \u00e9 o Cora\u00e7\u00e3o da Vida Crist\u00e3? Num mundo acelerado, cheio de ru\u00eddos e distra\u00e7\u00f5es, a liturgia cat\u00f3lica ergue-se como um farol de sentido sagrado. N\u00e3o \u00e9 um mero ritual, mas a express\u00e3o viva da f\u00e9 &#8211; o encontro entre o c\u00e9u e a terra. Mas qual \u00e9 seu verdadeiro prop\u00f3sito? &hellip;<\/p>\n","protected":false},"author":3,"featured_media":3637,"comment_status":"open","ping_status":"open","sticky":false,"template":"","format":"standard","meta":{"_seopress_robots_primary_cat":"","_seopress_titles_title":"","_seopress_titles_desc":"","_seopress_robots_index":"","footnotes":""},"categories":[38,52],"tags":[1209],"class_list":["post-3636","post","type-post","status-publish","format-standard","has-post-thumbnail","","category-historia-e-tradicao","category-liturgia-e-ano-liturgico","tag-4-fins-da-liturgia"],"_links":{"self":[{"href":"https:\/\/catholicus.eu\/pt\/wp-json\/wp\/v2\/posts\/3636","targetHints":{"allow":["GET"]}}],"collection":[{"href":"https:\/\/catholicus.eu\/pt\/wp-json\/wp\/v2\/posts"}],"about":[{"href":"https:\/\/catholicus.eu\/pt\/wp-json\/wp\/v2\/types\/post"}],"author":[{"embeddable":true,"href":"https:\/\/catholicus.eu\/pt\/wp-json\/wp\/v2\/users\/3"}],"replies":[{"embeddable":true,"href":"https:\/\/catholicus.eu\/pt\/wp-json\/wp\/v2\/comments?post=3636"}],"version-history":[{"count":1,"href":"https:\/\/catholicus.eu\/pt\/wp-json\/wp\/v2\/posts\/3636\/revisions"}],"predecessor-version":[{"id":3638,"href":"https:\/\/catholicus.eu\/pt\/wp-json\/wp\/v2\/posts\/3636\/revisions\/3638"}],"wp:featuredmedia":[{"embeddable":true,"href":"https:\/\/catholicus.eu\/pt\/wp-json\/wp\/v2\/media\/3637"}],"wp:attachment":[{"href":"https:\/\/catholicus.eu\/pt\/wp-json\/wp\/v2\/media?parent=3636"}],"wp:term":[{"taxonomy":"category","embeddable":true,"href":"https:\/\/catholicus.eu\/pt\/wp-json\/wp\/v2\/categories?post=3636"},{"taxonomy":"post_tag","embeddable":true,"href":"https:\/\/catholicus.eu\/pt\/wp-json\/wp\/v2\/tags?post=3636"}],"curies":[{"name":"wp","href":"https:\/\/api.w.org\/{rel}","templated":true}]}}