{"id":3633,"date":"2025-05-02T23:35:12","date_gmt":"2025-05-02T21:35:12","guid":{"rendered":"https:\/\/catholicus.eu\/pt\/?p=3633"},"modified":"2025-05-02T23:35:12","modified_gmt":"2025-05-02T21:35:12","slug":"ela-veio-antes-de-tudo-a-primeira-aparicao-mariana-da-cristandade-que-transformou-a-historia","status":"publish","type":"post","link":"https:\/\/catholicus.eu\/pt\/ela-veio-antes-de-tudo-a-primeira-aparicao-mariana-da-cristandade-que-transformou-a-historia\/","title":{"rendered":"Ela veio antes de tudo: A primeira apari\u00e7\u00e3o mariana da Cristandade que transformou a hist\u00f3ria"},"content":{"rendered":"\n<h3 class=\"wp-block-heading\"><strong>Introdu\u00e7\u00e3o: Uma visita silenciosa que mudou o curso da f\u00e9<\/strong><\/h3>\n\n\n\n<p>Quando pensamos em apari\u00e7\u00f5es marianas, v\u00eam \u00e0 nossa mente Lourdes, F\u00e1tima, Guadalupe ou La Salette. S\u00e3o lugares que, s\u00e9culos ap\u00f3s o nascimento da Igreja, se tornaram epicentros de f\u00e9, convers\u00e3o e milagres. Mas poucos sabem que <strong>a primeira apari\u00e7\u00e3o mariana da Cristandade aconteceu apenas alguns anos depois da Ascens\u00e3o de Cristo<\/strong>, e n\u00e3o na Terra Santa, mas no que hoje \u00e9 <strong>Zaragoza, Espanha<\/strong>. Esta apari\u00e7\u00e3o \u00e9 \u00fanica: n\u00e3o apenas por sua antiguidade, mas porque <strong>ocorreu enquanto a Virgem Maria ainda estava viva<\/strong>, antes de sua Assun\u00e7\u00e3o.<\/p>\n\n\n\n<p>A Igreja a reconhece como <strong>a invoca\u00e7\u00e3o de Nossa Senhora do Pilar<\/strong>, e seu testemunho acompanhou a f\u00e9 de milh\u00f5es ao longo de dois mil\u00eanios. Esta apari\u00e7\u00e3o n\u00e3o est\u00e1 apenas revestida de profundo simbolismo, mas nos oferece um poderoso guia pastoral e espiritual para os nossos dias, marcados pelo individualismo, pela d\u00favida e pela perda do sentido da miss\u00e3o.<\/p>\n\n\n\n<hr class=\"wp-block-separator has-alpha-channel-opacity\"\/>\n\n\n\n<h2 class=\"wp-block-heading\"><strong>I. Hist\u00f3ria e contexto: O que aconteceu em Zaragoza no ano 40 d.C.?<\/strong><\/h2>\n\n\n\n<h3 class=\"wp-block-heading\"><strong>Um ap\u00f3stolo desanimado, uma M\u00e3e que consola<\/strong><\/h3>\n\n\n\n<p>S\u00e3o Tiago Maior, irm\u00e3o de S\u00e3o Jo\u00e3o Evangelista e filho de Zebedeu, foi um dos disc\u00edpulos mais pr\u00f3ximos de Cristo. Ap\u00f3s Pentecostes, ele empreendeu a evangeliza\u00e7\u00e3o na Pen\u00ednsula Ib\u00e9rica. No entanto, <strong>a dureza de cora\u00e7\u00e3o dos povos hisp\u00e2nicos e os escassos frutos de sua prega\u00e7\u00e3o<\/strong> o levaram ao des\u00e2nimo. Ele estava em Zaragoza \u2014 ent\u00e3o Caesaraugusta \u2014 com apenas um punhado de convertidos, quando aconteceu o inesperado.<\/p>\n\n\n\n<h3 class=\"wp-block-heading\"><strong>A apari\u00e7\u00e3o: Maria vem em corpo mortal<\/strong><\/h3>\n\n\n\n<p>A tradi\u00e7\u00e3o, transmitida por s\u00e9culos e guardada pela Igreja, narra que <strong>a Virgem Maria apareceu a Tiago<\/strong> sobre um pilar de jaspe, acompanhada de anjos, para <strong>anim\u00e1-lo a perseverar em sua miss\u00e3o evangelizadora<\/strong>. O surpreendente \u00e9 que <strong>Maria ainda vivia em \u00c9feso<\/strong>, segundo v\u00e1rias fontes patr\u00edsticas e ap\u00f3crifas. N\u00e3o foi uma apari\u00e7\u00e3o espiritual posterior \u00e0 sua Assun\u00e7\u00e3o, mas uma <strong>biloca\u00e7\u00e3o milagrosa<\/strong>, antecipando o poder glorioso que ela teria plenamente no C\u00e9u.<\/p>\n\n\n\n<p>Ela entregou o <strong>pilar<\/strong> \u2014 s\u00edmbolo de firmeza e f\u00e9 \u2014 e pediu que <strong>ele constru\u00edsse ali uma capela em sua honra<\/strong>, profetizando que aquele lugar nunca seria destru\u00eddo. Assim nasceu <strong>o primeiro santu\u00e1rio mariano do mundo<\/strong>, cuja devo\u00e7\u00e3o permanece viva at\u00e9 hoje: a <strong>Bas\u00edlica do Pilar<\/strong>.<\/p>\n\n\n\n<hr class=\"wp-block-separator has-alpha-channel-opacity\"\/>\n\n\n\n<h2 class=\"wp-block-heading\"><strong>II. Fontes hist\u00f3ricas e tradi\u00e7\u00e3o eclesial<\/strong><\/h2>\n\n\n\n<h3 class=\"wp-block-heading\"><strong>Testemunhos antigos<\/strong><\/h3>\n\n\n\n<p>Embora os Evangelhos e os Atos dos Ap\u00f3stolos n\u00e3o relatem esta apari\u00e7\u00e3o (pois est\u00e3o centrados na vida de Cristo e na expans\u00e3o imediata do cristianismo), existem fontes muito antigas que sustentam este evento:<\/p>\n\n\n\n<ul class=\"wp-block-list\">\n<li><strong>O Brevi\u00e1rio Romano<\/strong> do s\u00e9culo XII menciona a apari\u00e7\u00e3o como uma tradi\u00e7\u00e3o venerada desde tempos remotos.<\/li>\n\n\n\n<li><strong>O Martirol\u00f3gio Romano<\/strong>, aprovado pela Santa S\u00e9, celebra o dia 12 de outubro como a data desta apari\u00e7\u00e3o.<\/li>\n\n\n\n<li>Escritos de autores como o <strong>Beato Juan de Mariana<\/strong>, o <strong>Pe. Mariana S.J.<\/strong>, e numerosos historiadores eclesi\u00e1sticos espanh\u00f3is dos s\u00e9culos XVI e XVII registram o testemunho desta tradi\u00e7\u00e3o.<\/li>\n\n\n\n<li>Al\u00e9m disso, h\u00e1 inscri\u00e7\u00f5es no pr\u00f3prio templo que datam do s\u00e9culo IX e confirmam a persist\u00eancia desta devo\u00e7\u00e3o ininterrupta desde o s\u00e9culo I.<\/li>\n<\/ul>\n\n\n\n<h3 class=\"wp-block-heading\"><strong>Aprova\u00e7\u00e3o eclesial<\/strong><\/h3>\n\n\n\n<p>A Santa S\u00e9 <strong>reconhece oficialmente a apari\u00e7\u00e3o<\/strong>, especialmente na liturgia da Virgem do Pilar, e <strong>concedeu indulg\u00eancias<\/strong> para aqueles que a veneram. A bas\u00edlica de Zaragoza foi elevada ao status de <strong>bas\u00edlica menor<\/strong>, e o culto a Nossa Senhora do Pilar \u00e9 um dos mais antigos e difundidos do mundo hisp\u00e2nico.<\/p>\n\n\n\n<hr class=\"wp-block-separator has-alpha-channel-opacity\"\/>\n\n\n\n<h2 class=\"wp-block-heading\"><strong>III. Relev\u00e2ncia teol\u00f3gica: O que esta apari\u00e7\u00e3o nos ensina?<\/strong><\/h2>\n\n\n\n<h3 class=\"wp-block-heading\"><strong>1. Maria, modelo e m\u00e3e dos mission\u00e1rios<\/strong><\/h3>\n\n\n\n<p>A Virgem n\u00e3o esperou estar no C\u00e9u para assistir os ap\u00f3stolos. Ela veio em corpo e alma \u2014 como intercessora e m\u00e3e \u2014 para <strong>fortalecer a f\u00e9 de quem levava o Evangelho a novos povos<\/strong>. Isso revela uma dimens\u00e3o profundamente mission\u00e1ria de Maria. Ela <strong>n\u00e3o \u00e9 uma figura passiva ou apenas contemplativa<\/strong>, mas est\u00e1 ativa, presente, viva.<\/p>\n\n\n\n<p>Como diz o Evangelho:<\/p>\n\n\n\n<blockquote class=\"wp-block-quote is-layout-flow wp-block-quote-is-layout-flow\">\n<p><em>\u201cEis que estou convosco todos os dias, at\u00e9 o fim do mundo\u201d<\/em> (Mt 28,20).<br>Essas palavras do Senhor se atualizam em sua M\u00e3e, que participa de sua miss\u00e3o.<\/p>\n<\/blockquote>\n\n\n\n<h3 class=\"wp-block-heading\"><strong>2. O Pilar como s\u00edmbolo eclesiol\u00f3gico<\/strong><\/h3>\n\n\n\n<p>O pilar entregue pela Virgem representa a <strong>firmeza da f\u00e9<\/strong>, como escreveu S\u00e3o Paulo:<\/p>\n\n\n\n<blockquote class=\"wp-block-quote is-layout-flow wp-block-quote-is-layout-flow\">\n<p><em>\u201cA Igreja \u00e9 coluna e sustent\u00e1culo da verdade\u201d<\/em> (1Tm 3,15).<\/p>\n<\/blockquote>\n\n\n\n<p>Maria n\u00e3o apenas animou Tiago: ela lhe deu um sinal concreto, vis\u00edvel, que permanece. Esta coluna se tornou um <strong>s\u00edmbolo de fidelidade, perseveran\u00e7a e pureza doutrinal<\/strong>, tr\u00eas virtudes especialmente necess\u00e1rias em tempos de confus\u00e3o e relativismo.<\/p>\n\n\n\n<h3 class=\"wp-block-heading\"><strong>3. Maria e a unidade do corpo apost\u00f3lico<\/strong><\/h3>\n\n\n\n<p>Embora estivesse em \u00c9feso, Maria n\u00e3o era alheia \u00e0s lutas dos outros ap\u00f3stolos. Sua interven\u00e7\u00e3o sobrenatural <strong>une os extremos do mundo crist\u00e3o primitivo<\/strong> e antecipa seu papel como <strong>M\u00e3e da Igreja universal<\/strong>.<\/p>\n\n\n\n<hr class=\"wp-block-separator has-alpha-channel-opacity\"\/>\n\n\n\n<h2 class=\"wp-block-heading\"><strong>IV. Aplica\u00e7\u00f5es espirituais e pastorais hoje<\/strong><\/h2>\n\n\n\n<h3 class=\"wp-block-heading\"><strong>Como pode nos ajudar hoje a apari\u00e7\u00e3o do Pilar?<\/strong><\/h3>\n\n\n\n<p>Vivemos tempos de <strong>decad\u00eancia espiritual, confus\u00e3o doutrinal e des\u00e2nimo apost\u00f3lico<\/strong>. Muitos sentem que evangelizar \u00e9 in\u00fatil, que a f\u00e9 est\u00e1 se extinguindo, que falar de Cristo \u00e9 uma causa perdida.<\/p>\n\n\n\n<p>Diante disso, <strong>a Virgem do Pilar nos oferece quatro li\u00e7\u00f5es essenciais<\/strong>:<\/p>\n\n\n\n<h4 class=\"wp-block-heading\"><strong>1. Perseveran\u00e7a na miss\u00e3o<\/strong><\/h4>\n\n\n\n<p>Mesmo que voc\u00ea n\u00e3o veja frutos, <strong>Deus v\u00ea seu esfor\u00e7o<\/strong>. Maria n\u00e3o veio mudar os cora\u00e7\u00f5es por Tiago, mas <strong>dar-lhe \u00e2nimo para continuar semeando<\/strong>.<\/p>\n\n\n\n<h4 class=\"wp-block-heading\"><strong>2. F\u00e9 firme como o Pilar<\/strong><\/h4>\n\n\n\n<p>Nossa f\u00e9 n\u00e3o deve ser emo\u00e7\u00e3o, mas <strong>convic\u00e7\u00e3o s\u00f3lida<\/strong>, como uma coluna que n\u00e3o treme com o vento das modas nem do erro.<\/p>\n\n\n\n<h4 class=\"wp-block-heading\"><strong>3. Presen\u00e7a mariana constante<\/strong><\/h4>\n\n\n\n<p>Maria <strong>n\u00e3o abandona seus filhos<\/strong>, nem no s\u00e9culo I nem no XXI. Ela est\u00e1 presente nos momentos de prova, mesmo que n\u00e3o a sintamos. Devemos <strong>invoc\u00e1-la diariamente<\/strong>, como faziam os primeiros crist\u00e3os.<\/p>\n\n\n\n<h4 class=\"wp-block-heading\"><strong>4. O poder do pequeno<\/strong><\/h4>\n\n\n\n<p>Tiago n\u00e3o tinha grandes multid\u00f5es nem estruturas. Tinha f\u00e9, alguns disc\u00edpulos\u2026 e uma visita do C\u00e9u. <strong>Deus age com o pequeno quando \u00e9 fiel<\/strong>.<\/p>\n\n\n\n<hr class=\"wp-block-separator has-alpha-channel-opacity\"\/>\n\n\n\n<h2 class=\"wp-block-heading\"><strong>V. Guia pr\u00e1tica: viver hoje sob o amparo do Pilar<\/strong><\/h2>\n\n\n\n<p>Proponho uma guia pastoral e teol\u00f3gica para integrar esta apari\u00e7\u00e3o na sua vida cotidiana:<\/p>\n\n\n\n<h3 class=\"wp-block-heading\"><strong>1. Consagra\u00e7\u00e3o \u00e0 Virgem do Pilar<\/strong><\/h3>\n\n\n\n<p>Dedique uma ora\u00e7\u00e3o di\u00e1ria a Maria sob esta invoca\u00e7\u00e3o. Voc\u00ea pode dizer:<br><em>&#8220;\u00d3 Maria do Pilar, fortalece minha f\u00e9, sustenta minha esperan\u00e7a e n\u00e3o permitas que eu desfale\u00e7a no caminho que Cristo me confiou.&#8221;<\/em><\/p>\n\n\n\n<h3 class=\"wp-block-heading\"><strong>2. Reze o Ros\u00e1rio com inten\u00e7\u00e3o mission\u00e1ria<\/strong><\/h3>\n\n\n\n<p>Imite Tiago. Pe\u00e7a em cada mist\u00e9rio por uma alma que ainda n\u00e3o conhece a Cristo.<\/p>\n\n\n\n<h3 class=\"wp-block-heading\"><strong>3. Leia os Atos dos Ap\u00f3stolos<\/strong><\/h3>\n\n\n\n<p>Especialmente os cap\u00edtulos 1\u201312, onde aparece o zelo apost\u00f3lico de Tiago. Fa\u00e7a uma lectio divina semanal e aplique seu exemplo ao seu entorno: fam\u00edlia, trabalho, amizades.<\/p>\n\n\n\n<h3 class=\"wp-block-heading\"><strong>4. Celebre o 12 de outubro com sentido espiritual<\/strong><\/h3>\n\n\n\n<p>Al\u00e9m das festas civis, fa\u00e7a deste dia <strong>um momento de renova\u00e7\u00e3o do seu compromisso crist\u00e3o<\/strong>. V\u00e1 \u00e0 Missa, reze o Ros\u00e1rio, jejue se puder.<\/p>\n\n\n\n<h3 class=\"wp-block-heading\"><strong>5. Coloque um pequeno \u201cpilar\u201d em sua casa<\/strong><\/h3>\n\n\n\n<p>Pode ser uma vela, uma imagem ou uma pequena coluna com a Virgem do Pilar. Que ela te lembre diariamente: \u201cS\u00ea firme na f\u00e9!\u201d<\/p>\n\n\n\n<hr class=\"wp-block-separator has-alpha-channel-opacity\"\/>\n\n\n\n<h2 class=\"wp-block-heading\"><strong>Conclus\u00e3o: Uma M\u00e3e que nunca se esquece de seus filhos<\/strong><\/h2>\n\n\n\n<p>A primeira apari\u00e7\u00e3o mariana n\u00e3o foi um gesto extraordin\u00e1rio sem sentido. Foi <strong>uma interven\u00e7\u00e3o amorosa de uma M\u00e3e que v\u00ea seu filho em apuros e vem em seu aux\u00edlio<\/strong>. Assim \u00e9 Maria do Pilar: firme, constante, presente, consoladora.<\/p>\n\n\n\n<p>Hoje, como ent\u00e3o, <strong>a evangeliza\u00e7\u00e3o \u00e9 dif\u00edcil, a f\u00e9 \u00e9 combatida, os cora\u00e7\u00f5es parecem duros<\/strong>. Mas tamb\u00e9m hoje, Maria vem at\u00e9 n\u00f3s com a mesma ternura, com o mesmo Pilar, para nos sustentar.<\/p>\n\n\n\n<p>Como disse o Papa Bento XVI:<\/p>\n\n\n\n<blockquote class=\"wp-block-quote is-layout-flow wp-block-quote-is-layout-flow\">\n<p><em>\u201cA f\u00e9 precisa do apoio de sinais vis\u00edveis. Mas os sinais vis\u00edveis mais fortes de Deus s\u00e3o os santos e Maria Sant\u00edssima.\u201d<\/em><\/p>\n<\/blockquote>\n\n\n\n<p>Voc\u00ea n\u00e3o est\u00e1 sozinho. Tiago n\u00e3o esteve. E com Maria do Pilar, <strong>tamb\u00e9m n\u00e3o estar\u00e1 a Igreja nestes tempos dif\u00edceis<\/strong>.<\/p>\n","protected":false},"excerpt":{"rendered":"<p>Introdu\u00e7\u00e3o: Uma visita silenciosa que mudou o curso da f\u00e9 Quando pensamos em apari\u00e7\u00f5es marianas, v\u00eam \u00e0 nossa mente Lourdes, F\u00e1tima, Guadalupe ou La Salette. S\u00e3o lugares que, s\u00e9culos ap\u00f3s o nascimento da Igreja, se tornaram epicentros de f\u00e9, convers\u00e3o e milagres. Mas poucos sabem que a primeira apari\u00e7\u00e3o mariana da Cristandade aconteceu apenas alguns &hellip;<\/p>\n","protected":false},"author":3,"featured_media":3634,"comment_status":"open","ping_status":"open","sticky":false,"template":"","format":"standard","meta":{"_seopress_robots_primary_cat":"","_seopress_titles_title":"","_seopress_titles_desc":"","_seopress_robots_index":"","footnotes":""},"categories":[60,40],"tags":[592,1208],"class_list":["post-3633","post","type-post","status-publish","format-standard","has-post-thumbnail","","category-devocoes-marianas","category-oracao-e-espiritualidade","tag-nossa-senhora-do-pilar","tag-primeira-aparicao-mariana"],"_links":{"self":[{"href":"https:\/\/catholicus.eu\/pt\/wp-json\/wp\/v2\/posts\/3633","targetHints":{"allow":["GET"]}}],"collection":[{"href":"https:\/\/catholicus.eu\/pt\/wp-json\/wp\/v2\/posts"}],"about":[{"href":"https:\/\/catholicus.eu\/pt\/wp-json\/wp\/v2\/types\/post"}],"author":[{"embeddable":true,"href":"https:\/\/catholicus.eu\/pt\/wp-json\/wp\/v2\/users\/3"}],"replies":[{"embeddable":true,"href":"https:\/\/catholicus.eu\/pt\/wp-json\/wp\/v2\/comments?post=3633"}],"version-history":[{"count":1,"href":"https:\/\/catholicus.eu\/pt\/wp-json\/wp\/v2\/posts\/3633\/revisions"}],"predecessor-version":[{"id":3635,"href":"https:\/\/catholicus.eu\/pt\/wp-json\/wp\/v2\/posts\/3633\/revisions\/3635"}],"wp:featuredmedia":[{"embeddable":true,"href":"https:\/\/catholicus.eu\/pt\/wp-json\/wp\/v2\/media\/3634"}],"wp:attachment":[{"href":"https:\/\/catholicus.eu\/pt\/wp-json\/wp\/v2\/media?parent=3633"}],"wp:term":[{"taxonomy":"category","embeddable":true,"href":"https:\/\/catholicus.eu\/pt\/wp-json\/wp\/v2\/categories?post=3633"},{"taxonomy":"post_tag","embeddable":true,"href":"https:\/\/catholicus.eu\/pt\/wp-json\/wp\/v2\/tags?post=3633"}],"curies":[{"name":"wp","href":"https:\/\/api.w.org\/{rel}","templated":true}]}}