{"id":3630,"date":"2025-05-02T22:35:47","date_gmt":"2025-05-02T20:35:47","guid":{"rendered":"https:\/\/catholicus.eu\/pt\/?p=3630"},"modified":"2025-05-02T22:35:47","modified_gmt":"2025-05-02T20:35:47","slug":"o-pusillus-grex-versus-a-apostasia-universal-esperanca-em-tempos-dificeis","status":"publish","type":"post","link":"https:\/\/catholicus.eu\/pt\/o-pusillus-grex-versus-a-apostasia-universal-esperanca-em-tempos-dificeis\/","title":{"rendered":"O &#8220;pusillus grex&#8221; versus a apostasia universal: Esperan\u00e7a em tempos dif\u00edceis"},"content":{"rendered":"\n<p><em>Um guia teol\u00f3gico e espiritual para os fi\u00e9is do s\u00e9culo XXI<\/em><\/p>\n\n\n\n<hr class=\"wp-block-separator has-alpha-channel-opacity\"\/>\n\n\n\n<h3 class=\"wp-block-heading\">Introdu\u00e7\u00e3o: Um consolo em meio \u00e0 confus\u00e3o<\/h3>\n\n\n\n<p>Vivemos uma \u00e9poca de confus\u00e3o espiritual, crise de identidade dentro da Igreja, crescente desconfian\u00e7a em suas estruturas e um mundo que parece virar as costas para Deus. Muitos cat\u00f3licos se sentem perdidos ou at\u00e9 mesmo abandonados diante do enfraquecimento da doutrina, do relativismo moral e do abandono progressivo dos valores crist\u00e3os. Perguntam-se: o que ser\u00e1 da Igreja? Onde est\u00e1 Deus em meio a esta aparente apostasia universal?<\/p>\n\n\n\n<p>Nesse contexto, um vers\u00edculo do Evangelho, que serviu de farol para gera\u00e7\u00f5es de fi\u00e9is \u2014 perseguidos ou marginalizados por sua fidelidade \u00e0 verdade \u2014 ressoa com for\u00e7a e esperan\u00e7a:<\/p>\n\n\n\n<blockquote class=\"wp-block-quote is-layout-flow wp-block-quote-is-layout-flow\">\n<p><strong>&#8220;N\u00e3o temas, pequeno rebanho, porque foi do agrado do vosso Pai dar-vos o Reino.&#8221;<\/strong> (Lc 12,32)<\/p>\n<\/blockquote>\n\n\n\n<p>Esse <em>pusillus grex<\/em> \u2014 que em latim significa &#8220;pequeno rebanho&#8221; \u2014 \u00e9 hoje mais do que nunca uma chave teol\u00f3gica e pastoral para compreender os sinais dos tempos. Neste artigo, exploraremos seu significado profundo, o contexto hist\u00f3rico e a relev\u00e2ncia espiritual, e veremos como os cat\u00f3licos podem viver essa realidade como b\u00fassola espiritual em tempos de apostasia.<\/p>\n\n\n\n<hr class=\"wp-block-separator has-alpha-channel-opacity\"\/>\n\n\n\n<h3 class=\"wp-block-heading\">I. O que \u00e9 o \u201cpusillus grex\u201d?<\/h3>\n\n\n\n<p>A express\u00e3o vem diretamente do Evangelho de Lucas, onde Cristo encoraja seus disc\u00edpulos a n\u00e3o temerem apesar de sua pequenez e aparente irrelev\u00e2ncia. Jesus nunca prometeu que seus seguidores seriam a maioria ou que o Reino de Deus seria aceito por todos. Pelo contr\u00e1rio, advertiu que seriam perseguidos, rejeitados e postos \u00e0 prova \u2014 num mundo que os odiaria.<\/p>\n\n\n\n<p>O &#8220;pequeno rebanho&#8221; representa os fi\u00e9is que, mesmo em meio \u00e0s crises \u2014 internas e externas \u00e0 Igreja \u2014 permanecem firmes na f\u00e9, na esperan\u00e7a e na caridade, unidos a Cristo, ao Magist\u00e9rio aut\u00eantico e \u00e0 Tradi\u00e7\u00e3o viva. \u00c9 s\u00edmbolo de perseveran\u00e7a, fidelidade silenciosa e santidade cotidiana nos tempos sombrios.<\/p>\n\n\n\n<hr class=\"wp-block-separator has-alpha-channel-opacity\"\/>\n\n\n\n<h3 class=\"wp-block-heading\">II. A apostasia universal: Uma realidade anunciada<\/h3>\n\n\n\n<p>O Catecismo da Igreja Cat\u00f3lica ensina que <strong>antes da volta de Cristo, a Igreja dever\u00e1 passar por uma prova\u00e7\u00e3o final que abalar\u00e1 a f\u00e9 de muitos<\/strong> (cf. CIC n. 675). Essa prova vir\u00e1 sob a forma de um grande abandono da f\u00e9 \u2014 uma apostasia. S\u00e3o Paulo j\u00e1 advertia na Segunda Carta aos Tessalonicenses:<\/p>\n\n\n\n<blockquote class=\"wp-block-quote is-layout-flow wp-block-quote-is-layout-flow\">\n<p><strong>&#8220;Ningu\u00e9m de modo algum vos engane. Porque isto n\u00e3o acontecer\u00e1 sem que antes venha a apostasia&#8230;&#8221;<\/strong> (2Ts 2,3)<\/p>\n<\/blockquote>\n\n\n\n<p>Essa apostasia n\u00e3o \u00e9 apenas um abandono ateu e secular, mas algo mais sutil e doloroso: <strong>um afastamento interior \u2014 doutrinal, lit\u00fargico e moral \u2014 dentro do pr\u00f3prio povo de Deus<\/strong>. N\u00e3o se trata apenas de um embate entre \u201ccrentes e n\u00e3o crentes\u201d, mas frequentemente <strong>entre aqueles que se dizem fi\u00e9is e os que verdadeiramente o s\u00e3o<\/strong>.<\/p>\n\n\n\n<hr class=\"wp-block-separator has-alpha-channel-opacity\"\/>\n\n\n\n<h3 class=\"wp-block-heading\">III. Hist\u00f3ria: A fidelidade do pequeno rebanho ao longo dos s\u00e9culos<\/h3>\n\n\n\n<p>A hist\u00f3ria da Igreja \u00e9 marcada por momentos em que um pequeno n\u00famero de fi\u00e9is manteve viva a luz da verdade em meio a grandes crises:<\/p>\n\n\n\n<ul class=\"wp-block-list\">\n<li><strong>Durante as persegui\u00e7\u00f5es romanas<\/strong>, o cristianismo sobreviveu gra\u00e7as a pequenos grupos de m\u00e1rtires e confessores que preferiram morrer a renegar a f\u00e9.<\/li>\n\n\n\n<li><strong>Na crise ariana do s\u00e9culo IV<\/strong>, a maioria dos bispos caiu na heresia ou na ambiguidade, enquanto pequenos grupos de fi\u00e9is e pastores \u2014 como Santo Atan\u00e1sio \u2014 guardavam a verdadeira f\u00e9.<\/li>\n\n\n\n<li><strong>Durante a Revolu\u00e7\u00e3o Francesa<\/strong>, padres e fam\u00edlias cat\u00f3licas celebravam a Missa em segredo e transmitiam a f\u00e9 em meio a uma violenta descristianiza\u00e7\u00e3o.<\/li>\n<\/ul>\n\n\n\n<p>Hoje n\u00e3o vivemos uma persegui\u00e7\u00e3o sangrenta (embora isso ocorra em algumas partes do mundo), mas uma <strong>persegui\u00e7\u00e3o silenciosa<\/strong>, muitas vezes dentro da pr\u00f3pria Igreja, onde a Tradi\u00e7\u00e3o \u00e9 marginalizada, a fidelidade \u00e9 taxada de \u201crigidez\u201d e a ortodoxia \u00e9 ofuscada por um relativismo em voga.<\/p>\n\n\n\n<hr class=\"wp-block-separator has-alpha-channel-opacity\"\/>\n\n\n\n<h3 class=\"wp-block-heading\">IV. Relev\u00e2ncia teol\u00f3gica: Por que Deus permite tudo isso?<\/h3>\n\n\n\n<p>Deus nunca abandona sua Igreja. O que Ele permite \u2014 mesmo que doloroso \u2014 tem um prop\u00f3sito mais profundo: <strong>a purifica\u00e7\u00e3o e a prova da fidelidade<\/strong>. Assim como o ouro \u00e9 provado no fogo, a verdadeira f\u00e9 \u00e9 refinada nas prova\u00e7\u00f5es. O &#8220;pusillus grex&#8221; \u00e9 <strong>o fermento na massa (cf. Mt 13,33)<\/strong>, o pequeno remanescente que sustenta a Igreja nos tempos da apostasia.<\/p>\n\n\n\n<p>Teologicamente, essa fidelidade do pequeno rebanho \u00e9 sinal da a\u00e7\u00e3o do Esp\u00edrito Santo, que guarda a Igreja atrav\u00e9s daqueles fi\u00e9is que n\u00e3o se deixam seduzir pelo erro. Neles se realiza a promessa de Cristo:<\/p>\n\n\n\n<blockquote class=\"wp-block-quote is-layout-flow wp-block-quote-is-layout-flow\">\n<p><strong>&#8220;As portas do inferno n\u00e3o prevalecer\u00e3o contra ela.&#8221;<\/strong> (Mt 16,18)<\/p>\n<\/blockquote>\n\n\n\n<p>Este rebanho n\u00e3o se apoia em estruturas, mas na <strong>verdade revelada, nos sacramentos celebrados com dignidade, na ora\u00e7\u00e3o perseverante e na caridade operante<\/strong>. Embora pequeno, <strong>testemunha a presen\u00e7a real de Cristo<\/strong> num mundo que o esqueceu.<\/p>\n\n\n\n<hr class=\"wp-block-separator has-alpha-channel-opacity\"\/>\n\n\n\n<h3 class=\"wp-block-heading\">V. Aplica\u00e7\u00f5es pr\u00e1ticas: Como viver como parte do \u201cpusillus grex\u201d?<\/h3>\n\n\n\n<p>Pertencer ao pequeno rebanho n\u00e3o \u00e9 um r\u00f3tulo, mas uma voca\u00e7\u00e3o. Como podemos viv\u00ea-la no dia a dia?<\/p>\n\n\n\n<h4 class=\"wp-block-heading\">1. <strong>Permanecer firme na verdadeira doutrina<\/strong><\/h4>\n\n\n\n<p>Conhecer e amar o Catecismo, o Magist\u00e9rio aut\u00eantico, os ensinamentos dos Padres da Igreja e a Tradi\u00e7\u00e3o viva. Ler bons autores cat\u00f3licos (ex. Ratzinger, Garrigou-Lagrange, Santo Agostinho, S\u00e3o Jo\u00e3o da Cruz).<\/p>\n\n\n\n<h4 class=\"wp-block-heading\">2. <strong>Cultivar uma espiritualidade lit\u00fargica<\/strong><\/h4>\n\n\n\n<p>A Eucaristia \u00e9 o cora\u00e7\u00e3o da vida crist\u00e3. Onde \u00e9 celebrada com fidelidade, devo\u00e7\u00e3o e beleza \u2014 seja no rito tradicional ou no Novus Ordo celebrado com rever\u00eancia \u2014 os fi\u00e9is s\u00e3o fortalecidos. Adora\u00e7\u00e3o Eucar\u00edstica, confiss\u00e3o frequente e o Ros\u00e1rio s\u00e3o armas do pequeno rebanho.<\/p>\n\n\n\n<h4 class=\"wp-block-heading\">3. <strong>Viver o amor radicalmente<\/strong><\/h4>\n\n\n\n<p>N\u00e3o basta possuir a verdade: \u00e9 preciso viv\u00ea-la na caridade. Os membros do pequeno rebanho n\u00e3o s\u00e3o moralistas isolados, mas <strong>amam mais profundamente<\/strong>, rezam pelos afastados, refletem o rosto misericordioso de Cristo.<\/p>\n\n\n\n<h4 class=\"wp-block-heading\">4. <strong>Transmitir a f\u00e9<\/strong><\/h4>\n\n\n\n<p>A fidelidade n\u00e3o surge por acaso. Ela \u00e9 transmitida. A fam\u00edlia \u00e9 o primeiro rebanho. Criar em casa espa\u00e7os onde Cristo esteja no centro. Ensinar a f\u00e9 aos filhos sem medo, aben\u00e7oar os alimentos, rezar juntos&#8230; tudo isso faz parte da resist\u00eancia espiritual.<\/p>\n\n\n\n<h4 class=\"wp-block-heading\">5. <strong>N\u00e3o ter medo de ser minoria<\/strong><\/h4>\n\n\n\n<p>A verdade n\u00e3o se mede pelo n\u00famero de seus apoiadores. <strong>Deus sempre agiu atrav\u00e9s dos pequenos, dos humildes, dos aparentemente insignificantes<\/strong>: Davi contra Golias, os doze ap\u00f3stolos contra o Imp\u00e9rio Romano, uma jovem de Nazar\u00e9 contra a hist\u00f3ria.<\/p>\n\n\n\n<hr class=\"wp-block-separator has-alpha-channel-opacity\"\/>\n\n\n\n<h3 class=\"wp-block-heading\">VI. Uma mensagem de esperan\u00e7a<\/h3>\n\n\n\n<p>N\u00e3o estamos sozinhos. Mesmo que a barca de Pedro pare\u00e7a fazer \u00e1gua \u2014 <strong>Cristo n\u00e3o dorme<\/strong>. Ele prometeu estar conosco \u201cat\u00e9 o fim do mundo\u201d (Mt 28,20). O &#8220;pusillus grex&#8221; n\u00e3o \u00e9 uma seita que se isola, mas <strong>a alma orante, sofredora e fiel da Igreja<\/strong>, que atravessa o deserto como o Israel de Deus.<\/p>\n\n\n\n<p>Voc\u00ea que l\u00ea estas palavras, que talvez se sinta marginalizado por defender a f\u00e9 \u2014 que sofre ao ver sua par\u00f3quia cair na banalidade \u2014 que chora pelos filhos afastados da verdade: <strong>voc\u00ea faz parte do pequeno rebanho. N\u00e3o tenha medo. Voc\u00ea n\u00e3o est\u00e1 sozinho. Cristo venceu.<\/strong><\/p>\n\n\n\n<hr class=\"wp-block-separator has-alpha-channel-opacity\"\/>\n\n\n\n<h3 class=\"wp-block-heading\">Conclus\u00e3o: O Reino vos foi prometido<\/h3>\n\n\n\n<p><em>&#8220;N\u00e3o temas, pequeno rebanho, porque foi do agrado do vosso Pai dar-vos o Reino.&#8221;<\/em> (Lc 12,32). Esta frase n\u00e3o \u00e9 poesia: \u00e9 uma promessa. Uma promessa que n\u00e3o depende das modas, das estat\u00edsticas ou das aprova\u00e7\u00f5es. \u00c9 a promessa de um Deus fiel, que escolhe os pequenos para confundir os grandes (cf. 1Cor 1,27).<\/p>\n\n\n\n<p>O &#8220;pusillus grex&#8221; \u00e9 hoje a semente da renova\u00e7\u00e3o que o Esp\u00edrito Santo planta no meio do deserto. O fruto talvez ainda n\u00e3o se veja, mas <strong>o Reino j\u00e1 est\u00e1 entre n\u00f3s<\/strong>. Permane\u00e7amos fi\u00e9is. Perseveremos. Amemos. E o Reino nos ser\u00e1 dado.<\/p>\n","protected":false},"excerpt":{"rendered":"<p>Um guia teol\u00f3gico e espiritual para os fi\u00e9is do s\u00e9culo XXI Introdu\u00e7\u00e3o: Um consolo em meio \u00e0 confus\u00e3o Vivemos uma \u00e9poca de confus\u00e3o espiritual, crise de identidade dentro da Igreja, crescente desconfian\u00e7a em suas estruturas e um mundo que parece virar as costas para Deus. Muitos cat\u00f3licos se sentem perdidos ou at\u00e9 mesmo abandonados diante &hellip;<\/p>\n","protected":false},"author":3,"featured_media":3631,"comment_status":"open","ping_status":"open","sticky":false,"template":"","format":"standard","meta":{"_seopress_robots_primary_cat":"","_seopress_titles_title":"","_seopress_titles_desc":"","_seopress_robots_index":"","footnotes":""},"categories":[38,51],"tags":[1207],"class_list":["post-3630","post","type-post","status-publish","format-standard","has-post-thumbnail","","category-historia-e-tradicao","category-magisterio-da-igreja","tag-pusillus-grex"],"_links":{"self":[{"href":"https:\/\/catholicus.eu\/pt\/wp-json\/wp\/v2\/posts\/3630","targetHints":{"allow":["GET"]}}],"collection":[{"href":"https:\/\/catholicus.eu\/pt\/wp-json\/wp\/v2\/posts"}],"about":[{"href":"https:\/\/catholicus.eu\/pt\/wp-json\/wp\/v2\/types\/post"}],"author":[{"embeddable":true,"href":"https:\/\/catholicus.eu\/pt\/wp-json\/wp\/v2\/users\/3"}],"replies":[{"embeddable":true,"href":"https:\/\/catholicus.eu\/pt\/wp-json\/wp\/v2\/comments?post=3630"}],"version-history":[{"count":1,"href":"https:\/\/catholicus.eu\/pt\/wp-json\/wp\/v2\/posts\/3630\/revisions"}],"predecessor-version":[{"id":3632,"href":"https:\/\/catholicus.eu\/pt\/wp-json\/wp\/v2\/posts\/3630\/revisions\/3632"}],"wp:featuredmedia":[{"embeddable":true,"href":"https:\/\/catholicus.eu\/pt\/wp-json\/wp\/v2\/media\/3631"}],"wp:attachment":[{"href":"https:\/\/catholicus.eu\/pt\/wp-json\/wp\/v2\/media?parent=3630"}],"wp:term":[{"taxonomy":"category","embeddable":true,"href":"https:\/\/catholicus.eu\/pt\/wp-json\/wp\/v2\/categories?post=3630"},{"taxonomy":"post_tag","embeddable":true,"href":"https:\/\/catholicus.eu\/pt\/wp-json\/wp\/v2\/tags?post=3630"}],"curies":[{"name":"wp","href":"https:\/\/api.w.org\/{rel}","templated":true}]}}