{"id":3624,"date":"2025-05-02T21:16:59","date_gmt":"2025-05-02T19:16:59","guid":{"rendered":"https:\/\/catholicus.eu\/pt\/?p=3624"},"modified":"2025-05-02T21:17:00","modified_gmt":"2025-05-02T19:17:00","slug":"a-santa-cruz-de-maio-historia-teologia-e-guia-espiritual-para-o-nosso-tempo","status":"publish","type":"post","link":"https:\/\/catholicus.eu\/pt\/a-santa-cruz-de-maio-historia-teologia-e-guia-espiritual-para-o-nosso-tempo\/","title":{"rendered":"A Santa Cruz de Maio: Hist\u00f3ria, Teologia e Guia Espiritual para o Nosso Tempo"},"content":{"rendered":"\n<p><em>\u201cN\u00f3s, por\u00e9m, pregamos Cristo crucificado, esc\u00e2ndalo para os judeus e loucura para os gentios; mas para os que foram chamados, tanto judeus como gregos, Cristo \u00e9 poder de Deus e sabedoria de Deus.\u201d<\/em><br>\u2014 <em>1 Cor\u00edntios 1, 23-24<\/em><\/p>\n\n\n\n<hr class=\"wp-block-separator has-alpha-channel-opacity\"\/>\n\n\n\n<h2 class=\"wp-block-heading\">Introdu\u00e7\u00e3o: A \u00e1rvore da vida reencontrada<\/h2>\n\n\n\n<p>No cora\u00e7\u00e3o da primavera, quando a natureza floresce e a vida explode em vigor, a Igreja celebra com fervor especial um acontecimento que une c\u00e9u e terra, tempo e eternidade: <strong>a Santa Cruz de Maio<\/strong>. Conhecida tamb\u00e9m como <strong>Inven\u00e7\u00e3o da Santa Cruz<\/strong>, <strong>Cruz de Maio<\/strong>, <strong>Festa da Santa Cruz<\/strong> ou <strong>Festa das Cruzes<\/strong>, essa tradi\u00e7\u00e3o antiqu\u00edssima da f\u00e9 cat\u00f3lica est\u00e1 repleta de significado teol\u00f3gico e espiritual \u2013 e est\u00e1 longe de ser apenas uma lembran\u00e7a do passado.<\/p>\n\n\n\n<p>Mas o que realmente celebramos no m\u00eas de maio com a venera\u00e7\u00e3o da Cruz? De onde vem essa tradi\u00e7\u00e3o? E que valor ela tem hoje \u2013 num mundo que corre para o abismo por ter esquecido o essencial? Este artigo convida voc\u00ea a redescobrir o tesouro escondido da Cruz de Maio \u2013 com suas ra\u00edzes hist\u00f3ricas, seu fundamento teol\u00f3gico e um guia concreto para abra\u00e7ar, voc\u00ea tamb\u00e9m, a Cruz como \u00e1rvore da verdadeira vida.<\/p>\n\n\n\n<hr class=\"wp-block-separator has-alpha-channel-opacity\"\/>\n\n\n\n<h2 class=\"wp-block-heading\">1. A Inven\u00e7\u00e3o da Santa Cruz: Uma busca gloriosa<\/h2>\n\n\n\n<p>A palavra \u201cinven\u00e7\u00e3o\u201d n\u00e3o significa \u201ccria\u00e7\u00e3o\u201d no sentido moderno, mas vem do latim <em>inventio<\/em>, ou seja, <strong>\u201cdescoberta\u201d<\/strong>. Trata-se da descoberta da verdadeira Cruz de Cristo em Jerusal\u00e9m \u2013 um acontecimento transmitido pela tradi\u00e7\u00e3o e atribu\u00eddo a <strong>Santa Helena<\/strong>, m\u00e3e do imperador Constantino.<\/p>\n\n\n\n<h3 class=\"wp-block-heading\">A santa tradi\u00e7\u00e3o<\/h3>\n\n\n\n<p>Segundo fontes antigas \u2013 como a <em>Hist\u00f3ria Eclesi\u00e1stica<\/em> de Eus\u00e9bio de Cesareia e os relatos dos Padres da Igreja como Ambr\u00f3sio e Rufino de Aquileia \u2013 Santa Helena, j\u00e1 idosa, empreendeu no ano 326 d.C. uma peregrina\u00e7\u00e3o \u00e0 Terra Santa. Movida por um ardente amor a Cristo, mandou escavar no G\u00f3lgota \u2013 o lugar da crucifix\u00e3o \u2013 para encontrar a madeira sagrada.<\/p>\n\n\n\n<p>Foram encontradas tr\u00eas cruzes. Mas qual era a de Jesus? Era preciso um sinal \u2013 e ele veio: uma mulher gravemente enferma foi tocada por uma das tr\u00eas cruzes&#8230; e foi curada. Aquela era a verdadeira Cruz. Ent\u00e3o foi erguida e solenemente venerada.<\/p>\n\n\n\n<p>Durante s\u00e9culos, essa descoberta foi comemorada liturgicamente no <strong>dia 3 de maio<\/strong>, na <strong>Festa da Inven\u00e7\u00e3o da Santa Cruz<\/strong>. Ap\u00f3s reformas no calend\u00e1rio lit\u00fargico por parte do Papa Pio V e, mais tarde, Jo\u00e3o XXIII, essa festa foi unificada \u00e0 <strong>Exalta\u00e7\u00e3o da Santa Cruz<\/strong>, celebrada em <strong>14 de setembro<\/strong>, em mem\u00f3ria da recupera\u00e7\u00e3o da Cruz roubada pelos persas.<\/p>\n\n\n\n<p>Contudo, a <strong>Cruz de Maio<\/strong> continua viva com grande fervor em muitas regi\u00f5es \u2013 especialmente nos pa\u00edses de tradi\u00e7\u00e3o hisp\u00e2nica \u2013 com prociss\u00f5es, altares florais e ora\u00e7\u00f5es p\u00fablicas.<\/p>\n\n\n\n<hr class=\"wp-block-separator has-alpha-channel-opacity\"\/>\n\n\n\n<h2 class=\"wp-block-heading\">2. A Teologia da Cruz: Esc\u00e2ndalo, Sabedoria e Salva\u00e7\u00e3o<\/h2>\n\n\n\n<p>A Cruz n\u00e3o \u00e9 um simples adorno. \u00c9 o <strong>trono do Rei crucificado<\/strong>, o lugar onde Cristo venceu o pecado, a morte e o dem\u00f4nio. \u00c9 a nova \u00e1rvore da vida. Como escreve S\u00e3o Paulo:<\/p>\n\n\n\n<blockquote class=\"wp-block-quote is-layout-flow wp-block-quote-is-layout-flow\">\n<p>\u201cCristo nos resgatou da maldi\u00e7\u00e3o da Lei, tornando-se Ele pr\u00f3prio maldi\u00e7\u00e3o por n\u00f3s, pois est\u00e1 escrito: \u2018Maldito todo aquele que for suspenso no madeiro\u2019.\u201d (G\u00e1latas 3,13)<\/p>\n<\/blockquote>\n\n\n\n<p>A Cruz \u00e9 o <strong>s\u00edmbolo central do cristianismo<\/strong>, mas seu significado s\u00f3 pode ser compreendido com os olhos da f\u00e9. Para o mundo, \u00e9 loucura \u2013 para o crente, \u00e9 poder de Deus. E n\u00e3o \u00e9 apenas um acontecimento do passado: a Cruz se renova na vida de cada crist\u00e3o, pois cada um \u00e9 chamado a carregar a sua cruz e seguir Cristo (cf. Lucas 9,23).<\/p>\n\n\n\n<h3 class=\"wp-block-heading\">A Cruz \u00e9:<\/h3>\n\n\n\n<ul class=\"wp-block-list\">\n<li><strong>Reden\u00e7\u00e3o:<\/strong> \u00e9 o pre\u00e7o pago pela nossa liberdade.<\/li>\n\n\n\n<li><strong>Ponte:<\/strong> une c\u00e9u e terra, amor e justi\u00e7a.<\/li>\n\n\n\n<li><strong>Trono:<\/strong> dali Cristo reina \u2013 n\u00e3o com for\u00e7a, mas com amor sacrificado.<\/li>\n\n\n\n<li><strong>Caminho:<\/strong> \u00e9 o trajeto di\u00e1rio do verdadeiro disc\u00edpulo.<\/li>\n<\/ul>\n\n\n\n<hr class=\"wp-block-separator has-alpha-channel-opacity\"\/>\n\n\n\n<h2 class=\"wp-block-heading\">3. A Cruz de Maio: Tradi\u00e7\u00e3o viva e sinal que floresce<\/h2>\n\n\n\n<p>A <strong>Santa Cruz de Maio<\/strong> floresce na primavera, porque a Cruz de Cristo, embora sinal de dor, \u00e9 tamb\u00e9m fonte de vida nova. \u00c9 da madeira da morte que brota o fruto da imortalidade. Por isso, em muitas culturas \u2013 especialmente na Espanha e na Am\u00e9rica Latina \u2013 \u00e9 costume ornamentar a Cruz com flores, ergu\u00ea-la em pequenos altares, lev\u00e1-la em prociss\u00f5es.<\/p>\n\n\n\n<p>\u00c9 uma forma de dizer ao mundo: <strong>da madeira da morte, nasceu a vida<\/strong>. Assim como a primavera renova a terra, a Cruz renova as almas.<\/p>\n\n\n\n<h3 class=\"wp-block-heading\">Costumes tradicionais:<\/h3>\n\n\n\n<ul class=\"wp-block-list\">\n<li><strong>Altares florais:<\/strong> cruzes adornadas com flores nas casas, pra\u00e7as, igrejas \u2013 sinal de esperan\u00e7a e ressurrei\u00e7\u00e3o.<\/li>\n\n\n\n<li><strong>Prociss\u00f5es:<\/strong> com cantos, ora\u00e7\u00f5es e flores, a Cruz \u00e9 levada entre o povo \u2013 como sinal p\u00fablico de f\u00e9.<\/li>\n\n\n\n<li><strong>Novena e ora\u00e7\u00f5es:<\/strong> a Cruz torna-se centro de ora\u00e7\u00e3o, de lamento, de oferta e de gratid\u00e3o \u2013 como foi para Maria aos p\u00e9s da Cruz.<\/li>\n<\/ul>\n\n\n\n<hr class=\"wp-block-separator has-alpha-channel-opacity\"\/>\n\n\n\n<h2 class=\"wp-block-heading\">4. Aplica\u00e7\u00e3o pr\u00e1tica: Como viver hoje a espiritualidade da Cruz<\/h2>\n\n\n\n<p>A Cruz n\u00e3o \u00e9 apenas para uma festa \u2013 <strong>\u00e9 para a vida<\/strong>. Aqui vai um guia teol\u00f3gico e pastoral para encarnar a Cruz no cotidiano:<\/p>\n\n\n\n<h3 class=\"wp-block-heading\">a) Aceite as cruzes do dia a dia<\/h3>\n\n\n\n<p>N\u00e3o se trata de procurar sofrimento por esp\u00edrito masoquista. Mas <strong>quando ele vier \u2013 e vir\u00e1 \u2013, n\u00e3o o rejeite<\/strong>. D\u00ea-lhe sentido unindo-o a Cristo. Os santos n\u00e3o fugiam da Cruz \u2013 abra\u00e7avam-na.<\/p>\n\n\n\n<p><strong>Sugest\u00e3o:<\/strong> Repita com frequ\u00eancia: <em>\u201cSenhor, com a tua Cruz, d\u00e1-me for\u00e7a para carregar a minha.\u201d<\/em><\/p>\n\n\n\n<h3 class=\"wp-block-heading\">b) Lembre-se da Cruz<\/h3>\n\n\n\n<p>Tenha um crucifixo vis\u00edvel em casa. Ensine seus filhos a olh\u00e1-lo com respeito e a fazer o sinal da cruz com devo\u00e7\u00e3o. \u00c9 o sinal da reden\u00e7\u00e3o deles.<\/p>\n\n\n\n<p><strong>Sugest\u00e3o:<\/strong> No dia 3 de maio, fa\u00e7a uma pequena liturgia dom\u00e9stica: leitura do Evangelho, ora\u00e7\u00f5es, flores diante do crucifixo.<\/p>\n\n\n\n<h3 class=\"wp-block-heading\">c) Seja testemunha da Cruz<\/h3>\n\n\n\n<p>N\u00e3o esconda sua f\u00e9. N\u00e3o disfarce o fato de ser crist\u00e3o. Num mundo que adora o prazer e o sucesso, \u00e9 urgente <strong>anunciar Cristo crucificado<\/strong>.<\/p>\n\n\n\n<p><strong>Sugest\u00e3o:<\/strong> Fale da Cruz. Presenteie com um crucifixo. Use um com dignidade e amor.<\/p>\n\n\n\n<h3 class=\"wp-block-heading\">d) Ofere\u00e7a-a pelos outros<\/h3>\n\n\n\n<p>A Cruz tem poder salv\u00edfico. As suas pequenas cruzes \u2013 uma doen\u00e7a, uma decep\u00e7\u00e3o, uma preocupa\u00e7\u00e3o \u2013 podem ser oferecidas pelos pecadores, pelas almas do Purgat\u00f3rio ou pela Igreja perseguida.<\/p>\n\n\n\n<p><strong>Sugest\u00e3o:<\/strong> Quando sofrer, n\u00e3o desperdice a dor. Diga: <em>\u201cSenhor, uno tudo \u00e0 tua Cruz por\u2026\u201d<\/em><\/p>\n\n\n\n<hr class=\"wp-block-separator has-alpha-channel-opacity\"\/>\n\n\n\n<h2 class=\"wp-block-heading\">5. A Cruz: Um sinal para o nosso tempo<\/h2>\n\n\n\n<p>Num mundo que rejeita o sacrif\u00edcio, <strong>a Cruz incomoda<\/strong>. Mas \u00e9 exatamente isso que devemos redescobrir: a l\u00f3gica do amor que se entrega.<\/p>\n\n\n\n<p>Estamos cercados de \u201ccruzes sem Cristo\u201d (sofrimentos sem sentido) ou de \u201cCristos sem cruz\u201d (f\u00e9s sem compromisso). A Cruz de Maio, com sua for\u00e7a simb\u00f3lica, <strong>lembra-nos que n\u00e3o h\u00e1 ressurrei\u00e7\u00e3o sem paix\u00e3o, nem vit\u00f3ria sem oferta.<\/strong><\/p>\n\n\n\n<p>A Cruz \u00e9 esperan\u00e7a para os doentes, consolo para os tristes, luz para os confusos, chamado para os mornos. Acima de tudo, \u00e9 <strong>a assinatura de Deus em seu pacto de amor conosco.<\/strong><\/p>\n\n\n\n<hr class=\"wp-block-separator has-alpha-channel-opacity\"\/>\n\n\n\n<h2 class=\"wp-block-heading\">Conclus\u00e3o: Florescer na Cruz<\/h2>\n\n\n\n<p>S\u00e3o Jo\u00e3o Paulo II disse certa vez: <em>\u201cO s\u00e9culo XXI ser\u00e1 o s\u00e9culo dos m\u00e1rtires.\u201d<\/em> Mesmo que n\u00e3o soframos um mart\u00edrio de sangue, somos chamados a ser <strong>m\u00e1rtires do amor cotidiano<\/strong> \u2013 testemunhas da Cruz no meio do barulho, do relativismo e do vazio.<\/p>\n\n\n\n<p>Neste m\u00eas de maio, n\u00e3o deixe que a Cruz seja apenas uma decora\u00e7\u00e3o. Que ela se torne a sua bandeira, seu guia, seu ref\u00fagio. Celebre a Santa Cruz com flores \u2013 sim \u2013, mas sobretudo com f\u00e9, sacrif\u00edcio e amor.<\/p>\n\n\n\n<p><strong>Deixe que a Cruz flores\u00e7a em voc\u00ea. E que em seu cora\u00e7\u00e3o ressoe sempre a vit\u00f3ria do Amor crucificado.<\/strong><\/p>\n","protected":false},"excerpt":{"rendered":"<p>\u201cN\u00f3s, por\u00e9m, pregamos Cristo crucificado, esc\u00e2ndalo para os judeus e loucura para os gentios; mas para os que foram chamados, tanto judeus como gregos, Cristo \u00e9 poder de Deus e sabedoria de Deus.\u201d\u2014 1 Cor\u00edntios 1, 23-24 Introdu\u00e7\u00e3o: A \u00e1rvore da vida reencontrada No cora\u00e7\u00e3o da primavera, quando a natureza floresce e a vida explode &hellip;<\/p>\n","protected":false},"author":3,"featured_media":3625,"comment_status":"open","ping_status":"open","sticky":false,"template":"","format":"standard","meta":{"_seopress_robots_primary_cat":"","_seopress_titles_title":"","_seopress_titles_desc":"","_seopress_robots_index":"","footnotes":""},"categories":[38,52],"tags":[1205],"class_list":["post-3624","post","type-post","status-publish","format-standard","has-post-thumbnail","","category-historia-e-tradicao","category-liturgia-e-ano-liturgico","tag-santa-cruz-de-maio"],"_links":{"self":[{"href":"https:\/\/catholicus.eu\/pt\/wp-json\/wp\/v2\/posts\/3624","targetHints":{"allow":["GET"]}}],"collection":[{"href":"https:\/\/catholicus.eu\/pt\/wp-json\/wp\/v2\/posts"}],"about":[{"href":"https:\/\/catholicus.eu\/pt\/wp-json\/wp\/v2\/types\/post"}],"author":[{"embeddable":true,"href":"https:\/\/catholicus.eu\/pt\/wp-json\/wp\/v2\/users\/3"}],"replies":[{"embeddable":true,"href":"https:\/\/catholicus.eu\/pt\/wp-json\/wp\/v2\/comments?post=3624"}],"version-history":[{"count":1,"href":"https:\/\/catholicus.eu\/pt\/wp-json\/wp\/v2\/posts\/3624\/revisions"}],"predecessor-version":[{"id":3626,"href":"https:\/\/catholicus.eu\/pt\/wp-json\/wp\/v2\/posts\/3624\/revisions\/3626"}],"wp:featuredmedia":[{"embeddable":true,"href":"https:\/\/catholicus.eu\/pt\/wp-json\/wp\/v2\/media\/3625"}],"wp:attachment":[{"href":"https:\/\/catholicus.eu\/pt\/wp-json\/wp\/v2\/media?parent=3624"}],"wp:term":[{"taxonomy":"category","embeddable":true,"href":"https:\/\/catholicus.eu\/pt\/wp-json\/wp\/v2\/categories?post=3624"},{"taxonomy":"post_tag","embeddable":true,"href":"https:\/\/catholicus.eu\/pt\/wp-json\/wp\/v2\/tags?post=3624"}],"curies":[{"name":"wp","href":"https:\/\/api.w.org\/{rel}","templated":true}]}}