{"id":3621,"date":"2025-05-02T15:08:02","date_gmt":"2025-05-02T13:08:02","guid":{"rendered":"https:\/\/catholicus.eu\/pt\/?p=3621"},"modified":"2025-05-02T15:08:02","modified_gmt":"2025-05-02T13:08:02","slug":"por-que-jesus-falava-em-parabolas-a-linguagem-secreta-de-cristo-para-tocar-o-coracao-do-homem","status":"publish","type":"post","link":"https:\/\/catholicus.eu\/pt\/por-que-jesus-falava-em-parabolas-a-linguagem-secreta-de-cristo-para-tocar-o-coracao-do-homem\/","title":{"rendered":"Por que Jesus falava em par\u00e1bolas? A linguagem secreta de Cristo para tocar o cora\u00e7\u00e3o do homem"},"content":{"rendered":"\n<h3 class=\"wp-block-heading\">Introdu\u00e7\u00e3o: um Mestre que ensinava contando hist\u00f3rias<\/h3>\n\n\n\n<p>Imagine-se no meio de uma multid\u00e3o \u00e0 beira do lago da Galileia. Jesus est\u00e1 sentado em um barco, e voc\u00ea \u2013 junto com pescadores, camponeses, m\u00e3es e crian\u00e7as \u2013 ouve algo que n\u00e3o soa como um serm\u00e3o complicado, mas como uma hist\u00f3ria. Um semeador, sementes, diferentes tipos de solo. Algo aparentemente simples\u2026 e, no entanto, essa pequena hist\u00f3ria permanece em seu cora\u00e7\u00e3o por dias.<\/p>\n\n\n\n<p>Por que, ent\u00e3o, Jesus, o Filho de Deus, o Verbo eterno (Logos), escolheu as <strong>par\u00e1bolas<\/strong> para transmitir seu ensinamento, em vez de comunicar simplesmente as verdades teol\u00f3gicas de forma direta e clara? O que se esconde por tr\u00e1s dessa forma narrativa, t\u00e3o simples quanto profunda?<\/p>\n\n\n\n<p>Neste artigo, faremos uma viagem para descobrir o significado oculto das par\u00e1bolas: suas ra\u00edzes b\u00edblicas e teol\u00f3gicas, sua for\u00e7a transformadora e como podemos viv\u00ea-las hoje em nossa vida cotidiana.<\/p>\n\n\n\n<hr class=\"wp-block-separator has-alpha-channel-opacity\"\/>\n\n\n\n<h2 class=\"wp-block-heading\">1. O que \u00e9 uma par\u00e1bola?<\/h2>\n\n\n\n<p>Uma <strong>par\u00e1bola<\/strong> \u00e9 uma pequena narrativa, muitas vezes imagin\u00e1ria, que utiliza imagens e situa\u00e7\u00f5es do cotidiano para comunicar uma verdade espiritual ou moral. Diferentemente de uma f\u00e1bula, n\u00e3o possui animais falantes nem uma moral expl\u00edcita. A par\u00e1bola convida \u00e0 <strong>reflex\u00e3o, \u00e0 medita\u00e7\u00e3o, \u00e0 descoberta<\/strong>.<\/p>\n\n\n\n<p>As par\u00e1bolas de Jesus n\u00e3o s\u00e3o apenas hist\u00f3rias simples. S\u00e3o <strong>portas abertas ao mist\u00e9rio do Reino de Deus<\/strong>, destinadas a iluminar as almas abertas\u2026 e esconder a verdade daqueles que a rejeitam.<\/p>\n\n\n\n<hr class=\"wp-block-separator has-alpha-channel-opacity\"\/>\n\n\n\n<h2 class=\"wp-block-heading\">2. Jesus: um Mestre que revela e esconde<\/h2>\n\n\n\n<h3 class=\"wp-block-heading\">A pergunta decisiva<\/h3>\n\n\n\n<p>Os pr\u00f3prios disc\u00edpulos perguntam a Ele:<\/p>\n\n\n\n<blockquote class=\"wp-block-quote is-layout-flow wp-block-quote-is-layout-flow\">\n<p>\u201cPor que lhes falas por meio de par\u00e1bolas?\u201d (Mateus 13,10)<\/p>\n<\/blockquote>\n\n\n\n<p>E Jesus responde com uma frase surpreendente:<\/p>\n\n\n\n<blockquote class=\"wp-block-quote is-layout-flow wp-block-quote-is-layout-flow\">\n<p>\u201cPorque a v\u00f3s foi dado conhecer os mist\u00e9rios do Reino dos C\u00e9us, mas a eles n\u00e3o.\u201d (Mateus 13,11)<\/p>\n<\/blockquote>\n\n\n\n<p>Aqui, Jesus nos oferece <strong>a chave teol\u00f3gica<\/strong> de seu m\u00e9todo de ensino:<\/p>\n\n\n\n<h3 class=\"wp-block-heading\">a. As par\u00e1bolas revelam aos humildes e se escondem dos orgulhosos<\/h3>\n\n\n\n<p>Jesus n\u00e3o usa par\u00e1bolas porque sua mensagem \u00e9 superficial, mas porque ela \u00e9 <strong>t\u00e3o profunda que deve ser acolhida na humildade<\/strong>. Quem escuta com f\u00e9 e desejo de Deus, <strong>recebe luz<\/strong>. Quem, por outro lado, escuta com orgulho ou preconceito, <strong>n\u00e3o compreende nada<\/strong>.<\/p>\n\n\n\n<blockquote class=\"wp-block-quote is-layout-flow wp-block-quote-is-layout-flow\">\n<p>\u201cPorque vendo, n\u00e3o veem; ouvindo, n\u00e3o ouvem, nem compreendem.\u201d (Mateus 13,13)<\/p>\n<\/blockquote>\n\n\n\n<p>A par\u00e1bola \u00e9, portanto, um <strong>desconforto sagrado<\/strong>, como uma semente que germina apenas se o solo estiver preparado.<\/p>\n\n\n\n<hr class=\"wp-block-separator has-alpha-channel-opacity\"\/>\n\n\n\n<h2 class=\"wp-block-heading\">3. Hist\u00f3ria e ra\u00edzes b\u00edblicas das par\u00e1bolas<\/h2>\n\n\n\n<p>Jesus n\u00e3o foi o primeiro a usar esse m\u00e9todo. J\u00e1 no Antigo Testamento encontramos par\u00e1bolas:<\/p>\n\n\n\n<ul class=\"wp-block-list\">\n<li>O profeta <strong>Nat\u00e3<\/strong> conta a Davi a hist\u00f3ria de um homem rico que rouba a \u00fanica ovelha de um pobre (2 Samuel 12,1\u20137). Davi se indigna e condena o homem\u2026 sem perceber que <strong>ele pr\u00f3prio<\/strong> \u00e9 o culpado. A par\u00e1bola o coloca diante de seu pecado <strong>sem acus\u00e1-lo diretamente<\/strong>.<\/li>\n\n\n\n<li>Tamb\u00e9m nos <strong>Prov\u00e9rbios<\/strong>, nos <strong>Salmos<\/strong> e no profeta <strong>Ezequiel<\/strong> encontramos hist\u00f3rias e alegorias.<\/li>\n<\/ul>\n\n\n\n<p>Mas Jesus <strong>leva esse estilo ao seu auge<\/strong>: as par\u00e1bolas se tornam <strong>o cora\u00e7\u00e3o de sua prega\u00e7\u00e3o<\/strong> sobre o Reino.<\/p>\n\n\n\n<hr class=\"wp-block-separator has-alpha-channel-opacity\"\/>\n\n\n\n<h2 class=\"wp-block-heading\">4. As par\u00e1bolas como espelho da alma<\/h2>\n\n\n\n<p>As par\u00e1bolas s\u00e3o como <strong>espelhos<\/strong>: n\u00e3o mostram apenas quem \u00e9 Deus, mas tamb\u00e9m <strong>quem somos n\u00f3s diante d\u2019Ele<\/strong>. S\u00e3o, ao mesmo tempo, <strong>ternura divina<\/strong> e <strong>ju\u00edzo velado<\/strong>, e por isso nos tocam profundamente.<\/p>\n\n\n\n<p>Alguns exemplos:<\/p>\n\n\n\n<h3 class=\"wp-block-heading\">a. O semeador (Mateus 13,1\u201323)<\/h3>\n\n\n\n<p>Convida-nos a perguntar:<\/p>\n\n\n\n<blockquote class=\"wp-block-quote is-layout-flow wp-block-quote-is-layout-flow\">\n<p>Que tipo de solo sou eu? Recebo a Palavra com profundidade ou me deixo distrair, endurecer ou sufocar?<\/p>\n<\/blockquote>\n\n\n\n<h3 class=\"wp-block-heading\">b. O filho pr\u00f3digo (Lucas 15,11\u201332)<\/h3>\n\n\n\n<p>Mostra a miseric\u00f3rdia do Pai\u2026 mas tamb\u00e9m <strong>o orgulho do filho mais velho<\/strong>.<\/p>\n\n\n\n<blockquote class=\"wp-block-quote is-layout-flow wp-block-quote-is-layout-flow\">\n<p>Reconhe\u00e7o minha necessidade de perd\u00e3o? Me incomoda a generosidade de Deus para com os outros?<\/p>\n<\/blockquote>\n\n\n\n<h3 class=\"wp-block-heading\">c. O bom samaritano (Lucas 10,25\u201337)<\/h3>\n\n\n\n<p>Ensina-nos que o pr\u00f3ximo n\u00e3o \u00e9 apenas quem est\u00e1 perto, mas <strong>quem precisa de ajuda<\/strong>, mesmo que seja um \u201cinimigo\u201d cultural ou religioso.<\/p>\n\n\n\n<blockquote class=\"wp-block-quote is-layout-flow wp-block-quote-is-layout-flow\">\n<p>Quem \u00e9 o meu pr\u00f3ximo hoje? A quem estou ignorando?<\/p>\n<\/blockquote>\n\n\n\n<hr class=\"wp-block-separator has-alpha-channel-opacity\"\/>\n\n\n\n<h2 class=\"wp-block-heading\">5. Uma teologia profunda em palavras simples<\/h2>\n\n\n\n<p>Cada par\u00e1bola \u00e9 uma <strong>cristaliza\u00e7\u00e3o do Reino de Deus<\/strong>. Jesus fala com s\u00edmbolos (sementes, p\u00e3es, moedas, l\u00e2mpadas), mas por tr\u00e1s de cada um se esconde:<\/p>\n\n\n\n<ul class=\"wp-block-list\">\n<li><strong>A a\u00e7\u00e3o de Deus na hist\u00f3ria<\/strong><\/li>\n\n\n\n<li><strong>O chamado \u00e0 convers\u00e3o<\/strong><\/li>\n\n\n\n<li><strong>A urg\u00eancia do Reino<\/strong><\/li>\n\n\n\n<li><strong>A luta entre gra\u00e7a e pecado<\/strong><\/li>\n\n\n\n<li><strong>A miseric\u00f3rdia e a justi\u00e7a de Deus<\/strong><\/li>\n<\/ul>\n\n\n\n<p>As par\u00e1bolas mostram que Deus n\u00e3o imp\u00f5e a verdade. <strong>Ele a prop\u00f5e como um mist\u00e9rio a ser acolhido livremente<\/strong>.<\/p>\n\n\n\n<hr class=\"wp-block-separator has-alpha-channel-opacity\"\/>\n\n\n\n<h2 class=\"wp-block-heading\">6. E hoje? A atualidade das par\u00e1bolas<\/h2>\n\n\n\n<p>Em um mundo saturado de informa\u00e7\u00f5es, ideologias e opini\u00f5es, as par\u00e1bolas de Jesus continuam <strong>vivas<\/strong>. Seu poder narrativo <strong>ultrapassa as culturas<\/strong> e <strong>toca o cora\u00e7\u00e3o<\/strong>.<\/p>\n\n\n\n<p>Vivemos numa \u00e9poca em que:<\/p>\n\n\n\n<ul class=\"wp-block-list\">\n<li>O sentido do transcendente est\u00e1 enfraquecido.<\/li>\n\n\n\n<li>Busca-se o sucesso imediato e vis\u00edvel.<\/li>\n\n\n\n<li>Esquece-se a paci\u00eancia, a humildade, a vida interior.<\/li>\n<\/ul>\n\n\n\n<p>As par\u00e1bolas nos <strong>reconduzem ao essencial<\/strong>, a um Deus que age no pequeno e espera pacientemente os frutos.<\/p>\n\n\n\n<hr class=\"wp-block-separator has-alpha-channel-opacity\"\/>\n\n\n\n<h2 class=\"wp-block-heading\">7. Guia pr\u00e1tica: como viver hoje com as par\u00e1bolas<\/h2>\n\n\n\n<h3 class=\"wp-block-heading\">\u2727 1. <strong>Leia uma par\u00e1bola por semana<\/strong><\/h3>\n\n\n\n<p>Separe um momento semanalmente para ler e meditar uma par\u00e1bola. Pergunte-se:<\/p>\n\n\n\n<ul class=\"wp-block-list\">\n<li>O que esta hist\u00f3ria me diz sobre Deus?<\/li>\n\n\n\n<li>O que ela diz sobre mim?<\/li>\n\n\n\n<li>O que me convida a mudar ou a fazer?<\/li>\n<\/ul>\n\n\n\n<h3 class=\"wp-block-heading\">\u2727 2. <strong>Transforme-a em ora\u00e7\u00e3o (Lectio Divina)<\/strong><\/h3>\n\n\n\n<ul class=\"wp-block-list\">\n<li><strong>Leia<\/strong> o texto lentamente.<\/li>\n\n\n\n<li><strong>Medite<\/strong> sobre os s\u00edmbolos e imagens.<\/li>\n\n\n\n<li><strong>Reze<\/strong> com aquilo que surge em seu cora\u00e7\u00e3o.<\/li>\n\n\n\n<li><strong>Contemple<\/strong> o que Deus deseja realizar em sua vida.<\/li>\n<\/ul>\n\n\n\n<h3 class=\"wp-block-heading\">\u2727 3. <strong>Reconhe\u00e7a suas \u201cpar\u00e1bolas pessoais\u201d<\/strong><\/h3>\n\n\n\n<p>A vida cotidiana est\u00e1 cheia de par\u00e1bolas. Pergunte-se:<\/p>\n\n\n\n<ul class=\"wp-block-list\">\n<li>Que situa\u00e7\u00e3o hoje me fala de Deus?<\/li>\n\n\n\n<li>Que ensinamento escondido existe na minha alegria ou na minha dor?<\/li>\n<\/ul>\n\n\n\n<h3 class=\"wp-block-heading\">\u2727 4. <strong>Evangelize como Jesus: com hist\u00f3rias<\/strong><\/h3>\n\n\n\n<p>Quando for falar de Deus, <strong>fa\u00e7a como Cristo<\/strong>: parta da vida, com exemplos, empatia, sem impor. As hist\u00f3rias tocam o cora\u00e7\u00e3o antes da raz\u00e3o.<\/p>\n\n\n\n<h3 class=\"wp-block-heading\">\u2727 5. <strong>Deixe-se provocar por elas<\/strong><\/h3>\n\n\n\n<p>Nem todas as par\u00e1bolas consolam. Algumas s\u00e3o <strong>palavras de ju\u00edzo<\/strong>, como a dos talentos (Mateus 25,14\u201330) ou das virgens imprudentes (Mateus 25,1\u201313). Permita-se <strong>ser despertado do sono espiritual<\/strong>.<\/p>\n\n\n\n<hr class=\"wp-block-separator has-alpha-channel-opacity\"\/>\n\n\n\n<h2 class=\"wp-block-heading\">8. Conclus\u00e3o: Quem tem ouvidos, ou\u00e7a<\/h2>\n\n\n\n<p>Jesus conclui muitas par\u00e1bolas com estas palavras:<\/p>\n\n\n\n<blockquote class=\"wp-block-quote is-layout-flow wp-block-quote-is-layout-flow\">\n<p>\u201cQuem tem ouvidos, ou\u00e7a!\u201d (Mateus 13,9)<\/p>\n<\/blockquote>\n\n\n\n<p>N\u00e3o \u00e9 apenas uma f\u00f3rmula po\u00e9tica. \u00c9 um <strong>convite sincero<\/strong> a abrir o cora\u00e7\u00e3o, a escutar com a alma, a responder.<\/p>\n\n\n\n<p>Hoje, voc\u00ea e eu somos aquela multid\u00e3o. Jesus continua a falar \u2013 n\u00e3o mais de um barco, mas por meio da sua Palavra viva, do altar, de cada situa\u00e7\u00e3o da vida. Ele continua semeando.<\/p>\n\n\n\n<p>A pergunta \u00e9:<br><strong>Voc\u00ea ser\u00e1 um bom solo? Ou deixar\u00e1 que sua Palavra passe sem dar fruto?<\/strong><\/p>\n\n\n\n<hr class=\"wp-block-separator has-alpha-channel-opacity\"\/>\n\n\n\n<h3 class=\"wp-block-heading\">\ud83c\udf3e Que o Mestre que falava em par\u00e1bolas te ensine a reconhecer o Reino de Deus na vida cotidiana.<\/h3>\n\n\n\n<p>E que voc\u00ea \u2013 como Ele \u2013 possa semear o Evangelho no cora\u00e7\u00e3o de quem te rodeia.<\/p>\n","protected":false},"excerpt":{"rendered":"<p>Introdu\u00e7\u00e3o: um Mestre que ensinava contando hist\u00f3rias Imagine-se no meio de uma multid\u00e3o \u00e0 beira do lago da Galileia. Jesus est\u00e1 sentado em um barco, e voc\u00ea \u2013 junto com pescadores, camponeses, m\u00e3es e crian\u00e7as \u2013 ouve algo que n\u00e3o soa como um serm\u00e3o complicado, mas como uma hist\u00f3ria. Um semeador, sementes, diferentes tipos de &hellip;<\/p>\n","protected":false},"author":3,"featured_media":3622,"comment_status":"open","ping_status":"open","sticky":false,"template":"","format":"standard","meta":{"_seopress_robots_primary_cat":"","_seopress_titles_title":"","_seopress_titles_desc":"","_seopress_robots_index":"","footnotes":""},"categories":[37,45],"tags":[1204],"class_list":["post-3621","post","type-post","status-publish","format-standard","has-post-thumbnail","","category-doutrina-e-fe","category-sagradas-escrituras","tag-parabolas"],"_links":{"self":[{"href":"https:\/\/catholicus.eu\/pt\/wp-json\/wp\/v2\/posts\/3621","targetHints":{"allow":["GET"]}}],"collection":[{"href":"https:\/\/catholicus.eu\/pt\/wp-json\/wp\/v2\/posts"}],"about":[{"href":"https:\/\/catholicus.eu\/pt\/wp-json\/wp\/v2\/types\/post"}],"author":[{"embeddable":true,"href":"https:\/\/catholicus.eu\/pt\/wp-json\/wp\/v2\/users\/3"}],"replies":[{"embeddable":true,"href":"https:\/\/catholicus.eu\/pt\/wp-json\/wp\/v2\/comments?post=3621"}],"version-history":[{"count":1,"href":"https:\/\/catholicus.eu\/pt\/wp-json\/wp\/v2\/posts\/3621\/revisions"}],"predecessor-version":[{"id":3623,"href":"https:\/\/catholicus.eu\/pt\/wp-json\/wp\/v2\/posts\/3621\/revisions\/3623"}],"wp:featuredmedia":[{"embeddable":true,"href":"https:\/\/catholicus.eu\/pt\/wp-json\/wp\/v2\/media\/3622"}],"wp:attachment":[{"href":"https:\/\/catholicus.eu\/pt\/wp-json\/wp\/v2\/media?parent=3621"}],"wp:term":[{"taxonomy":"category","embeddable":true,"href":"https:\/\/catholicus.eu\/pt\/wp-json\/wp\/v2\/categories?post=3621"},{"taxonomy":"post_tag","embeddable":true,"href":"https:\/\/catholicus.eu\/pt\/wp-json\/wp\/v2\/tags?post=3621"}],"curies":[{"name":"wp","href":"https:\/\/api.w.org\/{rel}","templated":true}]}}