{"id":3597,"date":"2025-05-01T16:55:10","date_gmt":"2025-05-01T14:55:10","guid":{"rendered":"https:\/\/catholicus.eu\/pt\/?p=3597"},"modified":"2025-05-01T16:55:10","modified_gmt":"2025-05-01T14:55:10","slug":"politica-catolica-por-que-votar-no-mal-menor-pode-ser-pecado-segundo-o-catecismo","status":"publish","type":"post","link":"https:\/\/catholicus.eu\/pt\/politica-catolica-por-que-votar-no-mal-menor-pode-ser-pecado-segundo-o-catecismo\/","title":{"rendered":"Pol\u00edtica cat\u00f3lica? Por que votar no \u201cmal menor\u201d pode ser pecado segundo o Catecismo"},"content":{"rendered":"\n<p>Em tempos de elei\u00e7\u00f5es, muitos cat\u00f3licos se deparam com um dilema aparentemente insol\u00favel: como votar fielmente ao Evangelho quando nenhum candidato representa plenamente os valores cat\u00f3licos? A resposta mais frequente \u2014 at\u00e9 por parte de membros da Igreja \u2014 \u00e9: \u201cEnt\u00e3o voto no mal menor.\u201d<br>Mas ser\u00e1 que essa abordagem \u00e9 realmente cat\u00f3lica? O que a Igreja ensina de fato? \u00c9 poss\u00edvel que votar no \u201cmal menor\u201d seja pecado?<\/p>\n\n\n\n<p>Este artigo oferece uma reflex\u00e3o profunda, acess\u00edvel e espiritualmente enraizada sobre essa quest\u00e3o atual e urgente, baseada no <strong>Catecismo da Igreja Cat\u00f3lica<\/strong> (em especial o \u00a72240), nas Sagradas Escrituras e na Tradi\u00e7\u00e3o viva da Igreja. Porque votar n\u00e3o \u00e9 apenas um ato c\u00edvico: \u00e9, acima de tudo, um <strong>ato moral<\/strong>.<\/p>\n\n\n\n<hr class=\"wp-block-separator has-alpha-channel-opacity\"\/>\n\n\n\n<h3 class=\"wp-block-heading\">1. <strong>A responsabilidade pol\u00edtica dos cat\u00f3licos segundo o Catecismo<\/strong><\/h3>\n\n\n\n<p>O <strong>Catecismo da Igreja Cat\u00f3lica<\/strong>, no <strong>\u00a72240<\/strong>, ensina:<\/p>\n\n\n\n<blockquote class=\"wp-block-quote is-layout-flow wp-block-quote-is-layout-flow\">\n<p><em>&#8220;A submiss\u00e3o \u00e0 autoridade leg\u00edtima e o servi\u00e7o ao bem comum exigem que os cidad\u00e3os cumpram com lealdade as obriga\u00e7\u00f5es civis e pol\u00edticas. O amor e o servi\u00e7o \u00e0 p\u00e1tria s\u00e3o um dever de gratid\u00e3o e fazem parte da ordem da caridade. A submiss\u00e3o \u00e0 autoridade e a responsabilidade pelo bem comum imp\u00f5em aos cidad\u00e3os o dever moral, na medida do poss\u00edvel, de exercer o direito de voto.&#8221;<\/em><\/p>\n<\/blockquote>\n\n\n\n<p>A Igreja reconhece aqui n\u00e3o apenas o dever de participa\u00e7\u00e3o na vida p\u00fablica, mas tamb\u00e9m sublinha a <strong>dimens\u00e3o moral<\/strong> dessa participa\u00e7\u00e3o. Votar n\u00e3o \u00e9 uma op\u00e7\u00e3o neutra: \u00e9 parte integrante da nossa <strong>responsabilidade como cidad\u00e3os do C\u00e9u vivendo na Terra<\/strong> (cf. Filipenses 3,20).<\/p>\n\n\n\n<hr class=\"wp-block-separator has-alpha-channel-opacity\"\/>\n\n\n\n<h3 class=\"wp-block-heading\">2. <strong>Discernir o pr\u00f3prio voto: o mal menor \u00e9 moralmente l\u00edcito?<\/strong><\/h3>\n\n\n\n<p>Na doutrina moral cat\u00f3lica existe um princ\u00edpio chamado <strong>princ\u00edpio do mal menor<\/strong>. Contudo, sua aplica\u00e7\u00e3o \u00e9 muito mais complexa do que se pensa comumente.<\/p>\n\n\n\n<h4 class=\"wp-block-heading\">O que a Igreja ensina:<\/h4>\n\n\n\n<p>Quando se est\u00e1 diante de dois <strong>males inevit\u00e1veis<\/strong>, pode-se <strong>tolerar<\/strong> o mal menor se n\u00e3o for poss\u00edvel evitar ambos. Trata-se, por\u00e9m, de uma <strong>toler\u00e2ncia passiva<\/strong>, <strong>n\u00e3o de uma coopera\u00e7\u00e3o ativa<\/strong> com o mal.<\/p>\n\n\n\n<h4 class=\"wp-block-heading\">O que a Igreja N\u00c3O ensina:<\/h4>\n\n\n\n<p>A Igreja <strong>nunca ensinou<\/strong> que se pode <strong>escolher ativamente um mal moral<\/strong> para evitar um maior. N\u00e3o se pode <strong>nunca querer diretamente o mal<\/strong>, mesmo que seja o &#8220;menor&#8221;. O Catecismo \u00e9 claro no \u00a71756:<\/p>\n\n\n\n<blockquote class=\"wp-block-quote is-layout-flow wp-block-quote-is-layout-flow\">\n<p><em>&#8220;N\u00e3o \u00e9 permitido fazer o mal para que da\u00ed advenha um bem. Um fim bom n\u00e3o justifica meios maus.&#8221;<\/em><\/p>\n<\/blockquote>\n\n\n\n<p>E S\u00e3o Paulo \u00e9 igualmente expl\u00edcito:<\/p>\n\n\n\n<blockquote class=\"wp-block-quote is-layout-flow wp-block-quote-is-layout-flow\">\n<p><em>&#8220;E ent\u00e3o? Devemos fazer o mal para que venha o bem? Alguns nos caluniam dizendo que ensinamos isso. A condena\u00e7\u00e3o deles \u00e9 justa.&#8221;<\/em> (Romanos 3,8)<\/p>\n<\/blockquote>\n\n\n\n<p>Assim, se um candidato <strong>apoia leis ou medidas intrinsecamente m\u00e1s<\/strong> (como aborto, eutan\u00e1sia, ideologia de g\u00eanero, persegui\u00e7\u00e3o religiosa ou injusti\u00e7as estruturais), um cat\u00f3lico <strong>n\u00e3o pode apoi\u00e1-lo conscientemente<\/strong>, nem mesmo em nome do mal menor, <strong>sem incorrer no risco de pecado grave<\/strong>, caso existam alternativas moralmente aceit\u00e1veis.<\/p>\n\n\n\n<hr class=\"wp-block-separator has-alpha-channel-opacity\"\/>\n\n\n\n<h3 class=\"wp-block-heading\">3. <strong>Perspectiva hist\u00f3rica: o discernimento pol\u00edtico na hist\u00f3ria da Igreja<\/strong><\/h3>\n\n\n\n<p>Ao longo da hist\u00f3ria, a Igreja sempre ensinou os fi\u00e9is a tomarem decis\u00f5es pol\u00edticas com base em um princ\u00edpio central: <strong>a lei moral est\u00e1 acima de qualquer estrutura de poder<\/strong>. Nos primeiros s\u00e9culos, os crist\u00e3os preferiam morrer m\u00e1rtires a participar do culto imperial. N\u00e3o escolhiam o imperador &#8220;menos pag\u00e3o&#8221;: <strong>preferiam a morte \u00e0 coopera\u00e7\u00e3o com o mal<\/strong>.<\/p>\n\n\n\n<p>Nos tempos modernos, documentos eclesiais como o <strong>Comp\u00eandio da Doutrina Social da Igreja<\/strong> e enc\u00edclicas como <em>Evangelium Vitae<\/em> de S\u00e3o Jo\u00e3o Paulo II reafirmam que o compromisso pol\u00edtico deve ser sempre guiado por uma <strong>consci\u00eancia bem formada<\/strong>. Jo\u00e3o Paulo II escreveu:<\/p>\n\n\n\n<blockquote class=\"wp-block-quote is-layout-flow wp-block-quote-is-layout-flow\">\n<p><em>&#8220;Uma lei que nega o direito \u00e0 vida de um ser humano inocente est\u00e1 em total contradi\u00e7\u00e3o com o bem comum, que a lei \u00e9 chamada a servir.&#8221;<\/em> (<em>Evangelium Vitae<\/em>, 72)<\/p>\n<\/blockquote>\n\n\n\n<hr class=\"wp-block-separator has-alpha-channel-opacity\"\/>\n\n\n\n<h3 class=\"wp-block-heading\">4. <strong>Guia pr\u00e1tica: como votar como cat\u00f3licos fi\u00e9is<\/strong><\/h3>\n\n\n\n<p>Eis um guia pastoral concreto para votar com integridade moral:<\/p>\n\n\n\n<h4 class=\"wp-block-heading\">\u2705 Passo 1: <strong>Formar corretamente a consci\u00eancia<\/strong><\/h4>\n\n\n\n<ul class=\"wp-block-list\">\n<li>Ler o Catecismo (especialmente \u00a7\u00a72240, 1735\u20131756).<\/li>\n\n\n\n<li>Estudar documentos da Igreja como <em>Evangelium Vitae<\/em>, <em>Caritas in Veritate<\/em>, o <em>Comp\u00eandio da Doutrina Social<\/em>.<\/li>\n\n\n\n<li>N\u00e3o se deixar guiar por emo\u00e7\u00f5es, partidos ou ideologias.<\/li>\n<\/ul>\n\n\n\n<h4 class=\"wp-block-heading\">\u2705 Passo 2: <strong>Identificar os princ\u00edpios inegoci\u00e1veis<\/strong><\/h4>\n\n\n\n<p>Segundo Bento XVI e o ensinamento constante da Igreja, h\u00e1 princ\u00edpios <strong>inegoci\u00e1veis<\/strong>:<\/p>\n\n\n\n<ul class=\"wp-block-list\">\n<li>Defesa da vida (do momento da concep\u00e7\u00e3o at\u00e9 a morte natural).<\/li>\n\n\n\n<li>Prote\u00e7\u00e3o da fam\u00edlia fundada no matrim\u00f4nio entre homem e mulher.<\/li>\n\n\n\n<li>Liberdade religiosa.<\/li>\n\n\n\n<li>Direito dos pais \u00e0 educa\u00e7\u00e3o religiosa dos filhos.<\/li>\n<\/ul>\n\n\n\n<h4 class=\"wp-block-heading\">\u2705 Passo 3: <strong>Avaliar os candidatos<\/strong><\/h4>\n\n\n\n<ul class=\"wp-block-list\">\n<li>Promovem o bem comum ou apenas interesses ideol\u00f3gicos?<\/li>\n\n\n\n<li>Apoiaram ou aprovaram leis imorais?<\/li>\n\n\n\n<li>Seu programa amea\u00e7a princ\u00edpios inegoci\u00e1veis?<\/li>\n<\/ul>\n\n\n\n<h4 class=\"wp-block-heading\">\u2705 Passo 4: <strong>Apoiar o bem poss\u00edvel, n\u00e3o o mal toler\u00e1vel<\/strong><\/h4>\n\n\n\n<ul class=\"wp-block-list\">\n<li>Se nenhum candidato \u00e9 perfeito, deve-se escolher aquele que <strong>n\u00e3o defenda males intr\u00ednsecos<\/strong>, mesmo que tenha falhas em \u00e1reas secund\u00e1rias.<\/li>\n\n\n\n<li>Se <strong>todos os candidatos s\u00e3o moralmente inaceit\u00e1veis<\/strong>, \u00e9 <strong>l\u00edcito abster-se ou votar em branco<\/strong>, como forma de testemunho, n\u00e3o de indiferen\u00e7a.<\/li>\n<\/ul>\n\n\n\n<h4 class=\"wp-block-heading\">\u2705 Passo 5: <strong>Agir em ora\u00e7\u00e3o<\/strong><\/h4>\n\n\n\n<ul class=\"wp-block-list\">\n<li>Rezar ao Esp\u00edrito Santo antes de votar.<\/li>\n\n\n\n<li>Rezar pelos governantes, mesmo pelos contr\u00e1rios \u00e0 f\u00e9 (cf. 1 Tim\u00f3teo 2,1\u20132).<\/li>\n<\/ul>\n\n\n\n<hr class=\"wp-block-separator has-alpha-channel-opacity\"\/>\n\n\n\n<h3 class=\"wp-block-heading\">5. <strong>E se votei no mal menor por ignor\u00e2ncia?<\/strong><\/h3>\n\n\n\n<p>A Igreja \u00e9 m\u00e3e e mestra: oferece sempre <strong>luz, n\u00e3o condena\u00e7\u00e3o<\/strong>. Quem votou erroneamente por ignor\u00e2ncia invenc\u00edvel n\u00e3o cometeu pecado. Mas quem vota conscientemente por um grave mal moral, <strong>comete pecado grave<\/strong> e necessita da confiss\u00e3o sacramental, com o prop\u00f3sito de discernir melhor no futuro.<\/p>\n\n\n\n<hr class=\"wp-block-separator has-alpha-channel-opacity\"\/>\n\n\n\n<h3 class=\"wp-block-heading\">6. <strong>A pol\u00edtica como ato de caridade<\/strong><\/h3>\n\n\n\n<p>S\u00e3o Jo\u00e3o XXIII afirmava:<\/p>\n\n\n\n<blockquote class=\"wp-block-quote is-layout-flow wp-block-quote-is-layout-flow\">\n<p><em>&#8220;A pol\u00edtica \u00e9 a mais alta forma de caridade.&#8221;<\/em><\/p>\n<\/blockquote>\n\n\n\n<p>N\u00e3o se trata apenas de votar bem: trata-se de <strong>construir ativamente o bem comum<\/strong>, a partir da fam\u00edlia, da par\u00f3quia, da comunidade local, da educa\u00e7\u00e3o, do servi\u00e7o aos pobres.<\/p>\n\n\n\n<hr class=\"wp-block-separator has-alpha-channel-opacity\"\/>\n\n\n\n<h3 class=\"wp-block-heading\">7. <strong>Conclus\u00e3o: a consci\u00eancia n\u00e3o negocia com o mal<\/strong><\/h3>\n\n\n\n<p>Ser fiel a Cristo exige coragem. Em um mundo relativista, os crist\u00e3os devem ser <strong>sal da terra e luz do mundo<\/strong> (Mateus 5,13\u201314), tamb\u00e9m na cabine eleitoral.<\/p>\n\n\n\n<p>Votar n\u00e3o significa escolher entre dois males, mas <strong>apoiar o bem poss\u00edvel sem trair o Evangelho<\/strong>. Se isso n\u00e3o for poss\u00edvel, \u00e9 melhor abster-se do que tornar-se c\u00famplice da injusti\u00e7a.<\/p>\n\n\n\n<p>Como disse S\u00e3o Tom\u00e1s Moro, m\u00e1rtir da consci\u00eancia:<\/p>\n\n\n\n<blockquote class=\"wp-block-quote is-layout-flow wp-block-quote-is-layout-flow\">\n<p><em>&#8220;Morro como servo fiel do rei, mas de Deus primeiro.&#8221;<\/em><\/p>\n<\/blockquote>\n\n\n\n<hr class=\"wp-block-separator has-alpha-channel-opacity\"\/>\n\n\n\n<h3 class=\"wp-block-heading\">\ud83d\udcff <strong>Guia espiritual para o discernimento pol\u00edtico<\/strong><\/h3>\n\n\n\n<ul class=\"wp-block-list\">\n<li><strong>Exame de consci\u00eancia antes do voto<\/strong>: Estou sendo guiado pela f\u00e9 ou por interesses pessoais?<\/li>\n\n\n\n<li><strong>Confiss\u00e3o frequente<\/strong>: Especialmente em momentos decisivos.<\/li>\n\n\n\n<li><strong>Adora\u00e7\u00e3o eucar\u00edstica<\/strong>: Para buscar luz diante do Sant\u00edssimo.<\/li>\n\n\n\n<li><strong>Ora\u00e7\u00e3o pela convers\u00e3o dos governantes<\/strong>: Mesmo os hostis \u00e0 f\u00e9.<\/li>\n\n\n\n<li><strong>Forma\u00e7\u00e3o cont\u00ednua na doutrina da Igreja<\/strong>: Para n\u00e3o ser &#8220;como crian\u00e7as agitadas por todo vento de doutrina&#8221; (Ef\u00e9sios 4,14).<\/li>\n<\/ul>\n","protected":false},"excerpt":{"rendered":"<p>Em tempos de elei\u00e7\u00f5es, muitos cat\u00f3licos se deparam com um dilema aparentemente insol\u00favel: como votar fielmente ao Evangelho quando nenhum candidato representa plenamente os valores cat\u00f3licos? A resposta mais frequente \u2014 at\u00e9 por parte de membros da Igreja \u2014 \u00e9: \u201cEnt\u00e3o voto no mal menor.\u201dMas ser\u00e1 que essa abordagem \u00e9 realmente cat\u00f3lica? O que a &hellip;<\/p>\n","protected":false},"author":3,"featured_media":3598,"comment_status":"open","ping_status":"open","sticky":false,"template":"","format":"standard","meta":{"_seopress_robots_primary_cat":"","_seopress_titles_title":"","_seopress_titles_desc":"","_seopress_robots_index":"","footnotes":""},"categories":[54,39],"tags":[1195,1196],"class_list":["post-3597","post","type-post","status-publish","format-standard","has-post-thumbnail","","category-bioetica-e-questoes-contemporaneas","category-moral-e-vida-crista","tag-politica-catolica","tag-votar"],"_links":{"self":[{"href":"https:\/\/catholicus.eu\/pt\/wp-json\/wp\/v2\/posts\/3597","targetHints":{"allow":["GET"]}}],"collection":[{"href":"https:\/\/catholicus.eu\/pt\/wp-json\/wp\/v2\/posts"}],"about":[{"href":"https:\/\/catholicus.eu\/pt\/wp-json\/wp\/v2\/types\/post"}],"author":[{"embeddable":true,"href":"https:\/\/catholicus.eu\/pt\/wp-json\/wp\/v2\/users\/3"}],"replies":[{"embeddable":true,"href":"https:\/\/catholicus.eu\/pt\/wp-json\/wp\/v2\/comments?post=3597"}],"version-history":[{"count":1,"href":"https:\/\/catholicus.eu\/pt\/wp-json\/wp\/v2\/posts\/3597\/revisions"}],"predecessor-version":[{"id":3599,"href":"https:\/\/catholicus.eu\/pt\/wp-json\/wp\/v2\/posts\/3597\/revisions\/3599"}],"wp:featuredmedia":[{"embeddable":true,"href":"https:\/\/catholicus.eu\/pt\/wp-json\/wp\/v2\/media\/3598"}],"wp:attachment":[{"href":"https:\/\/catholicus.eu\/pt\/wp-json\/wp\/v2\/media?parent=3597"}],"wp:term":[{"taxonomy":"category","embeddable":true,"href":"https:\/\/catholicus.eu\/pt\/wp-json\/wp\/v2\/categories?post=3597"},{"taxonomy":"post_tag","embeddable":true,"href":"https:\/\/catholicus.eu\/pt\/wp-json\/wp\/v2\/tags?post=3597"}],"curies":[{"name":"wp","href":"https:\/\/api.w.org\/{rel}","templated":true}]}}