{"id":3578,"date":"2025-05-01T09:05:53","date_gmt":"2025-05-01T07:05:53","guid":{"rendered":"https:\/\/catholicus.eu\/pt\/?p=3578"},"modified":"2025-05-01T09:05:53","modified_gmt":"2025-05-01T07:05:53","slug":"a-comunhao-das-sextas-feiras-pelos-agonizantes-uma-obra-de-misericordia-esquecida","status":"publish","type":"post","link":"https:\/\/catholicus.eu\/pt\/a-comunhao-das-sextas-feiras-pelos-agonizantes-uma-obra-de-misericordia-esquecida\/","title":{"rendered":"A &#8220;Comunh\u00e3o das Sextas-Feiras&#8221; pelos Agonizantes: Uma Obra de Miseric\u00f3rdia Esquecida"},"content":{"rendered":"\n<h2 class=\"wp-block-heading\"><strong>Introdu\u00e7\u00e3o: Um Tesouro Espiritual em Risco de Extin\u00e7\u00e3o<\/strong><\/h2>\n\n\n\n<p>Num mundo acelerado, onde o imediato e o tang\u00edvel dominam nossa aten\u00e7\u00e3o, muitas pr\u00e1ticas piedosas que nutriam a f\u00e9 das gera\u00e7\u00f5es passadas ca\u00edram no esquecimento. Entre elas est\u00e1 a&nbsp;<strong>&#8220;Comunh\u00e3o das Sextas-Feiras pelos Agonizantes&#8221;<\/strong>, uma obra de miseric\u00f3rdia espiritual que, embora pouco conhecida hoje, encerra profundo valor teol\u00f3gico e pastoral.<\/p>\n\n\n\n<p>Esta devo\u00e7\u00e3o consiste em oferecer a Santa Comunh\u00e3o recebida \u00e0s sextas-feiras &#8211; dia tradicionalmente dedicado \u00e0 Paix\u00e3o de Cristo &#8211; pelas almas que se encontram em agonia, para que morram em estado de gra\u00e7a e alcancem a salva\u00e7\u00e3o eterna.<\/p>\n\n\n\n<p>Neste artigo exploraremos:<\/p>\n\n\n\n<ol start=\"1\" class=\"wp-block-list\">\n<li><strong>As origens hist\u00f3ricas<\/strong>\u00a0desta pr\u00e1tica<\/li>\n\n\n\n<li><strong>Seu fundamento teol\u00f3gico<\/strong>\u00a0na comunh\u00e3o dos santos e no valor infinito da Eucaristia<\/li>\n\n\n\n<li><strong>Um guia pastoral<\/strong>\u00a0para recuperar esta devo\u00e7\u00e3o na vida espiritual pessoal e comunit\u00e1ria<\/li>\n\n\n\n<li><strong>Como aplic\u00e1-la hoje<\/strong>, especialmente num mundo onde a morte \u00e9 frequentemente ignorada ou temida<\/li>\n<\/ol>\n\n\n\n<p>Que este escrito nos ajude a redescobrir o poder da ora\u00e7\u00e3o e da Eucaristia como meios para acompanhar os moribundos, seguindo o mandamento de Cristo:&nbsp;<em>&#8220;Vigiai e orai, para que n\u00e3o entreis em tenta\u00e7\u00e3o&#8221;<\/em>&nbsp;(Mateus 26,41).<\/p>\n\n\n\n<hr class=\"wp-block-separator has-alpha-channel-opacity\"\/>\n\n\n\n<h2 class=\"wp-block-heading\"><strong>1. Hist\u00f3ria: As Origens de uma Devo\u00e7\u00e3o Misericordiosa<\/strong><\/h2>\n\n\n\n<p>A&nbsp;<strong>Comunh\u00e3o das Sextas-Feiras pelos Agonizantes<\/strong>&nbsp;tem suas ra\u00edzes na espiritualidade cat\u00f3lica tradicional, particularmente vinculada \u00e0 devo\u00e7\u00e3o ao&nbsp;<strong>Sagrado Cora\u00e7\u00e3o de Jesus<\/strong>&nbsp;e \u00e0s&nbsp;<strong>Primeiras Sextas-Feiras<\/strong>, promovida por Santa Margarida Maria Alacoque no s\u00e9culo XVII.<\/p>\n\n\n\n<p>Por\u00e9m, sua pr\u00e1tica remonta ainda mais, aos primeiros s\u00e9culos da Igreja, quando os crist\u00e3os&nbsp;<strong>ofereciam suas ora\u00e7\u00f5es e sacrif\u00edcios<\/strong>&nbsp;pelos enfermos e moribundos. Os Padres da Igreja, como Santo Agostinho, ensinavam que a Eucaristia \u00e9 o&nbsp;<strong>&#8220;vi\u00e1tico&#8221;<\/strong>&nbsp;(alimento para a viagem) que fortalece a alma em sua passagem para a eternidade.<\/p>\n\n\n\n<p>Na Idade M\u00e9dia, surgiram confrarias e irmandades dedicadas a&nbsp;<strong>acompanhar os moribundos<\/strong>, assegurando que recebessem os \u00faltimos sacramentos. A&nbsp;<strong>Comunh\u00e3o das Sextas-Feiras<\/strong>&nbsp;consolidou-se como ato de caridade sobrenatural, onde os fi\u00e9is ofereciam sua participa\u00e7\u00e3o na Missa e sua recep\u00e7\u00e3o da Eucaristia por aqueles prestes a enfrentar o ju\u00edzo divino.<\/p>\n\n\n\n<hr class=\"wp-block-separator has-alpha-channel-opacity\"\/>\n\n\n\n<h2 class=\"wp-block-heading\"><strong>2. Fundamento Teol\u00f3gico: A Eucaristia e a Comunh\u00e3o dos Santos<\/strong><\/h2>\n\n\n\n<h3 class=\"wp-block-heading\"><strong>A. A Eucaristia como Sacrif\u00edcio Redentor<\/strong><\/h3>\n\n\n\n<p>A Santa Missa n\u00e3o \u00e9 apenas memorial, mas&nbsp;<strong>o pr\u00f3prio sacrif\u00edcio do Calv\u00e1rio tornado presente no altar<\/strong>. Ao recebermos a Comunh\u00e3o,&nbsp;<strong>nos unimos a Cristo em sua entrega pela salva\u00e7\u00e3o do mundo<\/strong>. Por isso, oferecer a Comunh\u00e3o pelos agonizantes \u00e9&nbsp;<strong>participar da obra redentora de Jesus<\/strong>, aplicando seus m\u00e9ritos infinitos aos que mais necessitam em sua hora derradeira.<\/p>\n\n\n\n<p>Como diz S\u00e3o Paulo:<\/p>\n\n\n\n<blockquote class=\"wp-block-quote is-layout-flow wp-block-quote-is-layout-flow\">\n<p><em>&#8220;Agora me alegro nos meus sofrimentos por v\u00f3s e completo na minha carne o que falta \u00e0s tribula\u00e7\u00f5es de Cristo, a favor do seu Corpo, que \u00e9 a Igreja&#8221;<\/em>&nbsp;(Colossenses 1,24).<\/p>\n<\/blockquote>\n\n\n\n<p>Nossas pequenas ofertas &#8211; como a Comunh\u00e3o das Sextas-Feiras &#8211; unem-se ao sacrif\u00edcio de Cristo e podem obter gra\u00e7as extraordin\u00e1rias para as almas em perigo.<\/p>\n\n\n\n<h3 class=\"wp-block-heading\"><strong>B. A Comunh\u00e3o dos Santos: Unidos Al\u00e9m da Morte<\/strong><\/h3>\n\n\n\n<p>O Catecismo da Igreja Cat\u00f3lica (n. 962) ensina que&nbsp;<strong>&#8220;cremos na comunh\u00e3o de todos os fi\u00e9is de Cristo&#8221;<\/strong>: n\u00f3s peregrinos na terra, as almas do Purgat\u00f3rio e os santos no C\u00e9u. Esta solidariedade espiritual nos permite&nbsp;<strong>ajudar os moribundos com nossas ora\u00e7\u00f5es e sacramentos<\/strong>, mesmo sem conhec\u00ea-los.<\/p>\n\n\n\n<p>A agonia \u00e9 momento crucial: o dem\u00f4nio lan\u00e7a seus \u00faltimos ataques e a alma enfrenta a eternidade. Por isso,&nbsp;<strong>nossa intercess\u00e3o eucar\u00edstica pode ser decisiva<\/strong>&nbsp;para que esse irm\u00e3o ou irm\u00e3 morra em paz com Deus.<\/p>\n\n\n\n<hr class=\"wp-block-separator has-alpha-channel-opacity\"\/>\n\n\n\n<h2 class=\"wp-block-heading\"><strong>3. Guia Pr\u00e1tico: Como Viver Hoje a Comunh\u00e3o das Sextas-Feiras<\/strong><\/h2>\n\n\n\n<h3 class=\"wp-block-heading\"><strong>Passo 1: Prepara\u00e7\u00e3o Espiritual<\/strong><\/h3>\n\n\n\n<ul class=\"wp-block-list\">\n<li><strong>Confiss\u00e3o frequente<\/strong>: Para receber a Comunh\u00e3o em estado de gra\u00e7a e com pureza de inten\u00e7\u00e3o<\/li>\n\n\n\n<li><strong>Oferecer a Sexta-Feira<\/strong>: Dedicar este dia \u00e0 medita\u00e7\u00e3o da Paix\u00e3o de Cristo e dos sofrimentos dos enfermos<\/li>\n<\/ul>\n\n\n\n<h3 class=\"wp-block-heading\"><strong>Passo 2: A Inten\u00e7\u00e3o Espec\u00edfica<\/strong><\/h3>\n\n\n\n<p>Ao receber a Eucaristia, rezar com f\u00e9:<\/p>\n\n\n\n<blockquote class=\"wp-block-quote is-layout-flow wp-block-quote-is-layout-flow\">\n<p><em>&#8220;Senhor, Vos ofere\u00e7o esta Santa Comunh\u00e3o por todos os que hoje agonizam, especialmente por aqueles que n\u00e3o t\u00eam quem ore por eles. Que Vosso Sangue os purifique, Vosso Corpo os fortale\u00e7a e Vossa miseric\u00f3rdia os salve. Am\u00e9m.&#8221;<\/em><\/p>\n<\/blockquote>\n\n\n\n<h3 class=\"wp-block-heading\"><strong>Passo 3: Acompanhamento com Outras Obras de Miseric\u00f3rdia<\/strong><\/h3>\n\n\n\n<ul class=\"wp-block-list\">\n<li><strong>Rezar o Ter\u00e7o<\/strong>\u00a0pelos moribundos<\/li>\n\n\n\n<li><strong>Oferecer pequenos sacrif\u00edcios<\/strong>\u00a0(jejuns, sil\u00eancios, obras de caridade) unidos a esta inten\u00e7\u00e3o<\/li>\n\n\n\n<li><strong>Informar-se sobre a Uni\u00e3o dos Enfermos<\/strong>, oferecendo pr\u00f3prios ou alheios sofrimentos pela salva\u00e7\u00e3o das almas<\/li>\n<\/ul>\n\n\n\n<hr class=\"wp-block-separator has-alpha-channel-opacity\"\/>\n\n\n\n<h2 class=\"wp-block-heading\"><strong>4. Relev\u00e2ncia Atual: Por Que \u00c9 Urgente Recuperar Esta Pr\u00e1tica?<\/strong><\/h2>\n\n\n\n<p>Vivemos numa cultura que&nbsp;<strong>nega a morte<\/strong>&nbsp;ou a reduz a fato m\u00e9dico, esquecendo sua dimens\u00e3o espiritual. Muitos morrem s\u00f3s, sem sacramentos, sem prepara\u00e7\u00e3o. A&nbsp;<strong>Comunh\u00e3o das Sextas-Feiras pelos Agonizantes<\/strong>&nbsp;\u00e9 ant\u00eddoto a esta indiferen\u00e7a porque:<\/p>\n\n\n\n<ul class=\"wp-block-list\">\n<li><strong>Nos torna conscientes da fragilidade humana<\/strong><\/li>\n\n\n\n<li><strong>Nos faz instrumentos da miseric\u00f3rdia divina<\/strong><\/li>\n\n\n\n<li><strong>Fortalecer nossa esperan\u00e7a na vida eterna<\/strong><\/li>\n<\/ul>\n\n\n\n<hr class=\"wp-block-separator has-alpha-channel-opacity\"\/>\n\n\n\n<h2 class=\"wp-block-heading\"><strong>Conclus\u00e3o: Um Ato de Amor Que Transcende o Tempo<\/strong><\/h2>\n\n\n\n<p>Num mundo que foge do sofrimento e da morte, n\u00f3s cat\u00f3licos somos chamados a ser&nbsp;<strong>testemunhas da esperan\u00e7a<\/strong>. A&nbsp;<strong>Comunh\u00e3o das Sextas-Feiras pelos Agonizantes<\/strong>&nbsp;\u00e9 modo concreto de viver a caridade crist\u00e3, lembrando que&nbsp;<strong>nossa ora\u00e7\u00e3o pode ser o \u00faltimo aux\u00edlio para uma alma em sua hora mais crucial<\/strong>.<\/p>\n\n\n\n<p>Que a Sant\u00edssima Virgem Maria, consolo dos aflitos, nos ensine a amar e rezar pelos que deixam este mundo, para que ou\u00e7am as palavras de Jesus:&nbsp;<em>&#8220;Hoje estar\u00e1s comigo no Para\u00edso&#8221;<\/em>&nbsp;(Lucas 23,43).<\/p>\n\n\n\n<h3 class=\"wp-block-heading\"><strong>Ora\u00e7\u00e3o Final pelos Agonizantes<\/strong><\/h3>\n\n\n\n<blockquote class=\"wp-block-quote is-layout-flow wp-block-quote-is-layout-flow\">\n<p><em>&#8220;\u00d3 Jesus, Redentor misericordioso, Vos rogamos por todos os que est\u00e3o em agonia. Por Vossa Santa Paix\u00e3o, dai-lhes a gra\u00e7a de uma santa morte. Que Vosso Precios\u00edssimo Sangue os purifique, Vossa M\u00e3e Sant\u00edssima os cubra com seu manto e os anjos os conduzam \u00e0 paz eterna. Senhor, que nenhum deles morra sem confiss\u00e3o e sem Vosso amor. Am\u00e9m.&#8221;<\/em><\/p>\n<\/blockquote>\n\n\n\n<p><strong>Que Deus aben\u00e7oe todos os agonizantes e quem por eles reza!<\/strong><\/p>\n\n\n\n<hr class=\"wp-block-separator has-alpha-channel-opacity\"\/>\n\n\n\n<p>Voc\u00ea se anima a praticar esta obra de miseric\u00f3rdia? Compartilhe este artigo para que mais almas sejam salvas pelo poder da Eucaristia.<\/p>\n","protected":false},"excerpt":{"rendered":"<p>Introdu\u00e7\u00e3o: Um Tesouro Espiritual em Risco de Extin\u00e7\u00e3o Num mundo acelerado, onde o imediato e o tang\u00edvel dominam nossa aten\u00e7\u00e3o, muitas pr\u00e1ticas piedosas que nutriam a f\u00e9 das gera\u00e7\u00f5es passadas ca\u00edram no esquecimento. Entre elas est\u00e1 a&nbsp;&#8220;Comunh\u00e3o das Sextas-Feiras pelos Agonizantes&#8221;, uma obra de miseric\u00f3rdia espiritual que, embora pouco conhecida hoje, encerra profundo valor teol\u00f3gico &hellip;<\/p>\n","protected":false},"author":3,"featured_media":3577,"comment_status":"open","ping_status":"open","sticky":false,"template":"","format":"standard","meta":{"_seopress_robots_primary_cat":"","_seopress_titles_title":"","_seopress_titles_desc":"","_seopress_robots_index":"","footnotes":""},"categories":[59,40],"tags":[1187,1186],"class_list":["post-3578","post","type-post","status-publish","format-standard","has-post-thumbnail","","category-eucaristia-e-adoracao","category-oracao-e-espiritualidade","tag-agonizantes","tag-comunhao-das-sextas-feiras"],"_links":{"self":[{"href":"https:\/\/catholicus.eu\/pt\/wp-json\/wp\/v2\/posts\/3578","targetHints":{"allow":["GET"]}}],"collection":[{"href":"https:\/\/catholicus.eu\/pt\/wp-json\/wp\/v2\/posts"}],"about":[{"href":"https:\/\/catholicus.eu\/pt\/wp-json\/wp\/v2\/types\/post"}],"author":[{"embeddable":true,"href":"https:\/\/catholicus.eu\/pt\/wp-json\/wp\/v2\/users\/3"}],"replies":[{"embeddable":true,"href":"https:\/\/catholicus.eu\/pt\/wp-json\/wp\/v2\/comments?post=3578"}],"version-history":[{"count":1,"href":"https:\/\/catholicus.eu\/pt\/wp-json\/wp\/v2\/posts\/3578\/revisions"}],"predecessor-version":[{"id":3579,"href":"https:\/\/catholicus.eu\/pt\/wp-json\/wp\/v2\/posts\/3578\/revisions\/3579"}],"wp:featuredmedia":[{"embeddable":true,"href":"https:\/\/catholicus.eu\/pt\/wp-json\/wp\/v2\/media\/3577"}],"wp:attachment":[{"href":"https:\/\/catholicus.eu\/pt\/wp-json\/wp\/v2\/media?parent=3578"}],"wp:term":[{"taxonomy":"category","embeddable":true,"href":"https:\/\/catholicus.eu\/pt\/wp-json\/wp\/v2\/categories?post=3578"},{"taxonomy":"post_tag","embeddable":true,"href":"https:\/\/catholicus.eu\/pt\/wp-json\/wp\/v2\/tags?post=3578"}],"curies":[{"name":"wp","href":"https:\/\/api.w.org\/{rel}","templated":true}]}}