{"id":3573,"date":"2025-05-01T00:37:26","date_gmt":"2025-04-30T22:37:26","guid":{"rendered":"https:\/\/catholicus.eu\/pt\/?p=3573"},"modified":"2025-05-01T00:37:27","modified_gmt":"2025-04-30T22:37:27","slug":"a-disciplina-do-arcano-guardando-os-sagrados-misterios-num-mundo-de-ruido","status":"publish","type":"post","link":"https:\/\/catholicus.eu\/pt\/a-disciplina-do-arcano-guardando-os-sagrados-misterios-num-mundo-de-ruido\/","title":{"rendered":"A Disciplina do Arcano: Guardando os Sagrados Mist\u00e9rios num Mundo de Ru\u00eddo"},"content":{"rendered":"\n<h2 class=\"wp-block-heading\"><strong>Introdu\u00e7\u00e3o: Quando o Sil\u00eancio era Sagrado<\/strong><\/h2>\n\n\n\n<p>Em nossa era de superexposi\u00e7\u00e3o digital, onde cada pensamento religioso \u00e9 compartilhado nas redes sociais e os sagrados mist\u00e9rios s\u00e3o discutidos com leveza, a antiga&nbsp;<strong>disciplina do arcano<\/strong>&nbsp;(do latim&nbsp;<em>arcanum<\/em>, &#8220;segredo&#8221;) emerge como um s\u00e1bio e necess\u00e1rio contraponto. Esta pr\u00e1tica, que marcou os primeiros s\u00e9culos do cristianismo, consistia em&nbsp;<strong>ocultar cuidadosamente os mist\u00e9rios mais profundos da f\u00e9<\/strong>&nbsp;aos n\u00e3o iniciados: catec\u00famenos, pag\u00e3os e at\u00e9 mesmo aos rec\u00e9m-batizados at\u00e9 o momento oportuno.<\/p>\n\n\n\n<p>Por que os Padres da Igreja agiam assim? O que podemos aprender hoje desta tradi\u00e7\u00e3o? Este artigo explorar\u00e1:<\/p>\n\n\n\n<ol start=\"1\" class=\"wp-block-list\">\n<li><strong>Origens hist\u00f3ricas<\/strong>\u00a0da disciplina do arcano<\/li>\n\n\n\n<li><strong>Fundamento b\u00edblico e teol\u00f3gico<\/strong><\/li>\n\n\n\n<li><strong>Mist\u00e9rios protegidos<\/strong>\u00a0(Eucaristia, Credo, Pai Nosso)<\/li>\n\n\n\n<li><strong>Aplica\u00e7\u00e3o pr\u00e1tica para o cat\u00f3lico moderno<\/strong><\/li>\n\n\n\n<li><strong>Guia pastoral<\/strong>: Quando falar e quando calar<\/li>\n<\/ol>\n\n\n\n<hr class=\"wp-block-separator has-alpha-channel-opacity\"\/>\n\n\n\n<h2 class=\"wp-block-heading\"><strong>1. Ra\u00edzes Hist\u00f3ricas: Um Muro de Prote\u00e7\u00e3o<\/strong><\/h2>\n\n\n\n<h3 class=\"wp-block-heading\"><strong>A. Nos prim\u00f3rdios do cristianismo<\/strong><\/h3>\n\n\n\n<p>Nos s\u00e9culos II-IV, ser crist\u00e3o era perigoso. Os&nbsp;<strong>ritos sagrados<\/strong>&nbsp;eram celebrados em segredo, n\u00e3o por medo, mas para:<\/p>\n\n\n\n<ul class=\"wp-block-list\">\n<li><strong>Evitar profana\u00e7\u00f5es<\/strong>\u00a0(os pag\u00e3os ridicularizavam a Eucaristia como &#8220;canibalismo&#8221;)<\/li>\n\n\n\n<li><strong>Proteger os catec\u00famenos<\/strong>\u00a0de mal-entendidos at\u00e9 estarem preparados<\/li>\n\n\n\n<li><strong>Imitar Cristo<\/strong>, que &#8220;falava em par\u00e1bolas&#8221; (Mt 13:10-13)<\/li>\n<\/ul>\n\n\n\n<p>S\u00e3o Cirilo de Jerusal\u00e9m (s\u00e9culo IV) advertia:&nbsp;<em>&#8220;N\u00e3o revele os mist\u00e9rios a ningu\u00e9m exceto \u00e0queles que podem receb\u00ea-los&#8221;<\/em>&nbsp;(<em>Catequeses Mistag\u00f3gicas<\/em>).<\/p>\n\n\n\n<h3 class=\"wp-block-heading\"><strong>B. Tr\u00eas etapas da revela\u00e7\u00e3o<\/strong><\/h3>\n\n\n\n<ol start=\"1\" class=\"wp-block-list\">\n<li><strong>Audientes<\/strong>\u00a0(ouvintes): S\u00f3 escutavam leituras b\u00edblicas<\/li>\n\n\n\n<li><strong>Catec\u00famenos<\/strong>: Aprendiam moral b\u00e1sica, mas n\u00e3o os sacramentos<\/li>\n\n\n\n<li><strong>Fi\u00e9is<\/strong>\u00a0(batizados): Acessavam a Missa completa e a mistagogia<\/li>\n<\/ol>\n\n\n\n<hr class=\"wp-block-separator has-alpha-channel-opacity\"\/>\n\n\n\n<h2 class=\"wp-block-heading\"><strong>2. Fundamento Teol\u00f3gico: Por que Ocultar a Verdade?<\/strong><\/h2>\n\n\n\n<h3 class=\"wp-block-heading\"><strong>A. Modelo b\u00edblico<\/strong><\/h3>\n\n\n\n<ul class=\"wp-block-list\">\n<li><strong>Jesus e os mist\u00e9rios<\/strong>:\u00a0<em>&#8220;N\u00e3o deis aos c\u00e3es o que \u00e9 santo&#8221;<\/em>\u00a0(Mt 7:6)<\/li>\n\n\n\n<li><strong>S\u00e3o Paulo<\/strong>:\u00a0<em>&#8220;O leite \u00e9 para as crian\u00e7as, o alimento s\u00f3lido para os adultos&#8221;<\/em>\u00a0(1Cor 3:2)<\/li>\n<\/ul>\n\n\n\n<h3 class=\"wp-block-heading\"><strong>B. Raz\u00f5es teol\u00f3gicas<\/strong><\/h3>\n\n\n\n<ol start=\"1\" class=\"wp-block-list\">\n<li><strong>Respeito ao sagrado<\/strong>: A f\u00e9 n\u00e3o \u00e9 mercadoria vulgar<\/li>\n\n\n\n<li><strong>Pedagogia divina<\/strong>: Deus revela gradualmente (Hb 1:1-2)<\/li>\n\n\n\n<li><strong>Prote\u00e7\u00e3o contra heresias<\/strong>: Os gn\u00f3sticos distorciam os mist\u00e9rios<\/li>\n<\/ol>\n\n\n\n<p>O Catecismo atual conserva este princ\u00edpio:&nbsp;<em>&#8220;A catequese deve&#8230; iniciar gradualmente no conhecimento do Mist\u00e9rio&#8221;<\/em>&nbsp;(CCC 1231).<\/p>\n\n\n\n<hr class=\"wp-block-separator has-alpha-channel-opacity\"\/>\n\n\n\n<h2 class=\"wp-block-heading\"><strong>3. Os Tr\u00eas Grandes Arcana<\/strong><\/h2>\n\n\n\n<h3 class=\"wp-block-heading\"><strong>A. A Eucaristia<\/strong><\/h3>\n\n\n\n<p>Os Padres chamavam o p\u00e3o consagrado&nbsp;<em>&#8220;o Santo dos Santos&#8221;<\/em>.&nbsp;<strong>N\u00e3o se mencionava diretamente<\/strong>&nbsp;aos catec\u00famenos. S\u00e3o Justino M\u00e1rtir (s\u00e9culo II) descrevia a Missa com linguagem velada at\u00e9 ap\u00f3s o batismo.<\/p>\n\n\n\n<h3 class=\"wp-block-heading\"><strong>B. O Pai Nosso<\/strong><\/h3>\n\n\n\n<p>Na Igreja primitiva:<\/p>\n\n\n\n<ul class=\"wp-block-list\">\n<li>Era ensinado\u00a0<strong>s\u00f3 aos batizados<\/strong><\/li>\n\n\n\n<li>Os catec\u00famenos sa\u00edam antes de sua recita\u00e7\u00e3o<\/li>\n\n\n\n<li>Santo Agostinho:\u00a0<em>&#8220;Estas palavras s\u00e3o o tesouro do Senhor&#8221;<\/em><\/li>\n<\/ul>\n\n\n\n<h3 class=\"wp-block-heading\"><strong>C. O S\u00edmbolo da F\u00e9 (Credo)<\/strong><\/h3>\n\n\n\n<p>Memorizado oralmente e&nbsp;<strong>proibido escrev\u00ea-lo<\/strong>&nbsp;para evitar distor\u00e7\u00f5es. Santo Ambr\u00f3sio:&nbsp;<em>&#8220;N\u00e3o o escrevas com tinta, mas em teu cora\u00e7\u00e3o&#8221;<\/em>.<\/p>\n\n\n\n<hr class=\"wp-block-separator has-alpha-channel-opacity\"\/>\n\n\n\n<h2 class=\"wp-block-heading\"><strong>4. Guia Pr\u00e1tico: Como Viver o Arcano Hoje<\/strong><\/h2>\n\n\n\n<h3 class=\"wp-block-heading\"><strong>A. Na vida espiritual (para os fi\u00e9is)<\/strong><\/h3>\n\n\n\n<ol start=\"1\" class=\"wp-block-list\">\n<li><strong>Guarde sil\u00eancio sobre o sagrado<\/strong>: N\u00e3o banalize os mist\u00e9rios nas redes sociais<\/li>\n\n\n\n<li><strong>Prepare o cora\u00e7\u00e3o<\/strong>: Antes da Missa, lembre que vive um encontro \u00edntimo<\/li>\n\n\n\n<li><strong>Respeite os tempos<\/strong>: N\u00e3o explique a Trindade a um n\u00e3o-crente sem bases<\/li>\n<\/ol>\n\n\n\n<h3 class=\"wp-block-heading\"><strong>B. Na pastoral (para sacerdotes e catequistas)<\/strong><\/h3>\n\n\n\n<ul class=\"wp-block-list\">\n<li><strong>Catequese gradual<\/strong>: N\u00e3o ensine o Apocalipse a iniciantes<\/li>\n\n\n\n<li><strong>Linguagem reverente<\/strong>: Evite termos como &#8220;p\u00e3o e vinho&#8221; sem explicar a transubstancia\u00e7\u00e3o<\/li>\n\n\n\n<li><strong>Discernimento<\/strong>: N\u00e3o revele experi\u00eancias m\u00edsticas sem dire\u00e7\u00e3o espiritual<\/li>\n<\/ul>\n\n\n\n<h3 class=\"wp-block-heading\"><strong>C. No apostolado<\/strong><\/h3>\n\n\n\n<ol start=\"1\" class=\"wp-block-list\">\n<li><strong>Com pag\u00e3os<\/strong>: Comece com o amor de Deus, n\u00e3o com o inferno<\/li>\n\n\n\n<li><strong>Com protestantes<\/strong>: N\u00e3o discuta a Eucaristia at\u00e9 entenderem a autoridade da Igreja<\/li>\n\n\n\n<li><strong>Em fam\u00edlia<\/strong>: Ensine as crian\u00e7as a beijar o crucifixo antes de explicar a Paix\u00e3o<\/li>\n<\/ol>\n\n\n\n<hr class=\"wp-block-separator has-alpha-channel-opacity\"\/>\n\n\n\n<h2 class=\"wp-block-heading\"><strong>5. Perigos Modernos que Violam o Arcano<\/strong><\/h2>\n\n\n\n<h3 class=\"wp-block-heading\"><strong>A. Superexposi\u00e7\u00e3o digital<\/strong><\/h3>\n\n\n\n<ul class=\"wp-block-list\">\n<li>Fotografar o sagrado (ex.: h\u00f3stia consagrada em selfies)<\/li>\n\n\n\n<li>Discutir sacramentos em f\u00f3runs p\u00fablicos sem contexto<\/li>\n<\/ul>\n\n\n\n<h3 class=\"wp-block-heading\"><strong>B. Ecumenismo mal compreendido<\/strong><\/h3>\n\n\n\n<ul class=\"wp-block-list\">\n<li>Celebrar ritos com grupos que negam os sacramentos<\/li>\n\n\n\n<li>Rezar o Pai Nosso em eventos inter-religiosos sem explicar seu sentido cat\u00f3lico<\/li>\n<\/ul>\n\n\n\n<h3 class=\"wp-block-heading\"><strong>C. Catequese apressada<\/strong><\/h3>\n\n\n\n<ul class=\"wp-block-list\">\n<li>Batizar adultos sem adequada mistagogia<\/li>\n\n\n\n<li>Ensinar o C\u00e2ntico dos C\u00e2nticos a jovens sem forma\u00e7\u00e3o<\/li>\n<\/ul>\n\n\n\n<hr class=\"wp-block-separator has-alpha-channel-opacity\"\/>\n\n\n\n<h2 class=\"wp-block-heading\"><strong>Conclus\u00e3o: Recuperar o Santo Temor<\/strong><\/h2>\n\n\n\n<p>Num mundo que banaliza o sagrado, a disciplina do arcano nos lembra:&nbsp;<strong>Deus merece mist\u00e9rio<\/strong>. N\u00e3o por elitismo, mas porque:<\/p>\n\n\n\n<ul class=\"wp-block-list\">\n<li><strong>Protege os fracos na f\u00e9<\/strong>\u00a0(Rom 14:1)<\/li>\n\n\n\n<li><strong>Preserva a beleza da revela\u00e7\u00e3o<\/strong><\/li>\n\n\n\n<li><strong>Imita Cristo<\/strong>, que calou-se diante de Herodes (Lc 23:9)<\/li>\n<\/ul>\n\n\n\n<p>Como dizia S\u00e3o Jo\u00e3o da Cruz:&nbsp;<em>&#8220;Onde n\u00e3o h\u00e1 amor, ponde amor e colhereis amor&#8221;<\/em>. \u00c0s vezes, o maior ato de amor \u00e9&nbsp;<strong>calar<\/strong>&nbsp;para a semente crescer a seu tempo.<\/p>\n\n\n\n<blockquote class=\"wp-block-quote is-layout-flow wp-block-quote-is-layout-flow\">\n<p><em>&#8220;H\u00e1 tempo para tudo&#8230; tempo de calar e tempo de falar&#8221;<\/em>&nbsp;(Ecl 3:1,7).<\/p>\n<\/blockquote>\n\n\n\n<p><strong>Trata os mist\u00e9rios de Deus com a rever\u00eancia que merecem?<\/strong><\/p>\n\n\n\n<hr class=\"wp-block-separator has-alpha-channel-opacity\"\/>\n\n\n\n<p>\ud83d\udccc&nbsp;<strong>Para aprofundar<\/strong>:<\/p>\n\n\n\n<ul class=\"wp-block-list\">\n<li><em>&#8220;A Catequese nos Primeiros S\u00e9culos&#8221;<\/em>\u00a0\u2013 Jean Dani\u00e9lou<\/li>\n\n\n\n<li><em>&#8220;O Segredo dos Sacramentos&#8221;<\/em>\u00a0\u2013 Hugo Rahner<\/li>\n\n\n\n<li><em>&#8220;Catechesi Tradendae&#8221;<\/em>\u00a0(Jo\u00e3o Paulo II)<\/li>\n<\/ul>\n\n\n\n<p><strong>Partilhe este artigo com quem ama a beleza da f\u00e9 escondida<\/strong>&nbsp;\ud83c\udf1f\u271d\ufe0f<\/p>\n","protected":false},"excerpt":{"rendered":"<p>Introdu\u00e7\u00e3o: Quando o Sil\u00eancio era Sagrado Em nossa era de superexposi\u00e7\u00e3o digital, onde cada pensamento religioso \u00e9 compartilhado nas redes sociais e os sagrados mist\u00e9rios s\u00e3o discutidos com leveza, a antiga&nbsp;disciplina do arcano&nbsp;(do latim&nbsp;arcanum, &#8220;segredo&#8221;) emerge como um s\u00e1bio e necess\u00e1rio contraponto. Esta pr\u00e1tica, que marcou os primeiros s\u00e9culos do cristianismo, consistia em&nbsp;ocultar cuidadosamente os &hellip;<\/p>\n","protected":false},"author":3,"featured_media":3574,"comment_status":"open","ping_status":"open","sticky":false,"template":"","format":"standard","meta":{"_seopress_robots_primary_cat":"","_seopress_titles_title":"","_seopress_titles_desc":"","_seopress_robots_index":"","footnotes":""},"categories":[48,38],"tags":[1184],"class_list":["post-3573","post","type-post","status-publish","format-standard","has-post-thumbnail","","category-historia-da-igreja","category-historia-e-tradicao","tag-disciplina-do-arcano"],"_links":{"self":[{"href":"https:\/\/catholicus.eu\/pt\/wp-json\/wp\/v2\/posts\/3573","targetHints":{"allow":["GET"]}}],"collection":[{"href":"https:\/\/catholicus.eu\/pt\/wp-json\/wp\/v2\/posts"}],"about":[{"href":"https:\/\/catholicus.eu\/pt\/wp-json\/wp\/v2\/types\/post"}],"author":[{"embeddable":true,"href":"https:\/\/catholicus.eu\/pt\/wp-json\/wp\/v2\/users\/3"}],"replies":[{"embeddable":true,"href":"https:\/\/catholicus.eu\/pt\/wp-json\/wp\/v2\/comments?post=3573"}],"version-history":[{"count":1,"href":"https:\/\/catholicus.eu\/pt\/wp-json\/wp\/v2\/posts\/3573\/revisions"}],"predecessor-version":[{"id":3575,"href":"https:\/\/catholicus.eu\/pt\/wp-json\/wp\/v2\/posts\/3573\/revisions\/3575"}],"wp:featuredmedia":[{"embeddable":true,"href":"https:\/\/catholicus.eu\/pt\/wp-json\/wp\/v2\/media\/3574"}],"wp:attachment":[{"href":"https:\/\/catholicus.eu\/pt\/wp-json\/wp\/v2\/media?parent=3573"}],"wp:term":[{"taxonomy":"category","embeddable":true,"href":"https:\/\/catholicus.eu\/pt\/wp-json\/wp\/v2\/categories?post=3573"},{"taxonomy":"post_tag","embeddable":true,"href":"https:\/\/catholicus.eu\/pt\/wp-json\/wp\/v2\/tags?post=3573"}],"curies":[{"name":"wp","href":"https:\/\/api.w.org\/{rel}","templated":true}]}}