{"id":3570,"date":"2025-05-01T00:21:10","date_gmt":"2025-04-30T22:21:10","guid":{"rendered":"https:\/\/catholicus.eu\/pt\/?p=3570"},"modified":"2025-05-01T00:21:11","modified_gmt":"2025-04-30T22:21:11","slug":"o-dogma-que-silenciam-fora-da-igreja-nao-ha-salvacao-nas-palavras-de-10-santos","status":"publish","type":"post","link":"https:\/\/catholicus.eu\/pt\/o-dogma-que-silenciam-fora-da-igreja-nao-ha-salvacao-nas-palavras-de-10-santos\/","title":{"rendered":"O Dogma que Silenciam: &#8220;Fora da Igreja n\u00e3o h\u00e1 Salva\u00e7\u00e3o&#8221; nas Palavras de 10 Santos"},"content":{"rendered":"\n<h2 class=\"wp-block-heading\"><strong>Introdu\u00e7\u00e3o: Um Dogma Malcompreendido<\/strong><\/h2>\n\n\n\n<p>Num mundo onde o relativismo religioso e o sincretismo espiritual dominam o discurso p\u00fablico, h\u00e1 uma verdade que muitos preferem ignorar &#8211; at\u00e9 mesmo dentro da pr\u00f3pria Igreja:&nbsp;<strong>&#8220;Fora da Igreja n\u00e3o h\u00e1 salva\u00e7\u00e3o&#8221; (Extra Ecclesiam nulla salus)<\/strong>.<\/p>\n\n\n\n<p>Este dogma, proclamado com firmeza pelos Padres e Doutores da Igreja, n\u00e3o \u00e9 uma express\u00e3o de intoler\u00e2ncia, mas uma afirma\u00e7\u00e3o da&nbsp;<strong>miseric\u00f3rdia e unicidade de Cristo<\/strong>, que fundou uma \u00fanica Igreja como&nbsp;<strong>arca de salva\u00e7\u00e3o<\/strong>.<\/p>\n\n\n\n<p>Neste artigo exploraremos:<\/p>\n\n\n\n<ol start=\"1\" class=\"wp-block-list\">\n<li><strong>O fundamento b\u00edblico e teol\u00f3gico<\/strong>\u00a0desta doutrina<\/li>\n\n\n\n<li><strong>As palavras de 10 santos<\/strong>\u00a0que a defenderam com clareza<\/li>\n\n\n\n<li><strong>Como compreend\u00ea-la corretamente<\/strong>\u00a0(evitando equ\u00edvocos)<\/li>\n\n\n\n<li><strong>Um guia pr\u00e1tico<\/strong>\u00a0para viver esta verdade no mundo moderno<\/li>\n<\/ol>\n\n\n\n<hr class=\"wp-block-separator has-alpha-channel-opacity\"\/>\n\n\n\n<h2 class=\"wp-block-heading\"><strong>1. Fundamento B\u00edblico e Teol\u00f3gico<\/strong><\/h2>\n\n\n\n<h3 class=\"wp-block-heading\"><strong>A) As Palavras de Cristo<\/strong><\/h3>\n\n\n\n<p>Jesus n\u00e3o deixou margem para d\u00favidas:<\/p>\n\n\n\n<blockquote class=\"wp-block-quote is-layout-flow wp-block-quote-is-layout-flow\">\n<p><em>&#8220;Eu sou o Caminho, a Verdade e a Vida. Ningu\u00e9m vem ao Pai sen\u00e3o por mim&#8221;<\/em>&nbsp;(Jo\u00e3o 14,6).<\/p>\n<\/blockquote>\n\n\n\n<p>E a Pedro disse:<\/p>\n\n\n\n<blockquote class=\"wp-block-quote is-layout-flow wp-block-quote-is-layout-flow\">\n<p><em>&#8220;Tu \u00e9s Pedro, e sobre esta pedra edificarei a minha Igreja, e as portas do inferno n\u00e3o prevalecer\u00e3o contra ela&#8221;<\/em>&nbsp;(Mateus 16,18).<\/p>\n<\/blockquote>\n\n\n\n<p>A Igreja n\u00e3o \u00e9 uma mera institui\u00e7\u00e3o humana, mas&nbsp;<strong>o Corpo M\u00edstico de Cristo<\/strong>, o meio pelo qual Ele distribui sua gra\u00e7a atrav\u00e9s dos sacramentos.<\/p>\n\n\n\n<h3 class=\"wp-block-heading\"><strong>B) O Ensino dos Padres da Igreja<\/strong><\/h3>\n\n\n\n<p>Desde os primeiros s\u00e9culos, os santos Padres afirmaram esta verdade:<\/p>\n\n\n\n<ul class=\"wp-block-list\">\n<li><strong>S\u00e3o Cipriano de Cartago<\/strong>\u00a0(s\u00e9culo III):\u00a0<em>&#8220;N\u00e3o pode ter a Deus por Pai quem n\u00e3o tem a Igreja por M\u00e3e&#8221;<\/em>\u00a0(De Unitate Ecclesiae)<\/li>\n\n\n\n<li><strong>Santo Agostinho<\/strong>\u00a0(s\u00e9culo V):\u00a0<em>&#8220;Fora da Igreja Cat\u00f3lica pode-se encontrar tudo, exceto a salva\u00e7\u00e3o&#8221;<\/em>\u00a0(Sermo ad Caesariensis)<\/li>\n<\/ul>\n\n\n\n<p>Este dogma foi definido formalmente no&nbsp;<strong>Conc\u00edlio de Floren\u00e7a (1442)<\/strong>:<\/p>\n\n\n\n<blockquote class=\"wp-block-quote is-layout-flow wp-block-quote-is-layout-flow\">\n<p><em>&#8220;Ningu\u00e9m, por mais esmolas que tenha dado, mesmo que tenha derramado seu sangue pelo nome de Cristo, pode salvar-se se n\u00e3o permanecer no seio e unidade da Igreja Cat\u00f3lica&#8221;<\/em>&nbsp;(Denzinger 714)<\/p>\n<\/blockquote>\n\n\n\n<hr class=\"wp-block-separator has-alpha-channel-opacity\"\/>\n\n\n\n<h2 class=\"wp-block-heading\"><strong>2. 10 Santos que Proclamaram esta Verdade<\/strong><\/h2>\n\n\n\n<h3 class=\"wp-block-heading\"><strong>1. S\u00e3o Francisco de Sales<\/strong><\/h3>\n\n\n\n<p><em>&#8220;Todos os que est\u00e3o fora da Igreja s\u00e3o filhos da perdi\u00e7\u00e3o&#8221;<\/em>&nbsp;(A Controv\u00e9rsia Cat\u00f3lica)<\/p>\n\n\n\n<h3 class=\"wp-block-heading\"><strong>2. Santo Afonso Maria de Lig\u00f3rio<\/strong><\/h3>\n\n\n\n<p><em>&#8220;\u00c9 de f\u00e9 que ningu\u00e9m se salva fora da Igreja&#8221;<\/em>&nbsp;(As Gl\u00f3rias de Maria)<\/p>\n\n\n\n<h3 class=\"wp-block-heading\"><strong>3. S\u00e3o Roberto Belarmino<\/strong><\/h3>\n\n\n\n<p><em>&#8220;Assim como n\u00e3o houve salva\u00e7\u00e3o fora da Arca de No\u00e9, tampouco h\u00e1 fora da Igreja&#8221;<\/em>&nbsp;(De Controversiis)<\/p>\n\n\n\n<h3 class=\"wp-block-heading\"><strong>4. Santa Teresa d&#8217;\u00c1vila<\/strong><\/h3>\n\n\n\n<p><em>&#8220;Quem vive fora da obedi\u00eancia \u00e0 Igreja, vive em pecado mortal&#8221;<\/em>&nbsp;(Caminho de Perfei\u00e7\u00e3o)<\/p>\n\n\n\n<h3 class=\"wp-block-heading\"><strong>5. S\u00e3o Jer\u00f4nimo<\/strong><\/h3>\n\n\n\n<p><em>&#8220;Quem n\u00e3o tem a Igreja por m\u00e3e, n\u00e3o pode ter a Deus por Pai&#8221;<\/em><\/p>\n\n\n\n<h3 class=\"wp-block-heading\"><strong>6. S\u00e3o Pio X<\/strong><\/h3>\n\n\n\n<p><em>&#8220;A f\u00e9 nos ensina que n\u00e3o h\u00e1 sen\u00e3o uma s\u00f3 verdade, uma s\u00f3 f\u00e9, um s\u00f3 batismo, uma s\u00f3 Igreja, fora da qual ningu\u00e9m se salva&#8221;<\/em>&nbsp;(Catecismo Maior)<\/p>\n\n\n\n<h3 class=\"wp-block-heading\"><strong>7. S\u00e3o Lu\u00eds Maria Grignion de Montfort<\/strong><\/h3>\n\n\n\n<p><em>&#8220;Fora da verdadeira Igreja n\u00e3o h\u00e1 salva\u00e7\u00e3o, porque n\u00e3o h\u00e1 outra arca sen\u00e3o esta&#8221;<\/em>&nbsp;(O Segredo de Maria)<\/p>\n\n\n\n<h3 class=\"wp-block-heading\"><strong>8. S\u00e3o Jo\u00e3o Cris\u00f3stomo<\/strong><\/h3>\n\n\n\n<p><em>&#8220;N\u00e3o pode salvar-se quem abandona a Igreja&#8221;<\/em>&nbsp;(Homilias sobre S\u00e3o Mateus)<\/p>\n\n\n\n<h3 class=\"wp-block-heading\"><strong>9. Santo Ant\u00f4nio Maria Claret<\/strong><\/h3>\n\n\n\n<p><em>&#8220;Fora da Igreja Cat\u00f3lica, Apost\u00f3lica, Romana, ningu\u00e9m se salva&#8221;<\/em>&nbsp;(Catecismo Explicado)<\/p>\n\n\n\n<h3 class=\"wp-block-heading\"><strong>10. S\u00e3o Le\u00e3o Magno<\/strong><\/h3>\n\n\n\n<p><em>&#8220;A participa\u00e7\u00e3o na vida eterna n\u00e3o \u00e9 concedida sen\u00e3o aos membros de Cristo&#8221;<\/em>&nbsp;(Serm\u00e3o 4)<\/p>\n\n\n\n<hr class=\"wp-block-separator has-alpha-channel-opacity\"\/>\n\n\n\n<h2 class=\"wp-block-heading\"><strong>3. Significa isto que os n\u00e3o-cat\u00f3licos est\u00e3o condenados?<\/strong><\/h2>\n\n\n\n<p>Aqui muitos se equivocam. A Igreja ensina:<\/p>\n\n\n\n<p>\u2705&nbsp;<strong>Os que conhecem a verdade e a rejeitam<\/strong>&nbsp;(por obstina\u00e7\u00e3o) p\u00f5em em risco sua salva\u00e7\u00e3o<\/p>\n\n\n\n<p>\u2705&nbsp;<strong>Os que, sem culpa, ignoram a verdade<\/strong>&nbsp;(ignor\u00e2ncia invenc\u00edvel) podem salvar-se se&nbsp;<strong>vivem segundo a lei natural e a gra\u00e7a de Deus<\/strong>&nbsp;(CIC 847, Lumen Gentium 16)<\/p>\n\n\n\n<p>Mas isto&nbsp;<strong>n\u00e3o significa que todas as religi\u00f5es sejam iguais<\/strong>, mas sim que&nbsp;<strong>Deus, em sua miseric\u00f3rdia, pode salvar quem quiser, mas sempre atrav\u00e9s da media\u00e7\u00e3o de Cristo e sua Igreja<\/strong><\/p>\n\n\n\n<hr class=\"wp-block-separator has-alpha-channel-opacity\"\/>\n\n\n\n<h2 class=\"wp-block-heading\"><strong>4. Guia Pr\u00e1tico: Como Viver Este Dogma Hoje?<\/strong><\/h2>\n\n\n\n<h3 class=\"wp-block-heading\"><strong>1. Fortale\u00e7am sua F\u00e9<\/strong><\/h3>\n\n\n\n<ul class=\"wp-block-list\">\n<li><strong>Estudem o Catecismo<\/strong>\u00a0para n\u00e3o cair no relativismo<\/li>\n\n\n\n<li><strong>Participem dos sacramentos<\/strong>, especialmente Missa e Confiss\u00e3o<\/li>\n<\/ul>\n\n\n\n<h3 class=\"wp-block-heading\"><strong>2. Rezem pela convers\u00e3o dos afastados<\/strong><\/h3>\n\n\n\n<ul class=\"wp-block-list\">\n<li><strong>Ofere\u00e7am sacrif\u00edcios<\/strong>\u00a0por quem est\u00e1 fora da Igreja<\/li>\n\n\n\n<li><strong>Exemplo de ora\u00e7\u00e3o<\/strong>:\u00a0<em>&#8220;Senhor, iluminai os que vos buscam e conduzi-os \u00e0 vossa Igreja&#8221;<\/em><\/li>\n<\/ul>\n\n\n\n<h3 class=\"wp-block-heading\"><strong>3. Evangelizem com caridade<\/strong><\/h3>\n\n\n\n<ul class=\"wp-block-list\">\n<li><strong>N\u00e3o ataquem, mas expliquem com amor<\/strong>\u00a0por que a Igreja \u00e9 necess\u00e1ria<\/li>\n\n\n\n<li><strong>Usem testemunhos pessoais<\/strong>:\u00a0<em>&#8220;A Igreja me deu a paz que o mundo n\u00e3o pode dar&#8221;<\/em><\/li>\n<\/ul>\n\n\n\n<h3 class=\"wp-block-heading\"><strong>4. Vivam como verdadeiros cat\u00f3licos<\/strong><\/h3>\n\n\n\n<ul class=\"wp-block-list\">\n<li><strong>Sejam coerentes<\/strong>: Que vossa vida reflita Cristo<\/li>\n\n\n\n<li><strong>Defendam a verdade com humildade<\/strong>, mas sem medo<\/li>\n<\/ul>\n\n\n\n<hr class=\"wp-block-separator has-alpha-channel-opacity\"\/>\n\n\n\n<h2 class=\"wp-block-heading\"><strong>Conclus\u00e3o: Um Chamado \u00e0 Fidelidade<\/strong><\/h2>\n\n\n\n<p>Numa \u00e9poca em que muitos querem diluir a f\u00e9, recordemos as palavras de&nbsp;<strong>S\u00e3o Paulo<\/strong>:<\/p>\n\n\n\n<blockquote class=\"wp-block-quote is-layout-flow wp-block-quote-is-layout-flow\">\n<p><em>&#8220;Pregai a palavra, instai a tempo e fora de tempo, repreendei, exortai com toda paci\u00eancia e doutrina&#8221;<\/em>&nbsp;(2 Tim\u00f3teo 4,2)<\/p>\n<\/blockquote>\n\n\n\n<p>A Igreja n\u00e3o \u00e9 um clube social, mas&nbsp;<strong>o caminho que Cristo estabeleceu para nossa salva\u00e7\u00e3o<\/strong>.&nbsp;<strong>N\u00e3o a abandonem, n\u00e3o a critiquem, n\u00e3o a escondam<\/strong>.<\/p>\n\n\n\n<p><strong>Fora dela n\u00e3o h\u00e1 salva\u00e7\u00e3o!<\/strong>&nbsp;Mas nela&nbsp;<strong>h\u00e1 vida, verdade e gra\u00e7a eterna<\/strong>.<\/p>\n\n\n\n<p><strong>Estais vivendo esta verdade?<\/strong><\/p>\n\n\n\n<hr class=\"wp-block-separator has-alpha-channel-opacity\"\/>\n\n\n\n<p>\ud83d\udccc&nbsp;<strong>Para aprofundar<\/strong>:<\/p>\n\n\n\n<ul class=\"wp-block-list\">\n<li><em>&#8220;Dominus Iesus&#8221;<\/em>\u00a0(Declara\u00e7\u00e3o da Congrega\u00e7\u00e3o para a Doutrina da F\u00e9, 2000)<\/li>\n\n\n\n<li><em>&#8220;O Caminho da Vida Eterna&#8221;<\/em>\u00a0&#8211; Santo Afonso Maria de Lig\u00f3rio<\/li>\n\n\n\n<li><em>&#8220;A F\u00e9 Cat\u00f3lica&#8221;<\/em>\u00a0&#8211; Romano Amerio<\/li>\n<\/ul>\n\n\n\n<p><strong>Compartilhem este artigo para que mais almas conhe\u00e7am a verdade!<\/strong>&nbsp;\ud83d\udd4a\ufe0f\u271d\ufe0f<\/p>\n","protected":false},"excerpt":{"rendered":"<p>Introdu\u00e7\u00e3o: Um Dogma Malcompreendido Num mundo onde o relativismo religioso e o sincretismo espiritual dominam o discurso p\u00fablico, h\u00e1 uma verdade que muitos preferem ignorar &#8211; at\u00e9 mesmo dentro da pr\u00f3pria Igreja:&nbsp;&#8220;Fora da Igreja n\u00e3o h\u00e1 salva\u00e7\u00e3o&#8221; (Extra Ecclesiam nulla salus). Este dogma, proclamado com firmeza pelos Padres e Doutores da Igreja, n\u00e3o \u00e9 uma &hellip;<\/p>\n","protected":false},"author":3,"featured_media":3571,"comment_status":"open","ping_status":"open","sticky":false,"template":"","format":"standard","meta":{"_seopress_robots_primary_cat":"","_seopress_titles_title":"","_seopress_titles_desc":"","_seopress_robots_index":"","footnotes":""},"categories":[44,37],"tags":[142],"class_list":["post-3570","post","type-post","status-publish","format-standard","has-post-thumbnail","","category-dogmas-da-fe","category-doutrina-e-fe","tag-salvacao"],"_links":{"self":[{"href":"https:\/\/catholicus.eu\/pt\/wp-json\/wp\/v2\/posts\/3570","targetHints":{"allow":["GET"]}}],"collection":[{"href":"https:\/\/catholicus.eu\/pt\/wp-json\/wp\/v2\/posts"}],"about":[{"href":"https:\/\/catholicus.eu\/pt\/wp-json\/wp\/v2\/types\/post"}],"author":[{"embeddable":true,"href":"https:\/\/catholicus.eu\/pt\/wp-json\/wp\/v2\/users\/3"}],"replies":[{"embeddable":true,"href":"https:\/\/catholicus.eu\/pt\/wp-json\/wp\/v2\/comments?post=3570"}],"version-history":[{"count":1,"href":"https:\/\/catholicus.eu\/pt\/wp-json\/wp\/v2\/posts\/3570\/revisions"}],"predecessor-version":[{"id":3572,"href":"https:\/\/catholicus.eu\/pt\/wp-json\/wp\/v2\/posts\/3570\/revisions\/3572"}],"wp:featuredmedia":[{"embeddable":true,"href":"https:\/\/catholicus.eu\/pt\/wp-json\/wp\/v2\/media\/3571"}],"wp:attachment":[{"href":"https:\/\/catholicus.eu\/pt\/wp-json\/wp\/v2\/media?parent=3570"}],"wp:term":[{"taxonomy":"category","embeddable":true,"href":"https:\/\/catholicus.eu\/pt\/wp-json\/wp\/v2\/categories?post=3570"},{"taxonomy":"post_tag","embeddable":true,"href":"https:\/\/catholicus.eu\/pt\/wp-json\/wp\/v2\/tags?post=3570"}],"curies":[{"name":"wp","href":"https:\/\/api.w.org\/{rel}","templated":true}]}}