{"id":3567,"date":"2025-04-30T23:04:09","date_gmt":"2025-04-30T21:04:09","guid":{"rendered":"https:\/\/catholicus.eu\/pt\/?p=3567"},"modified":"2025-04-30T23:04:09","modified_gmt":"2025-04-30T21:04:09","slug":"extra-omnes-por-que-os-cardeais-sao-trancados-o-exorcismo-silencioso-do-conclave","status":"publish","type":"post","link":"https:\/\/catholicus.eu\/pt\/extra-omnes-por-que-os-cardeais-sao-trancados-o-exorcismo-silencioso-do-conclave\/","title":{"rendered":"\u00abExtra omnes\u00bb: Por que os cardeais s\u00e3o trancados? O exorcismo silencioso do Conclave"},"content":{"rendered":"\n<p><em>\u201cTu, por\u00e9m, quando orares, entra no teu quarto, fecha a porta e ora a teu Pai que est\u00e1 no oculto; e teu Pai, que v\u00ea no oculto, te recompensar\u00e1.\u201d<\/em><br>\u2014 <em>Mateus 6,6<\/em><\/p>\n\n\n\n<hr class=\"wp-block-separator has-alpha-channel-opacity\"\/>\n\n\n\n<h2 class=\"wp-block-heading\">Introdu\u00e7\u00e3o: O mist\u00e9rio da porta fechada<\/h2>\n\n\n\n<p>Toda vez que um Papa morre ou renuncia ao pontificado, o mundo prende a respira\u00e7\u00e3o por alguns dias, observando com respeito ou curiosidade um ritual misterioso no cora\u00e7\u00e3o da Igreja Cat\u00f3lica: o Conclave. No centro desse rito, h\u00e1 uma frase curta, mas carregada de significado teol\u00f3gico e espiritual: <strong>\u00abExtra omnes\u00bb<\/strong>.<\/p>\n\n\n\n<p>Traduzida literalmente do latim, significa: <em>\u201cTodos para fora!\u201d<\/em> \u00c9 a ordem solene que o mestre das celebra\u00e7\u00f5es lit\u00fargicas pontif\u00edcias pronuncia imediatamente antes que as portas da Capela Sistina sejam fechadas. Apenas os cardeais eleitores permanecem dentro. A porta se fecha. O mundo fica do lado de fora.<\/p>\n\n\n\n<p>Mas seria isso apenas uma formalidade? Um s\u00edmbolo? Ou h\u00e1 algo mais profundo, algo que fala de um combate invis\u00edvel, de uma batalha espiritual que come\u00e7a exatamente nesse momento? Este artigo convida voc\u00ea a descobrir o significado profundo e atual dessa antiga tradi\u00e7\u00e3o \u2013 e como ela pode transformar tamb\u00e9m sua forma de rezar, discernir e viver na presen\u00e7a de Deus.<\/p>\n\n\n\n<hr class=\"wp-block-separator has-alpha-channel-opacity\"\/>\n\n\n\n<h2 class=\"wp-block-heading\">I. Hist\u00f3ria e origem da express\u00e3o \u00abExtra omnes\u00bb<\/h2>\n\n\n\n<p>A pr\u00e1tica do Conclave, em sua forma atual, foi codificada no <strong>Segundo Conc\u00edlio de Li\u00e3o (1274)<\/strong>, mas foi aperfei\u00e7oada e rigidamente organizada no s\u00e9culo XVI com as reformas do Papa Greg\u00f3rio XV e depois por S\u00e3o Pio X. A express\u00e3o <strong>\u00abExtra omnes\u00bb<\/strong> come\u00e7ou a ter uso oficial mais sistem\u00e1tico nas rubricas lit\u00fargicas ap\u00f3s a reforma do Conclave feita por <strong>S\u00e3o Jo\u00e3o Paulo II<\/strong> na Constitui\u00e7\u00e3o Apost\u00f3lica <em>Universi Dominici Gregis<\/em> (1996).<\/p>\n\n\n\n<p>Desde ent\u00e3o, o ritual prev\u00ea que \u2013 ap\u00f3s a entrada dos cardeais na Capela Sistina e a escuta de uma breve exorta\u00e7\u00e3o espiritual \u2013 seja pronunciado o <strong>\u00abExtra omnes\u00bb<\/strong>. Todos que n\u00e3o t\u00eam o direito de permanecer \u2013 pessoal t\u00e9cnico, assistentes, jornalistas, at\u00e9 mesmo outros bispos \u2013 devem sair. As portas s\u00e3o fechadas. E come\u00e7a o sil\u00eancio. O sil\u00eancio onde fala o Esp\u00edrito Santo.<\/p>\n\n\n\n<p>Mas isso n\u00e3o \u00e9 apenas um gesto coreogr\u00e1fico. \u00c9 uma <strong>verdadeira separa\u00e7\u00e3o entre o mundo e o espa\u00e7o onde Deus age<\/strong>. \u00c9 uma purifica\u00e7\u00e3o do lugar, um <strong>ato quase lit\u00fargico<\/strong>, que recorda a <strong>necessidade de recolhimento para o discernimento espiritual<\/strong>.<\/p>\n\n\n\n<hr class=\"wp-block-separator has-alpha-channel-opacity\"\/>\n\n\n\n<h2 class=\"wp-block-heading\">II. Fechar para abrir: A teologia do recolhimento sagrado<\/h2>\n\n\n\n<p>A express\u00e3o <strong>\u00abExtra omnes\u00bb<\/strong> n\u00e3o \u00e9 apenas uma ordem pr\u00e1tica: \u00e9 uma chave teol\u00f3gica. Significa: para que Deus possa agir, \u00e0s vezes \u00e9 preciso <strong>fechar as portas ao barulho externo<\/strong>, ao poder humano, \u00e0 opini\u00e3o p\u00fablica. Resta apenas o Esp\u00edrito Santo e os cora\u00e7\u00f5es dispon\u00edveis para escut\u00e1-Lo.<\/p>\n\n\n\n<p>Esse gesto tem ra\u00edzes profundas em uma verdade b\u00edblica e espiritual: <strong>Deus fala no sil\u00eancio<\/strong>. N\u00e3o no clamor do mundo, mas no cora\u00e7\u00e3o que se torna deserto.<\/p>\n\n\n\n<blockquote class=\"wp-block-quote is-layout-flow wp-block-quote-is-layout-flow\">\n<p><em>\u201cDepois do terremoto, um fogo; mas o Senhor n\u00e3o estava no fogo. E depois do fogo, o sussurro de uma brisa suave.\u201d<\/em> (1 Reis 19,12)<\/p>\n<\/blockquote>\n\n\n\n<p>Nesse sentido, o \u00abExtra omnes\u00bb \u00e9 um <strong>exorcismo silencioso<\/strong>. Expulsa tudo o que n\u00e3o vem de Deus. \u00c9 como quando Jesus <strong>expulsa os mercadores do Templo<\/strong> (cf. Mt 21,12\u201313), purificando o lugar para a verdadeira adora\u00e7\u00e3o.<\/p>\n\n\n\n<p>E isso n\u00e3o \u00e9 exagero. Porque o Conclave come\u00e7a com uma ora\u00e7\u00e3o <strong>contra a influ\u00eancia do maligno<\/strong>, e em certos casos, invoca-se at\u00e9 a prote\u00e7\u00e3o de <strong>S\u00e3o Miguel Arcanjo<\/strong>. Por qu\u00ea? Porque o Conclave \u00e9 um dos momentos mais espiritualmente vulner\u00e1veis do mundo: escolhe-se o sucessor de Cristo. E se as elei\u00e7\u00f5es pol\u00edticas s\u00e3o terreno f\u00e9rtil para manipula\u00e7\u00e3o, voc\u00ea acha mesmo que o Maligno deixaria de tentar influenciar isso?<\/p>\n\n\n\n<hr class=\"wp-block-separator has-alpha-channel-opacity\"\/>\n\n\n\n<h2 class=\"wp-block-heading\">III. O combate espiritual do Conclave<\/h2>\n\n\n\n<p>O Conclave n\u00e3o \u00e9 uma assembleia democr\u00e1tica, nem uma reuni\u00e3o de neg\u00f3cios. \u00c9 um ato de f\u00e9 \u2013 uma obedi\u00eancia \u00e0 a\u00e7\u00e3o do Esp\u00edrito Santo. Mas os homens que participam dele s\u00e3o homens \u2013 fr\u00e1geis, influenci\u00e1veis, pecadores.<\/p>\n\n\n\n<p>Por isso, diversas <strong>medidas rituais de prote\u00e7\u00e3o<\/strong> s\u00e3o adotadas:<\/p>\n\n\n\n<ul class=\"wp-block-list\">\n<li><strong>Isolamento total<\/strong>: Os cardeais n\u00e3o podem usar celulares, nem acessar a internet, nem ter contato com o exterior. Nenhuma visita. Nenhuma influ\u00eancia midi\u00e1tica.<\/li>\n\n\n\n<li><strong>Sil\u00eancio espiritual<\/strong>: A Capela Sistina torna-se um espa\u00e7o de adora\u00e7\u00e3o cont\u00ednua. Nada de negocia\u00e7\u00f5es, apenas discernimento. Nada de estrat\u00e9gias, apenas s\u00faplicas.<\/li>\n\n\n\n<li><strong>Presen\u00e7a do Ju\u00edzo Final<\/strong>: Sob o afresco do Ju\u00edzo Final de Michelangelo, os cardeais est\u00e3o literalmente diante da eternidade enquanto votam.<\/li>\n\n\n\n<li><strong>Confiss\u00e3o frequente<\/strong>: Os cardeais s\u00e3o incentivados a manter-se em estado de gra\u00e7a durante todo o Conclave.<\/li>\n<\/ul>\n\n\n\n<p>Tudo isso tem um objetivo: <strong>purificar o cora\u00e7\u00e3o humano e dar espa\u00e7o ao Esp\u00edrito Santo<\/strong>. \u00c9 o mesmo princ\u00edpio que cada crist\u00e3o pode aplicar em suas decis\u00f5es.<\/p>\n\n\n\n<hr class=\"wp-block-separator has-alpha-channel-opacity\"\/>\n\n\n\n<h2 class=\"wp-block-heading\">IV. Aplica\u00e7\u00e3o pr\u00e1tica para os crist\u00e3os de hoje: crie seu pr\u00f3prio \u00abExtra omnes\u00bb<\/h2>\n\n\n\n<p>O Conclave \u00e9 \u00fanico, mas o princ\u00edpio espiritual que o sustenta pode \u2013 e deve \u2013 <strong>ser aplicado \u00e0 vida cotidiana<\/strong>. Vivemos em um mundo barulhento, cheio de distra\u00e7\u00f5es, superficialidade, tenta\u00e7\u00f5es. Mas algumas decis\u00f5es s\u00f3 podem ser tomadas no sil\u00eancio do cora\u00e7\u00e3o. Tamb\u00e9m precisamos de um \u00abExtra omnes\u00bb.<\/p>\n\n\n\n<h3 class=\"wp-block-heading\">1. <strong>Rezar melhor: feche a porta<\/strong><\/h3>\n\n\n\n<p>Quando for rezar, <strong>desligue o celular<\/strong>, encontre um lugar silencioso, esteja s\u00f3 com Deus. O pr\u00f3prio Jesus diz:<\/p>\n\n\n\n<blockquote class=\"wp-block-quote is-layout-flow wp-block-quote-is-layout-flow\">\n<p><em>\u201cFecha a porta e ora a teu Pai no secreto.\u201d<\/em> (Mt 6,6)<\/p>\n<\/blockquote>\n\n\n\n<p>Aqui, o \u00abExtra omnes\u00bb significa: <strong>feche a porta para o mundo, abra a alma para Deus.<\/strong><\/p>\n\n\n\n<h3 class=\"wp-block-heading\">2. <strong>Discernir bem: silenciar as vozes externas<\/strong><\/h3>\n\n\n\n<p>Se voc\u00ea precisa tomar uma decis\u00e3o importante (voca\u00e7\u00e3o, trabalho, perd\u00e3o&#8230;), <strong>reserve um tempo para se afastar de opini\u00f5es, redes sociais, press\u00f5es externas<\/strong>. Procure um diretor espiritual, mas, sobretudo: <strong>crie sil\u00eancio interior<\/strong>.<\/p>\n\n\n\n<h3 class=\"wp-block-heading\">3. <strong>Proteger a alma: exorcismo cotidiano<\/strong><\/h3>\n\n\n\n<p>N\u00e3o com gestos teatrais, mas com atos espirituais concretos:<\/p>\n\n\n\n<ul class=\"wp-block-list\">\n<li><strong>Exame de consci\u00eancia di\u00e1rio<\/strong><\/li>\n\n\n\n<li>Rezar o <strong>Salmo 91<\/strong>, escudo espiritual poderoso<\/li>\n\n\n\n<li><strong>Invocar S\u00e3o Miguel Arcanjo diariamente<\/strong>: <em>\u201cS\u00e3o Miguel Arcanjo, defendei-nos no combate&#8230;\u201d<\/em><\/li>\n<\/ul>\n\n\n\n<h3 class=\"wp-block-heading\">4. <strong>Viver em gra\u00e7a: confesse-se<\/strong><\/h3>\n\n\n\n<p>Assim como os cardeais se confessam antes do Conclave, voc\u00ea tamb\u00e9m pode purificar sua alma. A Confiss\u00e3o \u00e9 seu \u00abExtra omnes\u00bb interior: <strong>expulsa o inimigo e abre espa\u00e7o ao Esp\u00edrito Santo.<\/strong><\/p>\n\n\n\n<hr class=\"wp-block-separator has-alpha-channel-opacity\"\/>\n\n\n\n<h2 class=\"wp-block-heading\">V. Guia teol\u00f3gico-pastoral de prote\u00e7\u00e3o espiritual<\/h2>\n\n\n\n<p>Aqui est\u00e1 um guia pr\u00e1tico, fundamentado na tradi\u00e7\u00e3o cat\u00f3lica, para viver o \u00abExtra omnes\u00bb na vida espiritual:<\/p>\n\n\n\n<h3 class=\"wp-block-heading\">A. <em>Rito di\u00e1rio de prote\u00e7\u00e3o (em 5 passos)<\/em><\/h3>\n\n\n\n<ol class=\"wp-block-list\">\n<li><strong>Ora\u00e7\u00e3o da manh\u00e3<\/strong>:\n<ul class=\"wp-block-list\">\n<li>Invoque o Esp\u00edrito Santo para iluminar o seu dia.<\/li>\n\n\n\n<li>Fa\u00e7a o sinal da cruz com devo\u00e7\u00e3o.<\/li>\n<\/ul>\n<\/li>\n\n\n\n<li><strong>Invoca\u00e7\u00e3o de S\u00e3o Miguel Arcanjo<\/strong>:\n<ul class=\"wp-block-list\">\n<li>Ora\u00e7\u00e3o: <em>\u201cS\u00e3o Miguel Arcanjo, defendei-nos no combate&#8230;\u201d<\/em><\/li>\n<\/ul>\n<\/li>\n\n\n\n<li><strong>Ren\u00fancia ao mal (em voz baixa ou alta)<\/strong>:\n<ul class=\"wp-block-list\">\n<li><em>\u201cRenuncio a Satan\u00e1s, \u00e0s suas obras e \u00e0s suas sedu\u00e7\u00f5es.\u201d<\/em><\/li>\n<\/ul>\n<\/li>\n\n\n\n<li><strong>Leitura breve da Escritura (1\u20133 vers\u00edculos)<\/strong>:\n<ul class=\"wp-block-list\">\n<li>Deixe que a Palavra de Deus ilumine seu esp\u00edrito.<\/li>\n<\/ul>\n<\/li>\n\n\n\n<li><strong>B\u00ean\u00e7\u00e3o da casa (semanal)<\/strong>:\n<ul class=\"wp-block-list\">\n<li>Use \u00e1gua benta.<\/li>\n\n\n\n<li>Fa\u00e7a o sinal da cruz sobre portas e janelas.<\/li>\n\n\n\n<li>Diga: <em>\u201cEsta casa seja morada do Esp\u00edrito Santo, e todo esp\u00edrito maligno seja expulso em nome de Cristo.\u201d<\/em><\/li>\n<\/ul>\n<\/li>\n<\/ol>\n\n\n\n<h3 class=\"wp-block-heading\">B. <em>Rito para discernimento de decis\u00f5es importantes (seu pequeno Conclave interior)<\/em><\/h3>\n\n\n\n<ol class=\"wp-block-list\">\n<li>Isole o cora\u00e7\u00e3o (alguns minutos de sil\u00eancio a s\u00f3s).<\/li>\n\n\n\n<li>Confesse-se, se poss\u00edvel.<\/li>\n\n\n\n<li>Reze uma novena ao Esp\u00edrito Santo ou uma simples ora\u00e7\u00e3o: <em>\u201cSenhor, mostra-me a tua vontade.\u201d<\/em><\/li>\n\n\n\n<li>Pe\u00e7a orienta\u00e7\u00e3o espiritual, se necess\u00e1rio.<\/li>\n\n\n\n<li>N\u00e3o decida com pressa ou sob press\u00e3o. Espere. Discirna. Reze. Ent\u00e3o, aja.<\/li>\n<\/ol>\n\n\n\n<hr class=\"wp-block-separator has-alpha-channel-opacity\"\/>\n\n\n\n<h2 class=\"wp-block-heading\">Conclus\u00e3o: O Conclave no cora\u00e7\u00e3o de cada crist\u00e3o<\/h2>\n\n\n\n<p>O \u00abExtra omnes\u00bb n\u00e3o \u00e9 apenas um comando lit\u00fargico do Vaticano. \u00c9 um chamado prof\u00e9tico para cada um de n\u00f3s: <strong>o Esp\u00edrito Santo precisa de sil\u00eancio e espa\u00e7o para agir<\/strong>. Em um mundo de ru\u00eddo, velocidade e manipula\u00e7\u00f5es, o crist\u00e3o \u00e9 chamado a guardar a arte do recolhimento, da purifica\u00e7\u00e3o interior e da escuta verdadeira.<\/p>\n\n\n\n<p>Assim como os cardeais se isolam para que a escolha do Papa seja obra de Deus e n\u00e3o dos homens, voc\u00ea tamb\u00e9m pode criar espa\u00e7os sagrados de discernimento espiritual. E ali \u2013 no pequeno \u201cConclave da sua alma\u201d \u2013 o Esp\u00edrito falar\u00e1 com for\u00e7a silenciosa.<\/p>\n\n\n\n<p><strong>Porque quando voc\u00ea fecha a porta para o mundo\u2026 o c\u00e9u se abre.<\/strong><\/p>\n","protected":false},"excerpt":{"rendered":"<p>\u201cTu, por\u00e9m, quando orares, entra no teu quarto, fecha a porta e ora a teu Pai que est\u00e1 no oculto; e teu Pai, que v\u00ea no oculto, te recompensar\u00e1.\u201d\u2014 Mateus 6,6 Introdu\u00e7\u00e3o: O mist\u00e9rio da porta fechada Toda vez que um Papa morre ou renuncia ao pontificado, o mundo prende a respira\u00e7\u00e3o por alguns dias, &hellip;<\/p>\n","protected":false},"author":3,"featured_media":3568,"comment_status":"open","ping_status":"open","sticky":false,"template":"","format":"standard","meta":{"_seopress_robots_primary_cat":"","_seopress_titles_title":"","_seopress_titles_desc":"","_seopress_robots_index":"","footnotes":""},"categories":[66,41],"tags":[537,1183],"class_list":["post-3567","post","type-post","status-publish","format-standard","has-post-thumbnail","","category-cultura-popular-e-catolicismo","category-fe-e-cultura","tag-conclave","tag-extra-omnes"],"_links":{"self":[{"href":"https:\/\/catholicus.eu\/pt\/wp-json\/wp\/v2\/posts\/3567","targetHints":{"allow":["GET"]}}],"collection":[{"href":"https:\/\/catholicus.eu\/pt\/wp-json\/wp\/v2\/posts"}],"about":[{"href":"https:\/\/catholicus.eu\/pt\/wp-json\/wp\/v2\/types\/post"}],"author":[{"embeddable":true,"href":"https:\/\/catholicus.eu\/pt\/wp-json\/wp\/v2\/users\/3"}],"replies":[{"embeddable":true,"href":"https:\/\/catholicus.eu\/pt\/wp-json\/wp\/v2\/comments?post=3567"}],"version-history":[{"count":1,"href":"https:\/\/catholicus.eu\/pt\/wp-json\/wp\/v2\/posts\/3567\/revisions"}],"predecessor-version":[{"id":3569,"href":"https:\/\/catholicus.eu\/pt\/wp-json\/wp\/v2\/posts\/3567\/revisions\/3569"}],"wp:featuredmedia":[{"embeddable":true,"href":"https:\/\/catholicus.eu\/pt\/wp-json\/wp\/v2\/media\/3568"}],"wp:attachment":[{"href":"https:\/\/catholicus.eu\/pt\/wp-json\/wp\/v2\/media?parent=3567"}],"wp:term":[{"taxonomy":"category","embeddable":true,"href":"https:\/\/catholicus.eu\/pt\/wp-json\/wp\/v2\/categories?post=3567"},{"taxonomy":"post_tag","embeddable":true,"href":"https:\/\/catholicus.eu\/pt\/wp-json\/wp\/v2\/tags?post=3567"}],"curies":[{"name":"wp","href":"https:\/\/api.w.org\/{rel}","templated":true}]}}