{"id":3563,"date":"2025-04-30T22:42:52","date_gmt":"2025-04-30T20:42:52","guid":{"rendered":"https:\/\/catholicus.eu\/pt\/?p=3563"},"modified":"2025-04-30T22:42:52","modified_gmt":"2025-04-30T20:42:52","slug":"pode-um-conclave-ser-invalido-os-casos-que-quase-seria-melhor-esquecer","status":"publish","type":"post","link":"https:\/\/catholicus.eu\/pt\/pode-um-conclave-ser-invalido-os-casos-que-quase-seria-melhor-esquecer\/","title":{"rendered":"Pode um Conclave ser inv\u00e1lido? Os casos que quase seria melhor esquecer"},"content":{"rendered":"\n<h2 class=\"wp-block-heading\"><strong>Introdu\u00e7\u00e3o: A import\u00e2ncia do Conclave na vida da Igreja<\/strong><\/h2>\n\n\n\n<p>O Conclave \u00e9 um dos eventos mais sagrados e misteriosos da Igreja Cat\u00f3lica. Nele, os cardeais, sob a guia do Esp\u00edrito Santo, elegem o sucessor de S\u00e3o Pedro. Mas o que acontece quando surgem d\u00favidas sobre sua validade?&nbsp;<strong>Pode um Conclave ser inv\u00e1lido?<\/strong>&nbsp;A resposta, embora complexa, \u00e9&nbsp;<strong>sim<\/strong>, em determinadas circunst\u00e2ncias.<\/p>\n\n\n\n<p>Este artigo n\u00e3o busca semear desconfian\u00e7a, mas&nbsp;<strong>educar, inspirar e fortalecer a f\u00e9<\/strong>&nbsp;dos fi\u00e9is, lembrando que a Igreja, fundada por Cristo, \u00e9 assistida pelo Esp\u00edrito Santo, mas tamb\u00e9m composta por homens fal\u00edveis. Examinaremos casos hist\u00f3ricos, as condi\u00e7\u00f5es teol\u00f3gicas de validade e como, mesmo em meio a crises,&nbsp;<strong>Deus continua a guiar Sua Igreja<\/strong>.<\/p>\n\n\n\n<hr class=\"wp-block-separator has-alpha-channel-opacity\"\/>\n\n\n\n<h2 class=\"wp-block-heading\"><strong>1. O que torna um Conclave v\u00e1lido? As bases teol\u00f3gicas e can\u00f4nicas<\/strong><\/h2>\n\n\n\n<p>Para entender quando um Conclave poderia ser inv\u00e1lido, primeiro precisamos saber o que o torna&nbsp;<strong>v\u00e1lido<\/strong>. Segundo o Direito Can\u00f4nico (e a tradi\u00e7\u00e3o eclesial), um Conclave deve cumprir:<\/p>\n\n\n\n<ol start=\"1\" class=\"wp-block-list\">\n<li><strong>Convoca\u00e7\u00e3o leg\u00edtima<\/strong>: Apenas cardeais abaixo de 80 anos podem votar, e devem ser convocados segundo as normas vigentes.<\/li>\n\n\n\n<li><strong>Liberdade dos eleitores<\/strong>: Os cardeais devem agir sem coer\u00e7\u00e3o externa (como amea\u00e7as ou interfer\u00eancias pol\u00edticas).<\/li>\n\n\n\n<li><strong>Respeito \u00e0s normas estabelecidas<\/strong>: Desde o\u00a0<em>Ubi Periculum<\/em>\u00a0(1274) at\u00e9 as constitui\u00e7\u00f5es apost\u00f3licas modernas (<em>Universi Dominici Gregis<\/em>\u00a0de Jo\u00e3o Paulo II).<\/li>\n\n\n\n<li><strong>Inten\u00e7\u00e3o de eleger um verdadeiro Papa<\/strong>: N\u00e3o um antipapa ou um mero l\u00edder pol\u00edtico.<\/li>\n<\/ol>\n\n\n\n<p>Se algum desses elementos faltar gravemente,&nbsp;<strong>a validade da elei\u00e7\u00e3o pode ser questionada<\/strong>.<\/p>\n\n\n\n<blockquote class=\"wp-block-quote is-layout-flow wp-block-quote-is-layout-flow\">\n<p><em>&#8220;Tamb\u00e9m eu te digo que tu \u00e9s Pedro, e sobre esta pedra edificarei a minha Igreja, e as portas do inferno n\u00e3o prevalecer\u00e3o contra ela.&#8221;<\/em>&nbsp;(Mateus 16:18)<\/p>\n<\/blockquote>\n\n\n\n<p>Este vers\u00edculo nos lembra que, mesmo nas crises,&nbsp;<strong>Cristo n\u00e3o abandona Sua Igreja<\/strong>. Mas tamb\u00e9m implica que os homens, em sua liberdade, podem agir mal.<\/p>\n\n\n\n<hr class=\"wp-block-separator has-alpha-channel-opacity\"\/>\n\n\n\n<h2 class=\"wp-block-heading\"><strong>2. Casos hist\u00f3ricos em que a validade de um Conclave foi contestada<\/strong><\/h2>\n\n\n\n<p>Ao longo da hist\u00f3ria, houve elei\u00e7\u00f5es papais&nbsp;<strong>turbulentas, manipuladas ou mesmo nulas<\/strong>. Vejamos alguns exemplos:<\/p>\n\n\n\n<h3 class=\"wp-block-heading\"><strong>A. O &#8220;S\u00ednodo Cadav\u00e9rico&#8221;: Est\u00eav\u00e3o VI (896-897) e o julgamento de Formoso<\/strong><\/h3>\n\n\n\n<ul class=\"wp-block-list\">\n<li>Ap\u00f3s a morte do Papa Formoso, seu sucessor,\u00a0<strong>Est\u00eav\u00e3o VI<\/strong>, o julgou postumamente, anulando seus atos e declarando inv\u00e1lida sua elei\u00e7\u00e3o.<\/li>\n\n\n\n<li>Isso gerou caos em Roma, mostrando como\u00a0<strong>as paix\u00f5es humanas podem corromper o processo<\/strong>.<\/li>\n<\/ul>\n\n\n\n<h3 class=\"wp-block-heading\"><strong>B. O Grande Cisma do Ocidente (1378-1417): Tr\u00eas &#8220;Papas&#8221; simultaneamente<\/strong><\/h3>\n\n\n\n<ul class=\"wp-block-list\">\n<li>Devido a press\u00f5es pol\u00edticas, houve\u00a0<strong>dois, depois tr\u00eas pretendentes ao papado<\/strong>.<\/li>\n\n\n\n<li>O Conc\u00edlio de Constan\u00e7a (1417) resolveu o problema, mas deixou claro que\u00a0<strong>um Conclave sob extrema coer\u00e7\u00e3o poderia ser inv\u00e1lido<\/strong>.<\/li>\n<\/ul>\n\n\n\n<h3 class=\"wp-block-heading\"><strong>C. O Conclave de 1958: Sombras sobre a elei\u00e7\u00e3o de Jo\u00e3o XXIII<\/strong><\/h3>\n\n\n\n<ul class=\"wp-block-list\">\n<li>Alguns tradicionalistas argumentam que\u00a0<strong>press\u00f5es modernistas<\/strong>\u00a0influenciaram sua elei\u00e7\u00e3o, embora isso seja debatido.<\/li>\n\n\n\n<li>O certo \u00e9 que se um Conclave for manipulado por for\u00e7as externas \u00e0 Igreja,\u00a0<strong>sua legitimidade pode ser questionada<\/strong>.<\/li>\n<\/ul>\n\n\n\n<hr class=\"wp-block-separator has-alpha-channel-opacity\"\/>\n\n\n\n<h2 class=\"wp-block-heading\"><strong>3. Poderia acontecer hoje? Sinais de um Conclave inv\u00e1lido<\/strong><\/h2>\n\n\n\n<p>No contexto atual, onde&nbsp;<strong>a f\u00e9 se enfraquece e as press\u00f5es ideol\u00f3gicas aumentam<\/strong>, devemos perguntar:&nbsp;<strong>O que tornaria um Conclave inv\u00e1lido hoje?<\/strong><\/p>\n\n\n\n<ol start=\"1\" class=\"wp-block-list\">\n<li><strong>Elei\u00e7\u00e3o de um herege manifesto<\/strong>: Se algu\u00e9m que nega dogmas de f\u00e9 (como a divindade de Cristo) for eleito, a elei\u00e7\u00e3o seria nula (<em>Um Papa herege n\u00e3o \u00e9 Papa<\/em>).<\/li>\n\n\n\n<li><strong>Grave coer\u00e7\u00e3o externa<\/strong>: Se governos ou lobbies manipularem a vota\u00e7\u00e3o, violando a liberdade dos cardeais.<\/li>\n\n\n\n<li><strong>Mudan\u00e7a ileg\u00edtima das regras<\/strong>: Se as normas forem alteradas sem autoridade para faz\u00ea-lo.<\/li>\n<\/ol>\n\n\n\n<hr class=\"wp-block-separator has-alpha-channel-opacity\"\/>\n\n\n\n<h2 class=\"wp-block-heading\"><strong>4. Guia pr\u00e1tico: Como viver a f\u00e9 em tempos de incerteza?<\/strong><\/h2>\n\n\n\n<p>Diante da possibilidade (ainda que remota) de um Conclave inv\u00e1lido,&nbsp;<strong>o que um cat\u00f3lico deve fazer?<\/strong><\/p>\n\n\n\n<h3 class=\"wp-block-heading\"><strong>A. Manter a calma e a f\u00e9<\/strong><\/h3>\n\n\n\n<ul class=\"wp-block-list\">\n<li>A Igreja j\u00e1 sobreviveu a crises piores.\u00a0<strong>Deus n\u00e3o abandona Seu povo<\/strong>.<\/li>\n\n\n\n<li><em>&#8220;N\u00e3o temas, pequenino rebanho, porque foi do agrado do Pai dar-vos o Reino.&#8221;<\/em>\u00a0(Lucas 12:32)<\/li>\n<\/ul>\n\n\n\n<h3 class=\"wp-block-heading\"><strong>B. Estudar a doutrina e o Direito Can\u00f4nico<\/strong><\/h3>\n\n\n\n<ul class=\"wp-block-list\">\n<li>Um cat\u00f3lico bem formado\u00a0<strong>n\u00e3o cai em p\u00e2nico nem em desobedi\u00eancia temer\u00e1ria<\/strong>.<\/li>\n\n\n\n<li>Saber distinguir entre\u00a0<strong>um Papa leg\u00edtimo que comete erros<\/strong>\u00a0e\u00a0<strong>um antipapa<\/strong>.<\/li>\n<\/ul>\n\n\n\n<h3 class=\"wp-block-heading\"><strong>C. Rezar pela Igreja e pelos cardeais<\/strong><\/h3>\n\n\n\n<ul class=\"wp-block-list\">\n<li>A arma mais poderosa \u00e9\u00a0<strong>o Ros\u00e1rio e a penit\u00eancia<\/strong>.<\/li>\n\n\n\n<li>Nossa Senhora de F\u00e1tima pediu ora\u00e7\u00f5es por &#8220;bispos e sacerdotes&#8221;.<\/li>\n<\/ul>\n\n\n\n<h3 class=\"wp-block-heading\"><strong>D. Seguir os bons pastores<\/strong><\/h3>\n\n\n\n<ul class=\"wp-block-list\">\n<li>Em tempos confusos, buscar padres e bispos\u00a0<strong>fi\u00e9is ao Magist\u00e9rio perene<\/strong>.<\/li>\n<\/ul>\n\n\n\n<hr class=\"wp-block-separator has-alpha-channel-opacity\"\/>\n\n\n\n<h2 class=\"wp-block-heading\"><strong>Conclus\u00e3o: A Igreja \u00e9 de Cristo, n\u00e3o dos homens<\/strong><\/h2>\n\n\n\n<p>A quest\u00e3o da validade de um Conclave nos lembra que&nbsp;<strong>a Igreja \u00e9 santa, mas seus membros s\u00e3o pecadores<\/strong>. No entanto,&nbsp;<strong>Cristo vence<\/strong>.<\/p>\n\n\n\n<p>N\u00e3o vivamos com medo, mas com&nbsp;<strong>f\u00e9 inteligente<\/strong>, lembrando que, no final,&nbsp;<strong>Deus escreve direito mesmo em nossas linhas tortas<\/strong>.<\/p>\n\n\n\n<blockquote class=\"wp-block-quote is-layout-flow wp-block-quote-is-layout-flow\">\n<p><em>&#8220;E eis que eu estou convosco todos os dias, at\u00e9 o fim do mundo.&#8221;<\/em>&nbsp;(Mateus 28:20)<\/p>\n<\/blockquote>\n\n\n\n<p><strong>Ora\u00e7\u00e3o final<\/strong>:<br><em>&#8220;Senhor, protegei vossa Igreja. Guiai os cardeais na elei\u00e7\u00e3o de vossos vig\u00e1rios. Dai-nos discernimento para amar a verdade e rejeitar o erro. Maria, M\u00e3e da Igreja, rogai por n\u00f3s. Am\u00e9m.&#8221;<\/em><\/p>\n","protected":false},"excerpt":{"rendered":"<p>Introdu\u00e7\u00e3o: A import\u00e2ncia do Conclave na vida da Igreja O Conclave \u00e9 um dos eventos mais sagrados e misteriosos da Igreja Cat\u00f3lica. Nele, os cardeais, sob a guia do Esp\u00edrito Santo, elegem o sucessor de S\u00e3o Pedro. Mas o que acontece quando surgem d\u00favidas sobre sua validade?&nbsp;Pode um Conclave ser inv\u00e1lido?&nbsp;A resposta, embora complexa, \u00e9&nbsp;sim, &hellip;<\/p>\n","protected":false},"author":3,"featured_media":3564,"comment_status":"open","ping_status":"open","sticky":false,"template":"","format":"standard","meta":{"_seopress_robots_primary_cat":"","_seopress_titles_title":"","_seopress_titles_desc":"","_seopress_robots_index":"","footnotes":""},"categories":[48,38],"tags":[537],"class_list":["post-3563","post","type-post","status-publish","format-standard","has-post-thumbnail","","category-historia-da-igreja","category-historia-e-tradicao","tag-conclave"],"_links":{"self":[{"href":"https:\/\/catholicus.eu\/pt\/wp-json\/wp\/v2\/posts\/3563","targetHints":{"allow":["GET"]}}],"collection":[{"href":"https:\/\/catholicus.eu\/pt\/wp-json\/wp\/v2\/posts"}],"about":[{"href":"https:\/\/catholicus.eu\/pt\/wp-json\/wp\/v2\/types\/post"}],"author":[{"embeddable":true,"href":"https:\/\/catholicus.eu\/pt\/wp-json\/wp\/v2\/users\/3"}],"replies":[{"embeddable":true,"href":"https:\/\/catholicus.eu\/pt\/wp-json\/wp\/v2\/comments?post=3563"}],"version-history":[{"count":1,"href":"https:\/\/catholicus.eu\/pt\/wp-json\/wp\/v2\/posts\/3563\/revisions"}],"predecessor-version":[{"id":3565,"href":"https:\/\/catholicus.eu\/pt\/wp-json\/wp\/v2\/posts\/3563\/revisions\/3565"}],"wp:featuredmedia":[{"embeddable":true,"href":"https:\/\/catholicus.eu\/pt\/wp-json\/wp\/v2\/media\/3564"}],"wp:attachment":[{"href":"https:\/\/catholicus.eu\/pt\/wp-json\/wp\/v2\/media?parent=3563"}],"wp:term":[{"taxonomy":"category","embeddable":true,"href":"https:\/\/catholicus.eu\/pt\/wp-json\/wp\/v2\/categories?post=3563"},{"taxonomy":"post_tag","embeddable":true,"href":"https:\/\/catholicus.eu\/pt\/wp-json\/wp\/v2\/tags?post=3563"}],"curies":[{"name":"wp","href":"https:\/\/api.w.org\/{rel}","templated":true}]}}