{"id":3560,"date":"2025-04-30T22:17:44","date_gmt":"2025-04-30T20:17:44","guid":{"rendered":"https:\/\/catholicus.eu\/pt\/?p=3560"},"modified":"2025-05-07T22:22:16","modified_gmt":"2025-05-07T20:22:16","slug":"o-cardeal-que-se-recusou-a-ser-papa-casos-reais-de-eleitores-que-fugiram-do-papado","status":"publish","type":"post","link":"https:\/\/catholicus.eu\/pt\/o-cardeal-que-se-recusou-a-ser-papa-casos-reais-de-eleitores-que-fugiram-do-papado\/","title":{"rendered":"O cardeal que se recusou a ser Papa: Casos reais de eleitores que fugiram do papado"},"content":{"rendered":"\n<p><em>Uma medita\u00e7\u00e3o sobre a humildade, a obedi\u00eancia e a verdadeira lideran\u00e7a crist\u00e3<\/em><\/p>\n\n\n\n<hr class=\"wp-block-separator has-alpha-channel-opacity\"\/>\n\n\n\n<h3 class=\"wp-block-heading\">Introdu\u00e7\u00e3o: Quando a maior honra se torna o maior temor<\/h3>\n\n\n\n<p>No imagin\u00e1rio comum, tornar-se Papa parece ser o \u00e1pice de uma vida inteiramente dedicada a Deus \u2013 a mais alta honra, o cargo mais elevado. No entanto, na hist\u00f3ria da Igreja, houve homens de grande santidade que, ao serem propostos ou at\u00e9 mesmo eleitos, fugiram ou recusaram a fun\u00e7\u00e3o. Por que algu\u00e9m temeria tal honra? O que isso nos ensina sobre poder, humildade e discernimento da vontade de Deus?<\/p>\n\n\n\n<p>Num mundo que ambiciona visibilidade e poder, esses epis\u00f3dios s\u00e3o profundamente contraculturais. Eles nos ensinam que a verdadeira lideran\u00e7a crist\u00e3 n\u00e3o se mede por t\u00edtulos, mas pela disponibilidade de carregar a cruz. Este artigo explora casos reais de cardeais que recusaram o papado e como o exemplo deles pode hoje inspirar nossa vida espiritual.<\/p>\n\n\n\n<hr class=\"wp-block-separator has-alpha-channel-opacity\"\/>\n\n\n\n<h3 class=\"wp-block-heading\">I. Hist\u00f3ria viva: Cardeais que recusaram o Trono de Pedro<\/h3>\n\n\n\n<h4 class=\"wp-block-heading\">1. <strong>S\u00e3o Carlos Borromeu (1538\u20131584)<\/strong> \u2013 O cardeal reformador que temia o papado<\/h4>\n\n\n\n<p>S\u00e3o Carlos Borromeu foi um dos protagonistas da Reforma Cat\u00f3lica no Conc\u00edlio de Trento: arcebispo de Mil\u00e3o, promotor do Catecismo Romano, incans\u00e1vel reformador do clero. Sua vida de ora\u00e7\u00e3o, penit\u00eancia e servi\u00e7o o tornou um dos nomes mais cotados para suceder ao Papa Pio V. No entanto, Borromeu temia profundamente ser eleito. Orava para que o Esp\u00edrito Santo afastasse dele esse c\u00e1lice. Preferia continuar sendo um simples servo de sua diocese a tornar-se o chefe vis\u00edvel da Igreja universal.<\/p>\n\n\n\n<p>Por que tanto medo? Porque Borromeu n\u00e3o via o papado como uma honra humana, mas como um peso espiritual: uma cruz, n\u00e3o uma coroa.<\/p>\n\n\n\n<h4 class=\"wp-block-heading\">2. <strong>S\u00e3o Filipe N\u00e9ri (1515\u20131595)<\/strong> \u2013 O ap\u00f3stolo de Roma que se escondia<\/h4>\n\n\n\n<p>Embora nunca tenha sido cardeal, S\u00e3o Filipe N\u00e9ri foi v\u00e1rias vezes cogitado como poss\u00edvel Papa. Sua resposta? Literalmente se escondia. Conhecido por sua alegria e profundidade prof\u00e9tica, sabia que sua voca\u00e7\u00e3o n\u00e3o era o governo, mas o consolo das almas e o chamado \u00e0 convers\u00e3o. \u201cPrefiro o Para\u00edso\u201d, respondia sempre que lhe era proposto um cargo.<\/p>\n\n\n\n<h4 class=\"wp-block-heading\">3. <strong>O cardeal Giuseppe Siri (1906\u20131989)<\/strong> \u2013 A lenda do \u201cPapa n\u00e3o coroado\u201d<\/h4>\n\n\n\n<p>Embora as fontes sejam variadas e alguns historiadores neguem a elei\u00e7\u00e3o, o cardeal Siri simboliza aqueles que poderiam ter subido ao trono pontif\u00edcio, mas n\u00e3o o fizeram por motivos interiores ou externos. Arcebispo de G\u00eanova, Siri foi figura central da frente tradicionalista no s\u00e9culo XX. Segundo alguns relatos, foi eleito em mais de um conclave, mas recusou por obedi\u00eancia ou prud\u00eancia. Seja verdade ou n\u00e3o, representa os pastores que n\u00e3o viam o papado como uma promo\u00e7\u00e3o, mas como um peso sagrado.<\/p>\n\n\n\n<h3 class=\"wp-block-heading\">4. Cardeal Camillo Laurenti (1861\u20131938)<\/h3>\n\n\n\n<p>O cardeal Camillo Laurenti, eminente prelado italiano e prefeito da Sagrada Congrega\u00e7\u00e3o dos Ritos, foi uma figura central da C\u00faria Romana nas primeiras d\u00e9cadas do s\u00e9culo XX. Durante o conclave de 1922, convocado ap\u00f3s a morte do Papa Bento XV, Laurenti foi considerado um dos <em>papabili<\/em> mais s\u00e9rios. Segundo alguns relatos hist\u00f3ricos e testemunhos indiretos, quando sua candidatura come\u00e7ou a ganhar for\u00e7a entre os cardeais eleitores, ele pr\u00f3prio teria expressado com humildade sua recusa em aceitar o papado caso fosse eleito, convencido de que n\u00e3o possu\u00eda a for\u00e7a necess\u00e1ria para conduzir a Igreja em tempos t\u00e3o turbulentos. Essa ren\u00fancia t\u00e1cita teria aberto caminho para a elei\u00e7\u00e3o do cardeal Achille Ratti, que acabou sendo escolhido como o Papa Pio XI. Laurenti continuou a servir fielmente \u00e0 Igreja dentro da C\u00faria at\u00e9 sua morte, demonstrando sempre um esp\u00edrito de obedi\u00eancia, humildade e profundo senso de dever.<\/p>\n\n\n\n<hr class=\"wp-block-separator has-alpha-channel-opacity\"\/>\n\n\n\n<h3 class=\"wp-block-heading\">II. Teologia da recusa: \u00e9 l\u00edcito n\u00e3o aceitar o papado?<\/h3>\n\n\n\n<p>\u00c0 primeira vista, recusar o papado pode parecer desobedi\u00eancia a Deus. Mas na tradi\u00e7\u00e3o cat\u00f3lica, mesmo diante do mais alto cargo, existe o discernimento. O papado n\u00e3o \u00e9 uma recompensa, \u00e9 uma cruz. Significa ser \u201cservo dos servos de Deus\u201d (<em>servus servorum Dei<\/em>). O Catecismo nos recorda:<\/p>\n\n\n\n<blockquote class=\"wp-block-quote is-layout-flow wp-block-quote-is-layout-flow\">\n<p>\u201cQuem quiser ser o primeiro entre v\u00f3s, seja vosso servo.\u201d (cf. Mt 20,27)<\/p>\n<\/blockquote>\n\n\n\n<p>O ponto central \u00e9 <strong>a humildade evang\u00e9lica<\/strong> \u2013 uma virtude profundamente teol\u00f3gica. N\u00e3o se trata de falsa mod\u00e9stia, mas da consci\u00eancia verdadeira da pr\u00f3pria pequenez diante de Deus. S\u00e3o Bernardo de Claraval afirmava: <em>\u201cQuem n\u00e3o \u00e9 humilde, n\u00e3o pode ser exaltado sem cair.\u201d<\/em><\/p>\n\n\n\n<p>Quando um cardeal recusa o papado, muitas vezes n\u00e3o \u00e9 por medo, mas por rever\u00eancia a Cristo, amor \u00e0 Igreja e consci\u00eancia dos pr\u00f3prios limites.<\/p>\n\n\n\n<hr class=\"wp-block-separator has-alpha-channel-opacity\"\/>\n\n\n\n<h3 class=\"wp-block-heading\">III. Li\u00e7\u00f5es pr\u00e1ticas para hoje: O que um crist\u00e3o comum pode aprender?<\/h3>\n\n\n\n<h4 class=\"wp-block-heading\">1. <strong>N\u00e3o busque poder, busque miss\u00e3o<\/strong><\/h4>\n\n\n\n<p>A vida crist\u00e3 n\u00e3o \u00e9 uma escalada de carreira, mas uma descida na humildade. Jesus lavou os p\u00e9s dos seus disc\u00edpulos (cf. Jo 13,1\u201317). Os cardeais que recusaram o papado nos ensinam a n\u00e3o desejar t\u00edtulos, mas a servir onde somos chamados.<\/p>\n\n\n\n<blockquote class=\"wp-block-quote is-layout-flow wp-block-quote-is-layout-flow\">\n<p>\u201cTodo aquele que se exalta ser\u00e1 humilhado, e quem se humilha ser\u00e1 exaltado.\u201d (Lc 14,11)<\/p>\n<\/blockquote>\n\n\n\n<h4 class=\"wp-block-heading\">2. <strong>Discernir a voca\u00e7\u00e3o com ora\u00e7\u00e3o e obedi\u00eancia<\/strong><\/h4>\n\n\n\n<p>Nem toda \u201coportunidade\u201d \u00e9 um chamado. A prud\u00eancia espiritual nos exige perguntar: \u201cSou realmente chamado a isso?\u201d Estou aceitando por orgulho? Ou estou fugindo por medo?<\/p>\n\n\n\n<p>Os santos que recusaram o papado o fizeram ap\u00f3s muita ora\u00e7\u00e3o, conselho espiritual e plena confian\u00e7a na Provid\u00eancia. Tamb\u00e9m n\u00f3s devemos aprender a consultar Deus nas decis\u00f5es importantes.<\/p>\n\n\n\n<h4 class=\"wp-block-heading\">3. <strong>A cruz n\u00e3o \u00e9 opcional<\/strong><\/h4>\n\n\n\n<p>Jesus n\u00e3o disse: \u201cSegue-me se quiseres\u201d. Ele disse:<\/p>\n\n\n\n<blockquote class=\"wp-block-quote is-layout-flow wp-block-quote-is-layout-flow\">\n<p>\u201cSe algu\u00e9m quiser vir ap\u00f3s mim, renuncie a si mesmo, tome sua cruz cada dia e siga-me.\u201d (Lc 9,23)<\/p>\n<\/blockquote>\n\n\n\n<p>\u00c0s vezes a cruz \u00e9 uma responsabilidade que n\u00e3o buscamos. Outras vezes \u00e9 o sacrif\u00edcio de um sonho. O importante \u00e9 n\u00e3o fugir da cruz, mas abra\u00e7\u00e1-la com liberdade interior.<\/p>\n\n\n\n<hr class=\"wp-block-separator has-alpha-channel-opacity\"\/>\n\n\n\n<h3 class=\"wp-block-heading\">IV. Guia teol\u00f3gica e pastoral: Como viver hoje esse ensinamento<\/h3>\n\n\n\n<p><strong>1. Exame de consci\u00eancia sobre poder e ambi\u00e7\u00e3o<\/strong><\/p>\n\n\n\n<ul class=\"wp-block-list\">\n<li>Busco cargos por vaidade ou para servir?<\/li>\n\n\n\n<li>Sou capaz de dizer \u201cn\u00e3o\u201d ao que n\u00e3o \u00e9 minha voca\u00e7\u00e3o?<\/li>\n\n\n\n<li>A aprova\u00e7\u00e3o dos outros vale mais do que a verdade?<\/li>\n<\/ul>\n\n\n\n<p><strong>2. Pr\u00e1tica di\u00e1ria da humildade<\/strong><\/p>\n\n\n\n<ul class=\"wp-block-list\">\n<li>Agrade\u00e7a pelos dons que tem, mas reconhe\u00e7a-os como d\u00e1divas de Deus.<\/li>\n\n\n\n<li>Aceite corre\u00e7\u00f5es sem se justificar.<\/li>\n\n\n\n<li>Alegra-te com o sucesso dos outros sem invej\u00e1-los.<\/li>\n<\/ul>\n\n\n\n<p><strong>3. Acompanhamento espiritual e obedi\u00eancia<\/strong><\/p>\n\n\n\n<ul class=\"wp-block-list\">\n<li>Pe\u00e7a conselho a um diretor espiritual antes de decis\u00f5es importantes.<\/li>\n\n\n\n<li>N\u00e3o tome decis\u00f5es s\u00e9rias em momentos de agita\u00e7\u00e3o.<\/li>\n\n\n\n<li>Cultive a obedi\u00eancia \u00e0 Igreja, mesmo quando isso custa.<\/li>\n<\/ul>\n\n\n\n<p><strong>4. Fa\u00e7a da sua vida um servi\u00e7o<\/strong><\/p>\n\n\n\n<ul class=\"wp-block-list\">\n<li>Repita todos os dias com Maria: <em>\u201cEis aqui a serva do Senhor; fa\u00e7a-se em mim segundo a tua palavra.\u201d<\/em> (Lc 1,38)<\/li>\n\n\n\n<li>Cumpra mesmo as tarefas mais simples com grande amor: eduque seus filhos, trabalhe com honestidade, ou\u00e7a quem sofre.<\/li>\n<\/ul>\n\n\n\n<hr class=\"wp-block-separator has-alpha-channel-opacity\"\/>\n\n\n\n<h3 class=\"wp-block-heading\">Conclus\u00e3o: O verdadeiro Papa \u00e9 Cristo<\/h3>\n\n\n\n<p>Os cardeais que recusaram tornar-se Papa sabiam que o verdadeiro Pastor Supremo \u00e9 Jesus Cristo. O Papa n\u00e3o \u00e9 um monarca absoluto, mas um servo, um vig\u00e1rio. E aqueles que disseram \u201cn\u00e3o\u201d a tal honra nos ensinam a dizer \u201csim\u201d ao que realmente importa: a vontade de Deus.<\/p>\n\n\n\n<p>Nem todos somos chamados a ser Pont\u00edfices \u2013 mas todos somos chamados \u00e0 santidade. E a santidade n\u00e3o se mede por t\u00edtulos, mas pela fidelidade.<\/p>\n\n\n\n<blockquote class=\"wp-block-quote is-layout-flow wp-block-quote-is-layout-flow\">\n<p>\u201cNem todo o que me diz: \u2018Senhor, Senhor\u2019 entrar\u00e1 no Reino dos C\u00e9us, mas aquele que faz a vontade de meu Pai que est\u00e1 nos c\u00e9us.\u201d (Mt 7,21)<\/p>\n<\/blockquote>\n\n\n\n<hr class=\"wp-block-separator has-alpha-channel-opacity\"\/>\n\n\n\n<h3 class=\"wp-block-heading\">Ora\u00e7\u00e3o final<\/h3>\n\n\n\n<p><strong>Senhor Jesus, Mestre manso e humilde de cora\u00e7\u00e3o,<br>ensina-nos a preferir a tua vontade \u00e0 nossa gl\u00f3ria.<br>D\u00e1-nos um cora\u00e7\u00e3o livre, capaz de dizer n\u00e3o ao poder e sim ao servi\u00e7o.<br>Como S\u00e3o Carlos Borromeu, que temia mais te desapontar do que ser eleito,<br>torna-nos d\u00f3ceis ao teu Esp\u00edrito Santo.<br>Faz com que nossas escolhas sejam uma ora\u00e7\u00e3o vivida.<br>E se nos deres uma cruz,<br>ajuda-nos a carreg\u00e1-la contigo \u2013 n\u00e3o sozinhos.<br>Am\u00e9m.<\/strong><\/p>\n","protected":false},"excerpt":{"rendered":"<p>Uma medita\u00e7\u00e3o sobre a humildade, a obedi\u00eancia e a verdadeira lideran\u00e7a crist\u00e3 Introdu\u00e7\u00e3o: Quando a maior honra se torna o maior temor No imagin\u00e1rio comum, tornar-se Papa parece ser o \u00e1pice de uma vida inteiramente dedicada a Deus \u2013 a mais alta honra, o cargo mais elevado. No entanto, na hist\u00f3ria da Igreja, houve homens &hellip;<\/p>\n","protected":false},"author":3,"featured_media":3561,"comment_status":"open","ping_status":"open","sticky":false,"template":"","format":"standard","meta":{"_seopress_robots_primary_cat":"","_seopress_titles_title":"","_seopress_titles_desc":"","_seopress_robots_index":"","footnotes":""},"categories":[48,38],"tags":[1182],"class_list":["post-3560","post","type-post","status-publish","format-standard","has-post-thumbnail","","category-historia-da-igreja","category-historia-e-tradicao","tag-cardeal"],"_links":{"self":[{"href":"https:\/\/catholicus.eu\/pt\/wp-json\/wp\/v2\/posts\/3560","targetHints":{"allow":["GET"]}}],"collection":[{"href":"https:\/\/catholicus.eu\/pt\/wp-json\/wp\/v2\/posts"}],"about":[{"href":"https:\/\/catholicus.eu\/pt\/wp-json\/wp\/v2\/types\/post"}],"author":[{"embeddable":true,"href":"https:\/\/catholicus.eu\/pt\/wp-json\/wp\/v2\/users\/3"}],"replies":[{"embeddable":true,"href":"https:\/\/catholicus.eu\/pt\/wp-json\/wp\/v2\/comments?post=3560"}],"version-history":[{"count":2,"href":"https:\/\/catholicus.eu\/pt\/wp-json\/wp\/v2\/posts\/3560\/revisions"}],"predecessor-version":[{"id":3725,"href":"https:\/\/catholicus.eu\/pt\/wp-json\/wp\/v2\/posts\/3560\/revisions\/3725"}],"wp:featuredmedia":[{"embeddable":true,"href":"https:\/\/catholicus.eu\/pt\/wp-json\/wp\/v2\/media\/3561"}],"wp:attachment":[{"href":"https:\/\/catholicus.eu\/pt\/wp-json\/wp\/v2\/media?parent=3560"}],"wp:term":[{"taxonomy":"category","embeddable":true,"href":"https:\/\/catholicus.eu\/pt\/wp-json\/wp\/v2\/categories?post=3560"},{"taxonomy":"post_tag","embeddable":true,"href":"https:\/\/catholicus.eu\/pt\/wp-json\/wp\/v2\/tags?post=3560"}],"curies":[{"name":"wp","href":"https:\/\/api.w.org\/{rel}","templated":true}]}}