{"id":3557,"date":"2025-04-30T08:06:48","date_gmt":"2025-04-30T06:06:48","guid":{"rendered":"https:\/\/catholicus.eu\/pt\/?p=3557"},"modified":"2025-04-30T08:06:48","modified_gmt":"2025-04-30T06:06:48","slug":"o-papa-vermelho-vs-o-papa-negro-a-batalha-invisivel-entre-ordens-religiosas-no-conclave","status":"publish","type":"post","link":"https:\/\/catholicus.eu\/pt\/o-papa-vermelho-vs-o-papa-negro-a-batalha-invisivel-entre-ordens-religiosas-no-conclave\/","title":{"rendered":"O \u201cPapa vermelho\u201d vs. o \u201cPapa negro\u201d: A batalha invis\u00edvel entre ordens religiosas no Conclave"},"content":{"rendered":"\n<p><em>Um guia espiritual para compreender os movimentos profundos que moldam a vida da Igreja<\/em><\/p>\n\n\n\n<hr class=\"wp-block-separator has-alpha-channel-opacity\"\/>\n\n\n\n<h3 class=\"wp-block-heading\">Introdu\u00e7\u00e3o: Para al\u00e9m das cores \u2013 a luta pela alma da Igreja<\/h3>\n\n\n\n<p>Quando os cardeais se re\u00fanem a portas fechadas na Capela Sistina para eleger um novo Papa, o mundo prende a respira\u00e7\u00e3o. Mas o que para muitos parece uma elei\u00e7\u00e3o solene, para outros representa o auge de uma batalha que dura anos \u2014 ou at\u00e9 s\u00e9culos. No centro deste conflito silencioso e espiritual est\u00e3o duas figuras poderosas do catolicismo: <strong>o \u201cPapa vermelho\u201d<\/strong> (o prefeito do Dicast\u00e9rio para a Evangeliza\u00e7\u00e3o dos Povos, tradicionalmente associado \u00e0 miss\u00e3o) e <strong>o \u201cPapa negro\u201d<\/strong> (o Prep\u00f3sito-Geral da Companhia de Jesus \u2014 chamado assim por causa da batina preta e da influ\u00eancia mundial da ordem).<\/p>\n\n\n\n<p>Embora nenhum dos dois seja realmente Papa, eles representam duas formas distintas de compreender a miss\u00e3o, a autoridade e a presen\u00e7a da Igreja no mundo. Este artigo n\u00e3o pretende alimentar teorias conspirat\u00f3rias, mas oferecer uma <strong>reflex\u00e3o teol\u00f3gica, hist\u00f3rica e pastoral<\/strong> sobre como as grandes decis\u00f5es da Igreja nascem \u2014 e o que podemos aprender com elas para a nossa vida espiritual.<\/p>\n\n\n\n<blockquote class=\"wp-block-quote is-layout-flow wp-block-quote-is-layout-flow\">\n<p>\u201cPois a nossa luta n\u00e3o \u00e9 contra seres humanos, mas contra os principados e potestades, contra os dominadores deste mundo de trevas, contra as for\u00e7as espirituais do mal nas regi\u00f5es celestes.\u201d<br><em>(Ef\u00e9sios 6,12)<\/em><\/p>\n<\/blockquote>\n\n\n\n<hr class=\"wp-block-separator has-alpha-channel-opacity\"\/>\n\n\n\n<h3 class=\"wp-block-heading\">I. Origem hist\u00f3rica de dois s\u00edmbolos eclesiais<\/h3>\n\n\n\n<h4 class=\"wp-block-heading\">Quem \u00e9 o \u201cPapa vermelho\u201d?<\/h4>\n\n\n\n<p>O termo \u201cPapa vermelho\u201d \u00e9 uma designa\u00e7\u00e3o informal para o Prefeito do Dicast\u00e9rio para a Evangeliza\u00e7\u00e3o (antigamente chamado de &#8220;Propaganda Fide&#8221;), fundado em 1622 pelo Papa Greg\u00f3rio XV. Este organismo era respons\u00e1vel pela difus\u00e3o do Evangelho em territ\u00f3rios de miss\u00e3o, especialmente onde o cristianismo era pouco conhecido ou inexistente.<\/p>\n\n\n\n<p>A cor vermelha vem da batina cardinal\u00edcia do prefeito. O seu papel era n\u00e3o apenas pastoral, mas tamb\u00e9m estrat\u00e9gico \u2014 como supervisor da penetra\u00e7\u00e3o do Evangelho em territ\u00f3rios espiritual e politicamente delicados.<\/p>\n\n\n\n<h4 class=\"wp-block-heading\">E quem \u00e9 o \u201cPapa negro\u201d?<\/h4>\n\n\n\n<p>O \u201cPapa negro\u201d \u00e9 o Superior Geral dos Jesu\u00edtas, a Companhia de Jesus fundada por Santo In\u00e1cio de Loyola em 1540. O apelido vem da batina preta t\u00edpica da ordem, mas tamb\u00e9m da profunda influ\u00eancia que os jesu\u00edtas exercem nas \u00e1reas da educa\u00e7\u00e3o, diplomacia, teologia e, muitas vezes, at\u00e9 na pol\u00edtica. Durante s\u00e9culos, os jesu\u00edtas foram defensores do papado, mas tamb\u00e9m protagonistas de reformas internas e de uma teologia inovadora.<\/p>\n\n\n\n<hr class=\"wp-block-separator has-alpha-channel-opacity\"\/>\n\n\n\n<h3 class=\"wp-block-heading\">II. A tens\u00e3o interna: vis\u00e3o mission\u00e1ria vs. reformadora<\/h3>\n\n\n\n<p>Estas duas figuras simbolizam <strong>duas grandes almas da Igreja<\/strong>:<\/p>\n\n\n\n<ul class=\"wp-block-list\">\n<li>O \u201cPapa vermelho\u201d representa uma Igreja <strong>voltada para fora<\/strong>, mission\u00e1ria, ancorada no Magist\u00e9rio, que deseja guardar e transmitir fielmente a doutrina.<\/li>\n\n\n\n<li>O \u201cPapa negro\u201d encarna uma Igreja <strong>voltada para dentro<\/strong>, reformadora, dialogante, que busca ler os sinais dos tempos sem trair o Evangelho.<\/li>\n<\/ul>\n\n\n\n<p>Essa tens\u00e3o n\u00e3o \u00e9 negativa em si mesma. A Igreja \u2014 Corpo de Cristo \u2014 precisa de <strong>ambas as for\u00e7as<\/strong>: a firmeza na verdade e a capacidade de interpretar o presente. Mas quando um desses polos domina o outro, gera-se um desequil\u00edbrio que pode levar \u00e0 crise.<\/p>\n\n\n\n<hr class=\"wp-block-separator has-alpha-channel-opacity\"\/>\n\n\n\n<h3 class=\"wp-block-heading\">III. O Conclave: um campo de batalha espiritual<\/h3>\n\n\n\n<p>No momento da elei\u00e7\u00e3o do Papa, essas duas vis\u00f5es se confrontam no Conclave \u2014 por meio dos cardeais, muitos dos quais pertencem a ordens religiosas ou s\u00e3o profundamente influenciados por elas. Alguns trazem uma vis\u00e3o mais hier\u00e1rquica e doutrin\u00e1ria; outros, mais pastoral e sinodal.<\/p>\n\n\n\n<p>O Conclave torna-se, assim, um <strong>lugar de discernimento e de luta espiritual<\/strong>, invis\u00edvel aos olhos do mundo.<\/p>\n\n\n\n<p>N\u00e3o se trata de um simples jogo de poder, mas de um <strong>conflito teol\u00f3gico profundo<\/strong>:<\/p>\n\n\n\n<ul class=\"wp-block-list\">\n<li>Como deve ser a Igreja no s\u00e9culo XXI?<\/li>\n\n\n\n<li>Est\u00e1 ela chamada a conservar a Tradi\u00e7\u00e3o ou a dialogar com o mundo moderno?<\/li>\n\n\n\n<li>Deve refor\u00e7ar sua estrutura ou abrir-se \u00e0 sinodalidade?<\/li>\n<\/ul>\n\n\n\n<hr class=\"wp-block-separator has-alpha-channel-opacity\"\/>\n\n\n\n<h3 class=\"wp-block-heading\">IV. E o Povo de Deus? Reflex\u00e3o para os fi\u00e9is<\/h3>\n\n\n\n<p>Essa tens\u00e3o nos diz respeito. Tamb\u00e9m nas par\u00f3quias e nas fam\u00edlias se sente o conflito entre fidelidade e mudan\u00e7a. Muitos fi\u00e9is se perguntam: em quem devemos confiar? Qual \u00e9 o verdadeiro rosto da Igreja? Como viver a f\u00e9 em tempos de confus\u00e3o?<\/p>\n\n\n\n<p>A resposta pastoral mais verdadeira \u00e9: <strong>Voltar a Cristo, o centro de tudo<\/strong>. Nem o \u201cPapa vermelho\u201d nem o \u201cPapa negro\u201d s\u00e3o o nosso Salvador. S\u00f3 Jesus \u00e9 o Senhor. Como ensina o Catecismo: \u201cMaria \u00e9 o mais eminente modelo de f\u00e9\u201d (CIC 149), e n\u00e3o um funcion\u00e1rio eclesi\u00e1stico.<\/p>\n\n\n\n<hr class=\"wp-block-separator has-alpha-channel-opacity\"\/>\n\n\n\n<h3 class=\"wp-block-heading\">V. Chaves teol\u00f3gicas para a unidade na diversidade<\/h3>\n\n\n\n<ol class=\"wp-block-list\">\n<li><strong>A Igreja \u00e9 una e m\u00faltipla<\/strong>\n<ul class=\"wp-block-list\">\n<li>\u201cH\u00e1 diversidade de dons, mas o Esp\u00edrito \u00e9 o mesmo.\u201d (1 Cor 12,4)<\/li>\n\n\n\n<li>A variedade de ordens religiosas e de sensibilidades espirituais \u00e9 fruto da a\u00e7\u00e3o do Esp\u00edrito. Diversidade n\u00e3o \u00e9 divis\u00e3o.<\/li>\n<\/ul>\n<\/li>\n\n\n\n<li><strong>O Esp\u00edrito Santo atua no Conclave<\/strong>\n<ul class=\"wp-block-list\">\n<li>Apesar das fragilidades humanas, a Igreja cr\u00ea que o Esp\u00edrito Santo guia a elei\u00e7\u00e3o do Papa. Nem sempre \u00e9 eleito \u201co melhor\u201d, mas aquele que Deus permite para um des\u00edgnio maior.<\/li>\n<\/ul>\n<\/li>\n\n\n\n<li><strong>Tradi\u00e7\u00e3o e reforma n\u00e3o se excluem<\/strong>\n<ul class=\"wp-block-list\">\n<li>Bento XVI falava de uma \u201chermen\u00eautica da continuidade\u201d. A verdadeira reforma nasce de uma leitura fiel da Tradi\u00e7\u00e3o viva, n\u00e3o de rupturas.<\/li>\n<\/ul>\n<\/li>\n\n\n\n<li><strong>Os leigos t\u00eam um papel fundamental<\/strong>\n<ul class=\"wp-block-list\">\n<li>N\u00e3o podemos esperar tudo \u201cde cima\u201d. Todo batizado \u00e9 chamado a guardar e viver a f\u00e9 \u2014 como \u201csal da terra e luz do mundo\u201d (Mt 5,13\u201314).<\/li>\n<\/ul>\n<\/li>\n<\/ol>\n\n\n\n<hr class=\"wp-block-separator has-alpha-channel-opacity\"\/>\n\n\n\n<h3 class=\"wp-block-heading\">VI. Aplica\u00e7\u00f5es pr\u00e1ticas: O que podemos fazer?<\/h3>\n\n\n\n<h4 class=\"wp-block-heading\">1. <strong>Rezar constantemente pela Igreja<\/strong><\/h4>\n\n\n\n<blockquote class=\"wp-block-quote is-layout-flow wp-block-quote-is-layout-flow\">\n<p>\u201cOrai sem cessar.\u201d (1 Ts 5,17)<\/p>\n<\/blockquote>\n\n\n\n<p>A primeira voca\u00e7\u00e3o do fiel \u00e9 <strong>rezar pelos pastores<\/strong> \u2014 o Papa, os cardeais, os religiosos e todos os membros da Igreja.<\/p>\n\n\n\n<h4 class=\"wp-block-heading\">2. <strong>Aprofundar a f\u00e9<\/strong><\/h4>\n\n\n\n<p>A confus\u00e3o nasce muitas vezes da ignor\u00e2ncia. Leia o Catecismo, medite as Escrituras, estude a hist\u00f3ria da Igreja. Assim voc\u00ea ser\u00e1 firme na verdade.<\/p>\n\n\n\n<h4 class=\"wp-block-heading\">3. <strong>Viver a unidade na caridade<\/strong><\/h4>\n\n\n\n<p>Mesmo quando houver tens\u00f5es na Igreja, evite o esp\u00edrito de fac\u00e7\u00e3o. Promova a unidade na sua fam\u00edlia, par\u00f3quia, entre os amigos \u2014 com humildade e fidelidade.<\/p>\n\n\n\n<h4 class=\"wp-block-heading\">4. <strong>Discernimento espiritual<\/strong><\/h4>\n\n\n\n<p>Nem tudo o que \u00e9 moderno \u00e9 bom, e nem tudo o que \u00e9 antigo \u00e9 fiel. Discirna tudo \u00e0 luz do Evangelho e em comunh\u00e3o com a Igreja.<\/p>\n\n\n\n<h4 class=\"wp-block-heading\">5. <strong>Evangelizar com a vida<\/strong><\/h4>\n\n\n\n<p>Tanto o \u201cPapa vermelho\u201d quanto o \u201cPapa negro\u201d representam a urg\u00eancia da miss\u00e3o. E voc\u00ea? Evangeliza com sua vida? Com o exemplo? Com a palavra? O mundo precisa de testemunhas, n\u00e3o de ide\u00f3logos.<\/p>\n\n\n\n<hr class=\"wp-block-separator has-alpha-channel-opacity\"\/>\n\n\n\n<h3 class=\"wp-block-heading\">Conclus\u00e3o: Para al\u00e9m dos conflitos \u2013 a Cruz de Cristo<\/h3>\n\n\n\n<p>A hist\u00f3ria da Igreja \u00e9 marcada por conflitos, tens\u00f5es e reformas. Mas tamb\u00e9m por santos, m\u00e1rtires e mission\u00e1rios que, al\u00e9m das batalhas eclesi\u00e1sticas, viveram por Cristo e morreram por Ele.<\/p>\n\n\n\n<p>Hoje somos chamados a ser <strong>fi\u00e9is e corajosos<\/strong>. A Igreja n\u00e3o precisa de um Papa vermelho ou negro: precisa de crist\u00e3os com o cora\u00e7\u00e3o ardente, que vivam a f\u00e9 com alegria, anunciem a verdade com clareza e amem sem medo.<\/p>\n\n\n\n<blockquote class=\"wp-block-quote is-layout-flow wp-block-quote-is-layout-flow\">\n<p>\u201cSede vigilantes, permanecei firmes na f\u00e9, portai-vos varonilmente, sede fortes. Que tudo entre v\u00f3s seja feito com amor.\u201d<br><em>(1 Cor\u00edntios 16,13\u201314)<\/em><\/p>\n<\/blockquote>\n\n\n\n<hr class=\"wp-block-separator has-alpha-channel-opacity\"\/>\n\n\n\n<h3 class=\"wp-block-heading\">Guia pastoral e teol\u00f3gica para os leitores<\/h3>\n\n\n\n<figure class=\"wp-block-table\"><table class=\"has-fixed-layout\"><thead><tr><th>\u00c2mbito<\/th><th>A\u00e7\u00e3o concreta<\/th><th>Fundamento b\u00edblico<\/th><\/tr><\/thead><tbody><tr><td>Ora\u00e7\u00e3o<\/td><td>Rezar diariamente pelo Papa e pela unidade da Igreja<\/td><td>\u201cOnde dois ou tr\u00eas estiverem reunidos em meu nome, ali estou no meio deles.\u201d (Mt 18,20)<\/td><\/tr><tr><td>Forma\u00e7\u00e3o<\/td><td>Ler diariamente 10 minutos do Catecismo ou da B\u00edblia<\/td><td>\u201cO meu povo se perde por falta de conhecimento.\u201d (Os 4,6)<\/td><\/tr><tr><td>Comunidade<\/td><td>Participar de grupos de ora\u00e7\u00e3o, adora\u00e7\u00e3o, ter\u00e7o<\/td><td>\u201cTodos perseveravam un\u00e2nimes em ora\u00e7\u00e3o.\u201d (At 1,14)<\/td><\/tr><tr><td>Miss\u00e3o<\/td><td>Compartilhar conte\u00fados cat\u00f3licos online com respeito<\/td><td>\u201cIde por todo o mundo e pregai o Evangelho a toda criatura.\u201d (Mc 16,15)<\/td><\/tr><tr><td>Discernimento<\/td><td>Buscar uma dire\u00e7\u00e3o espiritual em tempos de d\u00favida<\/td><td>\u201cQuem vos ouve, a mim ouve.\u201d (Lc 10,16)<\/td><\/tr><\/tbody><\/table><\/figure>\n\n\n\n<h3 class=\"wp-block-heading\">Ep\u00edlogo: O teu lugar na hist\u00f3ria da Igreja<\/h3>\n\n\n\n<p>Voc\u00ea n\u00e3o \u00e9 apenas um espectador. \u00c9 uma c\u00e9lula viva no Corpo de Cristo. Esteja voc\u00ea na cidade ou no campo, no hospital, na pris\u00e3o ou em casa \u2014 \u00e9 ali mesmo que voc\u00ea pode renovar a Igreja. N\u00e3o com poder, mas com amor.<\/p>\n\n\n\n<p>Porque a verdadeira batalha n\u00e3o se trava na Capela Sistina\u2026<br>Ela decide-se no teu cora\u00e7\u00e3o.<\/p>\n","protected":false},"excerpt":{"rendered":"<p>Um guia espiritual para compreender os movimentos profundos que moldam a vida da Igreja Introdu\u00e7\u00e3o: Para al\u00e9m das cores \u2013 a luta pela alma da Igreja Quando os cardeais se re\u00fanem a portas fechadas na Capela Sistina para eleger um novo Papa, o mundo prende a respira\u00e7\u00e3o. Mas o que para muitos parece uma elei\u00e7\u00e3o &hellip;<\/p>\n","protected":false},"author":3,"featured_media":3558,"comment_status":"open","ping_status":"open","sticky":false,"template":"","format":"standard","meta":{"_seopress_robots_primary_cat":"","_seopress_titles_title":"","_seopress_titles_desc":"","_seopress_robots_index":"","footnotes":""},"categories":[66,41],"tags":[537,1150,1181],"class_list":["post-3557","post","type-post","status-publish","format-standard","has-post-thumbnail","","category-cultura-popular-e-catolicismo","category-fe-e-cultura","tag-conclave","tag-papa-negro","tag-papa-vermelho"],"_links":{"self":[{"href":"https:\/\/catholicus.eu\/pt\/wp-json\/wp\/v2\/posts\/3557","targetHints":{"allow":["GET"]}}],"collection":[{"href":"https:\/\/catholicus.eu\/pt\/wp-json\/wp\/v2\/posts"}],"about":[{"href":"https:\/\/catholicus.eu\/pt\/wp-json\/wp\/v2\/types\/post"}],"author":[{"embeddable":true,"href":"https:\/\/catholicus.eu\/pt\/wp-json\/wp\/v2\/users\/3"}],"replies":[{"embeddable":true,"href":"https:\/\/catholicus.eu\/pt\/wp-json\/wp\/v2\/comments?post=3557"}],"version-history":[{"count":1,"href":"https:\/\/catholicus.eu\/pt\/wp-json\/wp\/v2\/posts\/3557\/revisions"}],"predecessor-version":[{"id":3559,"href":"https:\/\/catholicus.eu\/pt\/wp-json\/wp\/v2\/posts\/3557\/revisions\/3559"}],"wp:featuredmedia":[{"embeddable":true,"href":"https:\/\/catholicus.eu\/pt\/wp-json\/wp\/v2\/media\/3558"}],"wp:attachment":[{"href":"https:\/\/catholicus.eu\/pt\/wp-json\/wp\/v2\/media?parent=3557"}],"wp:term":[{"taxonomy":"category","embeddable":true,"href":"https:\/\/catholicus.eu\/pt\/wp-json\/wp\/v2\/categories?post=3557"},{"taxonomy":"post_tag","embeddable":true,"href":"https:\/\/catholicus.eu\/pt\/wp-json\/wp\/v2\/tags?post=3557"}],"curies":[{"name":"wp","href":"https:\/\/api.w.org\/{rel}","templated":true}]}}