{"id":3511,"date":"2025-04-27T14:58:23","date_gmt":"2025-04-27T12:58:23","guid":{"rendered":"https:\/\/catholicus.eu\/pt\/?p=3511"},"modified":"2025-04-27T14:58:23","modified_gmt":"2025-04-27T12:58:23","slug":"ideologia-de-genero-o-que-nenhum-bispo-ousa-te-dizer-mas-o-catecismo-sim","status":"publish","type":"post","link":"https:\/\/catholicus.eu\/pt\/ideologia-de-genero-o-que-nenhum-bispo-ousa-te-dizer-mas-o-catecismo-sim\/","title":{"rendered":"Ideologia de G\u00eanero: O que nenhum bispo ousa te dizer (mas o Catecismo sim)"},"content":{"rendered":"\n<h2 class=\"wp-block-heading\">Introdu\u00e7\u00e3o: Um sil\u00eancio que clama ao c\u00e9u<\/h2>\n\n\n\n<p>Vivemos tempos de grande confus\u00e3o. Palavras que antes tinham um significado claro \u2014 homem, mulher, fam\u00edlia \u2014 hoje parecem se dissolver numa n\u00e9voa de conceitos vagos. E enquanto tudo isso acontece, muitos pastores permanecem em sil\u00eancio. Por medo? Por diplomacia? Por confus\u00e3o? N\u00e3o sabemos. Mas uma coisa \u00e9 certa: a verdade permanece, e quem a busca, a encontrar\u00e1, porque &#8220;<strong>a verdade vos libertar\u00e1<\/strong>&#8221; (Jo\u00e3o 8, 32).<\/p>\n\n\n\n<p>Hoje queremos abordar um dos temas mais urgentes do nosso tempo com clareza e caridade: <strong>a ideologia de g\u00eanero<\/strong>. Faremos isso \u00e0 luz do <strong>Catecismo da Igreja Cat\u00f3lica<\/strong> e da <strong>Sagrada Escritura<\/strong>, guiados pela viva Tradi\u00e7\u00e3o da Igreja. N\u00e3o queremos condenar, mas educar e acompanhar, oferecendo um guia pr\u00e1tico para resistir aos erros e viver na verdade do Evangelho.<\/p>\n\n\n\n<h2 class=\"wp-block-heading\">1. O que \u00e9 a ideologia de g\u00eanero?<\/h2>\n\n\n\n<p><strong>A ideologia de g\u00eanero<\/strong> sustenta que o sexo biol\u00f3gico (ser homem ou mulher) n\u00e3o determina necessariamente a identidade de g\u00eanero (ser masculino ou feminino), mas que esta seria uma constru\u00e7\u00e3o social que cada um pode definir para si. Segundo essa vis\u00e3o, n\u00e3o existiriam diferen\u00e7as essenciais entre homem e mulher: tudo seria fluido, relativo e modific\u00e1vel.<\/p>\n\n\n\n<p>Essa ideologia tem <strong>invadido as pol\u00edticas p\u00fablicas, a educa\u00e7\u00e3o, os meios de comunica\u00e7\u00e3o, as leis<\/strong> e at\u00e9 mesmo certos ambientes eclesiais. Apresenta-se como uma &#8220;liberta\u00e7\u00e3o&#8221;, mas na realidade prop\u00f5e uma vis\u00e3o do ser humano <strong>profundamente materialista e niilista<\/strong>.<\/p>\n\n\n\n<p><strong>A raiz teol\u00f3gica desse erro<\/strong> \u00e9 evidente: nega-se que Deus tenha criado o ser humano &#8220;<strong>homem e mulher<\/strong>&#8221; \u00e0 sua imagem (G\u00eanesis 1, 27).<\/p>\n\n\n\n<p><strong>&#8220;Ou n\u00e3o tem o oleiro poder sobre o barro?&#8221;<\/strong> (cf. Romanos 9, 21). Na vis\u00e3o crist\u00e3, <strong>n\u00e3o nos inventamos a n\u00f3s mesmos<\/strong>; <strong>recebemos nossa exist\u00eancia como um dom<\/strong>.<\/p>\n\n\n\n<h2 class=\"wp-block-heading\">2. O que diz o Catecismo da Igreja Cat\u00f3lica?<\/h2>\n\n\n\n<p>Embora n\u00e3o mencione expressamente o termo &#8220;ideologia de g\u00eanero&#8221; (pois foi publicado em 1992, antes da grande difus\u00e3o deste conceito), o <strong>Catecismo<\/strong> fornece princ\u00edpios muito claros para julgar essa quest\u00e3o \u00e0 luz da f\u00e9:<\/p>\n\n\n\n<ul class=\"wp-block-list\">\n<li><strong>A identidade sexual \u00e9 um dom de Deus<\/strong>: &#8220;Homem e mulher s\u00e3o criados, isto \u00e9, s\u00e3o queridos por Deus: um para o outro, em uma igualdade enquanto pessoas.&#8221; (Catecismo, n. 369)<\/li>\n\n\n\n<li><strong>A diferen\u00e7a entre homem e mulher \u00e9 querida por Deus<\/strong>: &#8220;A sexualidade afeta todos os aspectos da pessoa humana na unidade de seu corpo e de sua alma. Diz respeito particularmente \u00e0 afetividade, \u00e0 capacidade de amar e de procriar e, de maneira mais geral, \u00e0 aptid\u00e3o para formar la\u00e7os de comunh\u00e3o com outros.&#8221; (Catecismo, n. 2332)<\/li>\n\n\n\n<li><strong>Castidade e respeito pelo pr\u00f3prio corpo s\u00e3o obrigat\u00f3rios<\/strong>: &#8220;Cada homem e cada mulher devem reconhecer e aceitar a pr\u00f3pria identidade sexual.&#8221; (Catecismo, n. 2333)<\/li>\n<\/ul>\n\n\n\n<p>O Catecismo ensina, portanto, que <strong>desprezar o pr\u00f3prio sexo biol\u00f3gico<\/strong> ou <strong>tentar alter\u00e1-lo<\/strong> \u00e9 uma ofensa \u00e0 dignidade da pessoa e ao projeto divino.<\/p>\n\n\n\n<h2 class=\"wp-block-heading\">3. Uma hist\u00f3ria de rebeli\u00e3o: ra\u00edzes culturais e filos\u00f3ficas<\/h2>\n\n\n\n<p>Para compreender como a ideologia de g\u00eanero p\u00f4de se afirmar t\u00e3o rapidamente, precisamos olhar para sua hist\u00f3ria.<\/p>\n\n\n\n<ul class=\"wp-block-list\">\n<li><strong>S\u00e9culo XIX<\/strong>: Fil\u00f3sofos como <strong>Marx<\/strong> e <strong>Engels<\/strong> afirmavam que as diferen\u00e7as de g\u00eanero eram constru\u00e7\u00f5es sociais impostas pelo sistema de propriedade privada. A luta de classes deveria estender-se \u00e0 luta contra a fam\u00edlia.<\/li>\n\n\n\n<li><strong>S\u00e9culo XX<\/strong>: O existencialismo ateu de <strong>Simone de Beauvoir<\/strong> (&#8220;N\u00e3o se nasce mulher: torna-se mulher&#8221;) e a psican\u00e1lise de <strong>Freud<\/strong> semearam a ideia de uma sexualidade desvinculada de qualquer norma natural ou divina.<\/li>\n\n\n\n<li><strong>Anos 1990<\/strong>: A <strong>teoria queer<\/strong> (Judith Butler) propagou a ideia de que o g\u00eanero \u00e9 totalmente separado do sexo biol\u00f3gico e pode ser modificado \u00e0 vontade.<\/li>\n<\/ul>\n\n\n\n<p>Esse processo n\u00e3o foi casual nem espont\u00e2neo: foi um <strong>projeto cultural intencional<\/strong>, voltado para <strong>destruir a fam\u00edlia tradicional crist\u00e3<\/strong> e <strong>redefinir o ser humano segundo crit\u00e9rios ideol\u00f3gicos<\/strong>.<\/p>\n\n\n\n<h2 class=\"wp-block-heading\">4. Por que tantos bispos se calam?<\/h2>\n\n\n\n<p>Muitos pastores temem ser rotulados como <strong>&#8220;intolerantes&#8221;, &#8220;homof\u00f3bicos&#8221;<\/strong> ou <strong>&#8220;reacion\u00e1rios&#8221;<\/strong>. Temem perder o favor da m\u00eddia, serem perseguidos pelo Estado ou serem marginalizados dentro da pr\u00f3pria Igreja.<\/p>\n\n\n\n<p>Outros foram enganados por uma falsa concep\u00e7\u00e3o de miseric\u00f3rdia, que <strong>confunde amor ao pecador com justifica\u00e7\u00e3o do pecado<\/strong>. Mas a verdadeira miseric\u00f3rdia significa <strong>dizer a verdade<\/strong>, com do\u00e7ura e firmeza.<\/p>\n\n\n\n<p>O pr\u00f3prio Cristo nos deu o exemplo:<\/p>\n\n\n\n<blockquote class=\"wp-block-quote is-layout-flow wp-block-quote-is-layout-flow\">\n<p>&#8220;Se o mundo vos odeia, sabei que primeiro me odiou a mim.&#8221; (Jo\u00e3o 15, 18)<\/p>\n<\/blockquote>\n\n\n\n<p>O verdadeiro pastor <strong>n\u00e3o abandona suas ovelhas<\/strong> quando surgem os lobos, mesmo que isso lhe custe a vida.<\/p>\n\n\n\n<h2 class=\"wp-block-heading\">5. Guia pr\u00e1tico para cat\u00f3licos: Como resistir \u00e0 ideologia de g\u00eanero<\/h2>\n\n\n\n<h3 class=\"wp-block-heading\">a) Forma\u00e7\u00e3o s\u00f3lida<\/h3>\n\n\n\n<p>Estude, aprofunde-se no Catecismo, leia documentos da Igreja como:<\/p>\n\n\n\n<ul class=\"wp-block-list\">\n<li><strong>&#8220;Carta aos Bispos da Igreja Cat\u00f3lica sobre a colabora\u00e7\u00e3o do homem e da mulher na Igreja e no mundo&#8221;<\/strong> (2004)<\/li>\n\n\n\n<li><strong>&#8220;Homem e mulher os criou&#8221;<\/strong>, da Congrega\u00e7\u00e3o para a Educa\u00e7\u00e3o Cat\u00f3lica (2019)<\/li>\n<\/ul>\n\n\n\n<p>N\u00e3o se deixe enganar por slogans emotivos! A ignor\u00e2ncia \u00e9 o primeiro passo para a escravid\u00e3o ideol\u00f3gica.<\/p>\n\n\n\n<h3 class=\"wp-block-heading\">b) Coragem no testemunho<\/h3>\n\n\n\n<p>N\u00e3o tenha medo de dizer, com respeito, a verdade sobre o homem e a mulher. <strong>N\u00e3o se conforme \u00e0s modas do tempo<\/strong>.<\/p>\n\n\n\n<p>Na educa\u00e7\u00e3o dos filhos, nos debates p\u00fablicos ou nas conversas privadas: <strong>testemunhe a verdade com amor e coragem<\/strong>.<\/p>\n\n\n\n<blockquote class=\"wp-block-quote is-layout-flow wp-block-quote-is-layout-flow\">\n<p>&#8220;Sede, pois, prudentes como as serpentes e simples como as pombas.&#8221; (Mateus 10, 16)<\/p>\n<\/blockquote>\n\n\n\n<h3 class=\"wp-block-heading\">c) Ora\u00e7\u00e3o e penit\u00eancia<\/h3>\n\n\n\n<p>A luta n\u00e3o \u00e9 apenas intelectual: <strong>\u00e9 espiritual<\/strong>. A confus\u00e3o de nossos tempos \u00e9 obra do Maligno, &#8220;pai da mentira&#8221; (Jo\u00e3o 8, 44).<\/p>\n\n\n\n<p>Reze todos os dias pela convers\u00e3o dos cora\u00e7\u00f5es, ofere\u00e7a sacrif\u00edcios e permane\u00e7a firmemente unido a Cristo pelos Sacramentos.<\/p>\n\n\n\n<h3 class=\"wp-block-heading\">d) Defesa ativa da fam\u00edlia<\/h3>\n\n\n\n<p>Apoie escolas, associa\u00e7\u00f5es, par\u00f3quias e movimentos que promovam a vis\u00e3o crist\u00e3 da fam\u00edlia e da sexualidade.<\/p>\n\n\n\n<p>A fam\u00edlia crist\u00e3 \u00e9 <strong>a primeira linha de defesa<\/strong> contra a ideologia de g\u00eanero!<\/p>\n\n\n\n<h2 class=\"wp-block-heading\">6. Esperan\u00e7a no cora\u00e7\u00e3o da batalha<\/h2>\n\n\n\n<p>Mesmo que o panorama pare\u00e7a sombrio, <strong>Cristo venceu o mundo<\/strong> (cf. Jo\u00e3o 16, 33). A verdade n\u00e3o ser\u00e1 destru\u00edda, pois \u00e9 mais forte que qualquer mentira. A Igreja j\u00e1 superou tempestades piores, saindo purificada e mais luminosa.<\/p>\n\n\n\n<p>A n\u00f3s cabe <strong>sermos fi\u00e9is<\/strong>, pequenos instrumentos nas m\u00e3os de Deus, semeadores de verdade e caridade, mesmo sem ver imediatamente os frutos.<\/p>\n\n\n\n<p>Recordemos as palavras de S\u00e3o Paulo:<\/p>\n\n\n\n<blockquote class=\"wp-block-quote is-layout-flow wp-block-quote-is-layout-flow\">\n<p>&#8220;Proclama a palavra, insiste oportuna e importunamente, repreende, amea\u00e7a, exorta com toda longanimidade e doutrina.&#8221; (2 Tim\u00f3teo 4, 2)<\/p>\n<\/blockquote>\n\n\n\n<hr class=\"wp-block-separator has-alpha-channel-opacity\"\/>\n\n\n\n<h1 class=\"wp-block-heading\">Conclus\u00e3o: Ser luz nas trevas<\/h1>\n\n\n\n<p>A ideologia de g\u00eanero representa um desafio hist\u00f3rico para os crist\u00e3os de hoje. N\u00e3o basta lamentar ou se esconder. \u00c9 necess\u00e1rio ir ao encontro do mundo, ser luz e sal numa sociedade perdida e ferida!<\/p>\n\n\n\n<p>A verdade sobre o homem e a mulher n\u00e3o \u00e9 um fardo, mas uma <strong>liberta\u00e7\u00e3o alegre<\/strong>. Viver na verdade \u00e9 ser plenamente humano e plenamente filho de Deus.<\/p>\n\n\n\n<p>N\u00e3o temas, portanto. <strong>Voc\u00ea n\u00e3o est\u00e1 sozinho<\/strong>. A Igreja, o Catecismo, a Sagrada Escritura e o pr\u00f3prio Cristo, ressuscitado e vencedor, est\u00e3o contigo.<\/p>\n\n\n\n<p><strong>&#8220;Tudo posso naquele que me fortalece.&#8221;<\/strong> (Filipenses 4, 13)<\/p>\n","protected":false},"excerpt":{"rendered":"<p>Introdu\u00e7\u00e3o: Um sil\u00eancio que clama ao c\u00e9u Vivemos tempos de grande confus\u00e3o. Palavras que antes tinham um significado claro \u2014 homem, mulher, fam\u00edlia \u2014 hoje parecem se dissolver numa n\u00e9voa de conceitos vagos. E enquanto tudo isso acontece, muitos pastores permanecem em sil\u00eancio. Por medo? Por diplomacia? Por confus\u00e3o? N\u00e3o sabemos. Mas uma coisa \u00e9 &hellip;<\/p>\n","protected":false},"author":3,"featured_media":3512,"comment_status":"open","ping_status":"open","sticky":false,"template":"","format":"standard","meta":{"_seopress_robots_primary_cat":"","_seopress_titles_title":"","_seopress_titles_desc":"","_seopress_robots_index":"","footnotes":""},"categories":[55,39],"tags":[1163],"class_list":["post-3511","post","type-post","status-publish","format-standard","has-post-thumbnail","","category-familia-e-matrimonio","category-moral-e-vida-crista","tag-ideologia-de-genero"],"_links":{"self":[{"href":"https:\/\/catholicus.eu\/pt\/wp-json\/wp\/v2\/posts\/3511","targetHints":{"allow":["GET"]}}],"collection":[{"href":"https:\/\/catholicus.eu\/pt\/wp-json\/wp\/v2\/posts"}],"about":[{"href":"https:\/\/catholicus.eu\/pt\/wp-json\/wp\/v2\/types\/post"}],"author":[{"embeddable":true,"href":"https:\/\/catholicus.eu\/pt\/wp-json\/wp\/v2\/users\/3"}],"replies":[{"embeddable":true,"href":"https:\/\/catholicus.eu\/pt\/wp-json\/wp\/v2\/comments?post=3511"}],"version-history":[{"count":1,"href":"https:\/\/catholicus.eu\/pt\/wp-json\/wp\/v2\/posts\/3511\/revisions"}],"predecessor-version":[{"id":3513,"href":"https:\/\/catholicus.eu\/pt\/wp-json\/wp\/v2\/posts\/3511\/revisions\/3513"}],"wp:featuredmedia":[{"embeddable":true,"href":"https:\/\/catholicus.eu\/pt\/wp-json\/wp\/v2\/media\/3512"}],"wp:attachment":[{"href":"https:\/\/catholicus.eu\/pt\/wp-json\/wp\/v2\/media?parent=3511"}],"wp:term":[{"taxonomy":"category","embeddable":true,"href":"https:\/\/catholicus.eu\/pt\/wp-json\/wp\/v2\/categories?post=3511"},{"taxonomy":"post_tag","embeddable":true,"href":"https:\/\/catholicus.eu\/pt\/wp-json\/wp\/v2\/tags?post=3511"}],"curies":[{"name":"wp","href":"https:\/\/api.w.org\/{rel}","templated":true}]}}