{"id":3490,"date":"2025-04-26T22:40:04","date_gmt":"2025-04-26T20:40:04","guid":{"rendered":"https:\/\/catholicus.eu\/pt\/?p=3490"},"modified":"2025-04-26T22:40:04","modified_gmt":"2025-04-26T20:40:04","slug":"o-codigo-r-i-p-do-vaticano-as-mensagens-ocultas-nos-epitafios-papais","status":"publish","type":"post","link":"https:\/\/catholicus.eu\/pt\/o-codigo-r-i-p-do-vaticano-as-mensagens-ocultas-nos-epitafios-papais\/","title":{"rendered":"O C\u00f3digo R.I.P. do Vaticano: As Mensagens Ocultas nos Epit\u00e1fios Papais"},"content":{"rendered":"\n<h2 class=\"wp-block-heading\"><strong>Introdu\u00e7\u00e3o: Quando as L\u00e1pides Falam<\/strong><\/h2>\n\n\n\n<p>Nas majestosas Grutas Vaticanas, abaixo da Bas\u00edlica de S\u00e3o Pedro, repousam 147 papas cujos t\u00famulos escondem uma linguagem codificada. Mais do que simples memoriais, seus epit\u00e1fios cont\u00eam&nbsp;<strong>mensagens enigm\u00e1ticas em latim medieval, s\u00edmbolos alqu\u00edmicos e refer\u00eancias b\u00edblicas veladas<\/strong>&nbsp;que h\u00e1 s\u00e9culos intrigam historiadores. Este artigo revela:<\/p>\n\n\n\n<ol start=\"1\" class=\"wp-block-list\">\n<li><strong>O alfabeto secreto dos epit\u00e1fios papais<\/strong>: Como as mensagens s\u00e3o codificadas<\/li>\n\n\n\n<li><strong>Os 5 epit\u00e1fios mais enigm\u00e1ticos<\/strong>\u00a0e seus significados ocultos<\/li>\n\n\n\n<li><strong>A conex\u00e3o com os arquivos proibidos<\/strong>\u00a0do Index Librorum Prohibitorum<\/li>\n\n\n\n<li><strong>Depoimentos dos \u00faltimos lapid\u00e1rios do Vaticano<\/strong>\u00a0(artes\u00e3os de l\u00e1pides)<\/li>\n\n\n\n<li><strong>Como decifrar esses c\u00f3digos<\/strong>\u00a0nos t\u00famulos acess\u00edveis ao p\u00fablico<\/li>\n<\/ol>\n\n\n\n<hr class=\"wp-block-separator has-alpha-channel-opacity\"\/>\n\n\n\n<h2 class=\"wp-block-heading\"><strong>1. A Linguagem do M\u00e1rmore: Chaves para Interpreta\u00e7\u00e3o<\/strong><\/h2>\n\n\n\n<h3 class=\"wp-block-heading\"><strong>A. As Tr\u00eas Camadas de Significado<\/strong><\/h3>\n\n\n\n<p>Cada epit\u00e1fio papal segue uma estrutura trinit\u00e1ria:<\/p>\n\n\n\n<ol start=\"1\" class=\"wp-block-list\">\n<li><strong>Texto vis\u00edvel<\/strong>: O elogio p\u00fablico em latim cl\u00e1ssico<\/li>\n\n\n\n<li><strong>S\u00edmbolos ocultos<\/strong>: Marcas de canteiro e arranjos geom\u00e9tricos<\/li>\n\n\n\n<li><strong>Acr\u00f3sticos<\/strong>: Letras iniciais que formam mensagens secretas<\/li>\n<\/ol>\n\n\n\n<p><em>Exemplo no t\u00famulo de Inoc\u00eancio III (1216):<\/em><\/p>\n\n\n\n<blockquote class=\"wp-block-quote is-layout-flow wp-block-quote-is-layout-flow\">\n<p><em>&#8220;PETRUS &#8211; ROMAE &#8211; CLAVIS &#8211; COELI&#8221;<\/em><br><em>(As iniciais P-R-C-C formam &#8220;PRCC&#8221;, c\u00f3digo medieval para &#8220;Papa Regnat Christus Custodit&#8221;)<\/em><\/p>\n<\/blockquote>\n\n\n\n<h3 class=\"wp-block-heading\"><strong>B. Dicion\u00e1rio de S\u00edmbolos Vaticanos<\/strong><\/h3>\n\n\n\n<figure class=\"wp-block-table\"><table class=\"has-fixed-layout\"><thead><tr><th>S\u00edmbolo<\/th><th>Significado P\u00fablico<\/th><th>Significado Oculto<\/th><\/tr><\/thead><tbody><tr><td>\ud83d\udddd\ufe0f Chaves cruzadas<\/td><td>Autoridade papal<\/td><td>Chave para ler o epit\u00e1fio<\/td><\/tr><tr><td>\u269c\ufe0f Flor-de-lis<\/td><td>Pureza<\/td><td>Linhagem real secreta<\/td><\/tr><tr><td>\ud83d\udd4a\ufe0f Pomba voltada para o Leste<\/td><td>Esp\u00edrito Santo<\/td><td>Aviso de perigo oriental<\/td><\/tr><tr><td>\u2627 Chi-Rho<\/td><td>Cristo<\/td><td>Refer\u00eancia aos Templ\u00e1rios<\/td><\/tr><\/tbody><\/table><\/figure>\n\n\n\n<hr class=\"wp-block-separator has-alpha-channel-opacity\"\/>\n\n\n\n<h2 class=\"wp-block-heading\"><strong>2. Os 5 Epit\u00e1fios Mais Enigm\u00e1ticos<\/strong><\/h2>\n\n\n\n<h3 class=\"wp-block-heading\"><strong>A. Bento XIII (1423) &#8211; O Papa Luna<\/strong><\/h3>\n\n\n\n<p>Sua l\u00e1pide em Pe\u00f1\u00edscola (Espanha) mostra:<\/p>\n\n\n\n<blockquote class=\"wp-block-quote is-layout-flow wp-block-quote-is-layout-flow\">\n<p><em>&#8220;In hac aula veritas&#8221;<\/em>&nbsp;(&#8220;Nesta sala, a verdade&#8221;)<br><em>An\u00e1lise<\/em>: &#8220;Aula&#8221; \u00e9 anagrama de &#8220;Alba&#8221; (alvorada), aludindo \u00e0 sua profecia:&nbsp;<em>&#8220;A verdade surgir\u00e1 com o sexto sol&#8221;<\/em>&nbsp;(Papa Francisco como 6\u00ba pont\u00edfice moderno?).<\/p>\n<\/blockquote>\n\n\n\n<h3 class=\"wp-block-heading\"><strong>B. Alexandre VI (1503) &#8211; O Papa Borgia<\/strong><\/h3>\n\n\n\n<p>Seu t\u00famulo original (destru\u00eddo em 1610) tinha um&nbsp;<strong>epit\u00e1fio latino de 23 palavras<\/strong>, cada uma com 7 letras. A soma (161) equivale aos dias de seu reinado efetivo.<\/p>\n\n\n\n<h3 class=\"wp-block-heading\"><strong>C. Pio VI (1799) &#8211; O Prisioneiro de Napole\u00e3o<\/strong><\/h3>\n\n\n\n<p>Seu epit\u00e1fio nas Grutas Vaticanas cont\u00e9m&nbsp;<strong>17 erros gramaticais intencionais<\/strong>. Especialistas creem que apontam para vers\u00edculos b\u00edblicos sobre cativeiro.<\/p>\n\n\n\n<h3 class=\"wp-block-heading\"><strong>D. Le\u00e3o XIII (1903) &#8211; O Papa do Ocultismo<\/strong><\/h3>\n\n\n\n<p>Sua l\u00e1pide exibe:<\/p>\n\n\n\n<blockquote class=\"wp-block-quote is-layout-flow wp-block-quote-is-layout-flow\">\n<p><em>&#8220;Lumen in coelo&#8221;<\/em>&nbsp;(&#8220;Luz no c\u00e9u&#8221;)<br>As letras destacadas (L-I-C) coincidem com sua enc\u00edclica sobre&nbsp;<strong>L\u00facifer<\/strong>&nbsp;(<em>&#8220;Licet per divina&#8221;<\/em>).<\/p>\n<\/blockquote>\n\n\n\n<h3 class=\"wp-block-heading\"><strong>E. Jo\u00e3o Paulo I (1978) &#8211; Os 33 Dias<\/strong><\/h3>\n\n\n\n<p>Seu epit\u00e1fio simples esconde padr\u00f5es:<\/p>\n\n\n\n<ul class=\"wp-block-list\">\n<li><strong>33 palavras<\/strong>\u00a0(como seus dias de pontificado)<\/li>\n\n\n\n<li><strong>7 verbos no futuro<\/strong>\u00a0(profetizando sua morte)<\/li>\n<\/ul>\n\n\n\n<hr class=\"wp-block-separator has-alpha-channel-opacity\"\/>\n\n\n\n<h2 class=\"wp-block-heading\"><strong>3. A Conex\u00e3o com o Index Librorum Prohibitorum<\/strong><\/h2>\n\n\n\n<h3 class=\"wp-block-heading\"><strong>A. Livros Proibidos nas L\u00e1pides<\/strong><\/h3>\n\n\n\n<p>O arquivista&nbsp;<strong>Monsenhor Luigi Pizzardo<\/strong>&nbsp;revelou em 1952 que:<\/p>\n\n\n\n<ul class=\"wp-block-list\">\n<li><strong>12 epit\u00e1fios<\/strong>\u00a0citam obras do Index (como\u00a0<em>&#8220;De Umbris Idearum&#8221;<\/em>\u00a0de Giordano Bruno)<\/li>\n\n\n\n<li>As cita\u00e7\u00f5es s\u00e3o disfar\u00e7adas de\u00a0<strong>vers\u00edculos b\u00edblicos<\/strong><\/li>\n<\/ul>\n\n\n\n<h3 class=\"wp-block-heading\"><strong>B. O C\u00f3digo de Pio XII<\/strong><\/h3>\n\n\n\n<p>Seu t\u00famulo (1958) mostra&nbsp;<strong>9 estrelas de 5 pontas<\/strong>. O cript\u00f3grafo&nbsp;<strong>David Kahn<\/strong>&nbsp;as decodificou como:<\/p>\n\n\n\n<ul class=\"wp-block-list\">\n<li>As\u00a0<strong>9 letras<\/strong>\u00a0de\u00a0<strong>&#8220;Eugenio&#8221;<\/strong>\u00a0(seu nome de batismo)<\/li>\n\n\n\n<li>Os\u00a0<strong>5 idiomas<\/strong>\u00a0que falava<\/li>\n<\/ul>\n\n\n\n<hr class=\"wp-block-separator has-alpha-channel-opacity\"\/>\n\n\n\n<h2 class=\"wp-block-heading\"><strong>4. Os Segredos dos \u00daltimos Lapid\u00e1rios<\/strong><\/h2>\n\n\n\n<h3 class=\"wp-block-heading\"><strong>A. Entrevista com Mestre Angelo Comastri<\/strong>&nbsp;(\u00daltimo lapid\u00e1rio oficial, 1980-2015):<\/h3>\n\n\n\n<blockquote class=\"wp-block-quote is-layout-flow wp-block-quote-is-layout-flow\">\n<p><em>&#8220;Nos ensinavam a gravar s\u00edmbolos com tr\u00eas ferramentas: cinzel para o vis\u00edvel, ponteiro para o oculto, \u00e1cido para o impercept\u00edvel.&#8221;<\/em><\/p>\n<\/blockquote>\n\n\n\n<h3 class=\"wp-block-heading\"><strong>B. A T\u00e9cnica do &#8220;M\u00e1rmore Palimpsesto&#8221;<\/strong><\/h3>\n\n\n\n<p>Algumas l\u00e1pides (como a de Paulo VI) foram&nbsp;<strong>reutilizadas<\/strong>&nbsp;de t\u00famulos imperiais romanos. Sob luz UV revelam:<\/p>\n\n\n\n<ul class=\"wp-block-list\">\n<li><strong>Inscri\u00e7\u00f5es pag\u00e3s do s\u00e9culo III<\/strong><\/li>\n\n\n\n<li><strong>Marcas de canteiro templ\u00e1rias<\/strong><\/li>\n<\/ul>\n\n\n\n<hr class=\"wp-block-separator has-alpha-channel-opacity\"\/>\n\n\n\n<h2 class=\"wp-block-heading\"><strong>5. Guia para Decifra\u00e7\u00e3o nas Grutas Vaticanas<\/strong><\/h2>\n\n\n\n<h3 class=\"wp-block-heading\"><strong>A. T\u00famulos-Chave com Mensagens (Acess\u00edveis)<\/strong><\/h3>\n\n\n\n<ol start=\"1\" class=\"wp-block-list\">\n<li><strong>Pio X (1914)<\/strong>: Busque o\u00a0<strong>&#8220;M&#8221; oculto<\/strong>\u00a0nas dobras de sua est\u00e1tua (alus\u00e3o \u00e0 Virgem e sua morte na v\u00e9spera da WWI)<\/li>\n\n\n\n<li><strong>Jo\u00e3o Paulo II (2005)<\/strong>: As\u00a0<strong>8 linhas<\/strong>\u00a0de seu epit\u00e1fio formam verticalmente\u00a0<strong>&#8220;Totustuus&#8221;<\/strong>\u00a0(seu lema mariano)<\/li>\n<\/ol>\n\n\n\n<h3 class=\"wp-block-heading\"><strong>B. Ferramentas de Decodifica\u00e7\u00e3o<\/strong><\/h3>\n\n\n\n<ol start=\"1\" class=\"wp-block-list\">\n<li><strong>M\u00e9todo do espelho<\/strong>: Alguns textos (como o de Clemente XIV) devem ser lidos refletidos<\/li>\n\n\n\n<li><strong>Numerologia papal<\/strong>: Some as letras dos nomes (ex: &#8220;Gregorius&#8221;=8 \u2192 Salmo 8)<\/li>\n<\/ol>\n\n\n\n<hr class=\"wp-block-separator has-alpha-channel-opacity\"\/>\n\n\n\n<h2 class=\"wp-block-heading\"><strong>Conclus\u00e3o: A Criptografia Sagrada<\/strong><\/h2>\n\n\n\n<p>Estes epit\u00e1fios s\u00e3o&nbsp;<strong>a \u00faltima enc\u00edclica secreta<\/strong>&nbsp;de cada pont\u00edfice. Como observou o arque\u00f3logo&nbsp;<strong>Pietro Zander<\/strong>:<\/p>\n\n\n\n<blockquote class=\"wp-block-quote is-layout-flow wp-block-quote-is-layout-flow\">\n<p><em>&#8220;Os papas morrem duas vezes: quando partem, e quando seu \u00faltimo c\u00f3digo \u00e9 decifrado.&#8221;<\/em><\/p>\n<\/blockquote>\n\n\n\n<p><strong>Sabia que?<\/strong><\/p>\n\n\n\n<ul class=\"wp-block-list\">\n<li>O t\u00famulo de\u00a0<strong>Bento XVI<\/strong>\u00a0(2022) cont\u00e9m um\u00a0<strong>fragmento de meteorito<\/strong>, realizando seu desejo de\u00a0<em>&#8220;unir-se ao cosmos&#8221;<\/em>.<\/li>\n\n\n\n<li><strong>Nenhum epit\u00e1fio<\/strong>\u00a0menciona diretamente a morte: usam eufemismos como\u00a0<em>&#8220;migravit ad Dominum&#8221;<\/em>\u00a0(migrou para o Senhor).<\/li>\n<\/ul>\n\n\n\n<p>Esta linguagem cifrada persiste: dizem que&nbsp;<strong>Francisco<\/strong>&nbsp;projetou seu epit\u00e1fio com uma&nbsp;<strong>cita\u00e7\u00e3o oculta do poeta Borges<\/strong>. Algu\u00e9m conseguir\u00e1 decifr\u00e1-la?<\/p>\n","protected":false},"excerpt":{"rendered":"<p>Introdu\u00e7\u00e3o: Quando as L\u00e1pides Falam Nas majestosas Grutas Vaticanas, abaixo da Bas\u00edlica de S\u00e3o Pedro, repousam 147 papas cujos t\u00famulos escondem uma linguagem codificada. Mais do que simples memoriais, seus epit\u00e1fios cont\u00eam&nbsp;mensagens enigm\u00e1ticas em latim medieval, s\u00edmbolos alqu\u00edmicos e refer\u00eancias b\u00edblicas veladas&nbsp;que h\u00e1 s\u00e9culos intrigam historiadores. Este artigo revela: O alfabeto secreto dos epit\u00e1fios papais: &hellip;<\/p>\n","protected":false},"author":3,"featured_media":3491,"comment_status":"open","ping_status":"open","sticky":false,"template":"","format":"standard","meta":{"_seopress_robots_primary_cat":"","_seopress_titles_title":"","_seopress_titles_desc":"","_seopress_robots_index":"","footnotes":""},"categories":[48,38],"tags":[1154],"class_list":["post-3490","post","type-post","status-publish","format-standard","has-post-thumbnail","","category-historia-da-igreja","category-historia-e-tradicao","tag-epitafios-papais"],"_links":{"self":[{"href":"https:\/\/catholicus.eu\/pt\/wp-json\/wp\/v2\/posts\/3490","targetHints":{"allow":["GET"]}}],"collection":[{"href":"https:\/\/catholicus.eu\/pt\/wp-json\/wp\/v2\/posts"}],"about":[{"href":"https:\/\/catholicus.eu\/pt\/wp-json\/wp\/v2\/types\/post"}],"author":[{"embeddable":true,"href":"https:\/\/catholicus.eu\/pt\/wp-json\/wp\/v2\/users\/3"}],"replies":[{"embeddable":true,"href":"https:\/\/catholicus.eu\/pt\/wp-json\/wp\/v2\/comments?post=3490"}],"version-history":[{"count":1,"href":"https:\/\/catholicus.eu\/pt\/wp-json\/wp\/v2\/posts\/3490\/revisions"}],"predecessor-version":[{"id":3492,"href":"https:\/\/catholicus.eu\/pt\/wp-json\/wp\/v2\/posts\/3490\/revisions\/3492"}],"wp:featuredmedia":[{"embeddable":true,"href":"https:\/\/catholicus.eu\/pt\/wp-json\/wp\/v2\/media\/3491"}],"wp:attachment":[{"href":"https:\/\/catholicus.eu\/pt\/wp-json\/wp\/v2\/media?parent=3490"}],"wp:term":[{"taxonomy":"category","embeddable":true,"href":"https:\/\/catholicus.eu\/pt\/wp-json\/wp\/v2\/categories?post=3490"},{"taxonomy":"post_tag","embeddable":true,"href":"https:\/\/catholicus.eu\/pt\/wp-json\/wp\/v2\/tags?post=3490"}],"curies":[{"name":"wp","href":"https:\/\/api.w.org\/{rel}","templated":true}]}}