{"id":3455,"date":"2025-04-24T11:16:01","date_gmt":"2025-04-24T09:16:01","guid":{"rendered":"https:\/\/catholicus.eu\/pt\/?p=3455"},"modified":"2025-07-02T23:16:05","modified_gmt":"2025-07-02T21:16:05","slug":"dallegitto-pagano-al-cuore-della-cristianita-il-mistero-dellobelisco-in-piazza-san-pietro","status":"publish","type":"post","link":"https:\/\/catholicus.eu\/pt\/dallegitto-pagano-al-cuore-della-cristianita-il-mistero-dellobelisco-in-piazza-san-pietro\/","title":{"rendered":"Do Egito pag\u00e3o ao cora\u00e7\u00e3o da Cristandade: O mist\u00e9rio do obelisco na Pra\u00e7a de S\u00e3o Pedro"},"content":{"rendered":"\n<p><strong>INTRODU\u00c7\u00c3O<\/strong><\/p>\n\n\n\n<p>Voc\u00ea com certeza j\u00e1 o viu \u2014 em postais, fotos ou talvez durante uma peregrina\u00e7\u00e3o a Roma: no centro da majestosa Pra\u00e7a de S\u00e3o Pedro, como um dedo apontando para o c\u00e9u, ergue-se um imponente obelisco eg\u00edpcio. Mas o que faz um s\u00edmbolo pag\u00e3o no cora\u00e7\u00e3o da Cristandade? N\u00e3o seria contradit\u00f3rio ver um artefato do antigo Egito \u2014 terra de \u00eddolos e magias fara\u00f4nicas \u2014 no centro do lugar mais sagrado para os crist\u00e3os?<\/p>\n\n\n\n<p>Este obelisco \u00e9 muito mais do que um elemento decorativo ou uma curiosidade arquitet\u00f4nica. Ele \u00e9 um <strong>poderoso sinal espiritual<\/strong>, um <strong>testemunho de vit\u00f3ria<\/strong>, uma <strong>li\u00e7\u00e3o teol\u00f3gica viva<\/strong>. Sua presen\u00e7a n\u00e3o s\u00f3 tem um significado hist\u00f3rico profundo, mas tamb\u00e9m uma relev\u00e2ncia espiritual para o nosso tempo, capaz de transformar nosso olhar sobre o mundo, sobre a f\u00e9 e sobre o triunfo de Cristo.<\/p>\n\n\n\n<p>Este artigo convida voc\u00ea a uma jornada fascinante atrav\u00e9s da hist\u00f3ria desta antiga pedra: de suas origens pag\u00e3s \u00e0 sua consagra\u00e7\u00e3o crist\u00e3; das areias do Egito ao monte Vaticano. Prepare-se para descobrir n\u00e3o apenas um monumento, mas uma <strong>mensagem<\/strong> que ainda hoje ressoa \u2014 mais atual do que nunca.<\/p>\n\n\n\n<hr class=\"wp-block-separator has-alpha-channel-opacity\"\/>\n\n\n\n<h2 class=\"wp-block-heading\"><strong>1. Uma pedra do Nilo na Cidade Eterna: As origens do obelisco<\/strong><\/h2>\n\n\n\n<p>Este obelisco foi esculpido h\u00e1 mais de 3.000 anos nas pedreiras do Alto Egito sob o fara\u00f3 Menkaur\u00e9 (ou Menker\u00e9s), por volta de 1300 a.C. Sua fun\u00e7\u00e3o original era religiosa: como todos os obeliscos, simbolizava o deus-sol R\u00e1, representava a for\u00e7a divina e o poder do fara\u00f3, e era centro de rituais m\u00e1gicos e astrol\u00f3gicos. Os obeliscos eram considerados talism\u00e3s sagrados do poder solar.<\/p>\n\n\n\n<p>Ap\u00f3s a conquista romana do Egito, o obelisco foi transferido para Alexandria por ordem do imperador Augusto. Posteriormente, foi o imperador Cal\u00edgula quem o mandou trazer a Roma no s\u00e9culo I d.C., para coloc\u00e1-lo em seu circo particular \u2014 o <strong>Circo de Nero<\/strong> \u2014 que ficava exatamente onde hoje se ergue a Bas\u00edlica de S\u00e3o Pedro.<\/p>\n\n\n\n<p>Ali, \u00e0 sombra do obelisco, ocorreram terr\u00edveis persegui\u00e7\u00f5es contra os crist\u00e3os. Sobre esse solo, hoje pisado por peregrinos, muitos crist\u00e3os foram martirizados. Segundo a tradi\u00e7\u00e3o, entre eles estava o pr\u00f3prio ap\u00f3stolo Pedro, crucificado de cabe\u00e7a para baixo nas proximidades do obelisco.<\/p>\n\n\n\n<hr class=\"wp-block-separator has-alpha-channel-opacity\"\/>\n\n\n\n<h2 class=\"wp-block-heading\"><strong>2. De s\u00edmbolo da idolatria a testemunha do mart\u00edrio: A reden\u00e7\u00e3o de um sinal<\/strong><\/h2>\n\n\n\n<p>Durante s\u00e9culos, o obelisco permaneceu uma <strong>testemunha silenciosa<\/strong> do sangue derramado nos prim\u00f3rdios da Igreja. N\u00e3o carregava nenhum s\u00edmbolo crist\u00e3o, era ainda um resqu\u00edcio pag\u00e3o no cora\u00e7\u00e3o da f\u00e9.<\/p>\n\n\n\n<p>Mas em 1586, o Papa Sisto V tomou uma decis\u00e3o <strong>prof\u00e9tica<\/strong>: ordenou que o obelisco fosse transferido para o centro da nova pra\u00e7a que se formava diante da bas\u00edlica. O arquiteto Domenico Fontana recebeu essa monumental miss\u00e3o.<\/p>\n\n\n\n<p>O transporte foi uma fa\u00e7anha de engenharia e espiritualidade extraordin\u00e1ria. Mais de 900 homens foram empregados, 75 cavalos, guindastes e roldanas. Mas o que mais impressionou foi o gesto simb\u00f3lico do Papa: <strong>ele n\u00e3o o fez por decora\u00e7\u00e3o, mas por reden\u00e7\u00e3o.<\/strong> O obelisco precisava ser <strong>cristianizado<\/strong>.<\/p>\n\n\n\n<hr class=\"wp-block-separator has-alpha-channel-opacity\"\/>\n\n\n\n<h2 class=\"wp-block-heading\"><strong>3. O rito da reden\u00e7\u00e3o: O exorcismo do obelisco<\/strong><\/h2>\n\n\n\n<p>Antes de ser erguido, o obelisco foi submetido a um <strong>solene rito de exorcismo<\/strong> ordenado por Sisto V. Foi aspergido com \u00e1gua benta, foram recitadas ora\u00e7\u00f5es, e finalmente foi colocada em seu topo uma <strong>grande cruz de bronze<\/strong>. Dentro desta cruz, segundo documentos do Vaticano, foram inseridas <strong>rel\u00edquias da verdadeira Cruz de Cristo<\/strong>.<\/p>\n\n\n\n<p>Assim, o s\u00edmbolo do deus pag\u00e3o R\u00e1 foi submetido ao poder do \u00fanico Deus verdadeiro. <strong>A Cruz triunfava sobre o Sol<\/strong>, e a madeira da salva\u00e7\u00e3o coroava a pedra da idolatria. O obelisco, que um dia fora espectador de cultos pag\u00e3os, tornou-se <strong>testemunha do mart\u00edrio<\/strong>. Aquilo que fora constru\u00eddo para glorificar imperadores, agora <strong>servia para glorificar Cristo<\/strong>.<\/p>\n\n\n\n<blockquote class=\"wp-block-quote is-layout-flow wp-block-quote-is-layout-flow\">\n<p><strong>\u201cO Senhor disse a Mois\u00e9s: \u2018Faz para ti uma serpente de bronze e coloca-a sobre uma haste; todo aquele que for mordido e olhar para ela viver\u00e1.\u2019\u201d<\/strong> (N\u00fameros 21,8)<br>Este vers\u00edculo ganha aqui um novo sentido espiritual: aquilo que foi causa de morte, no sinal da f\u00e9, torna-se instrumento de salva\u00e7\u00e3o.<\/p>\n<\/blockquote>\n\n\n\n<hr class=\"wp-block-separator has-alpha-channel-opacity\"\/>\n\n\n\n<h2 class=\"wp-block-heading\"><strong>4. O que este obelisco nos diz hoje? Significado teol\u00f3gico e pastoral<\/strong><\/h2>\n\n\n\n<h3 class=\"wp-block-heading\"><strong>4.1. A Cruz conquista o mundo<\/strong><\/h3>\n\n\n\n<p>Este obelisco, antigo como o pecado do homem, nos recorda uma grande verdade: <strong>a gra\u00e7a pode redimir at\u00e9 o que \u00e9 mais impuro<\/strong>. Deus n\u00e3o destr\u00f3i: transforma. Cristo n\u00e3o veio eliminar o mundo, mas salv\u00e1-lo desde dentro.<\/p>\n\n\n\n<p>Assim como o obelisco foi transformado, tamb\u00e9m <strong>voc\u00ea pode ser<\/strong>. Seu passado, suas feridas, seus erros \u2014 nada disso te define. Se voc\u00ea permitir que a Cruz te coroe, voc\u00ea se tornar\u00e1 um sinal de gra\u00e7a.<\/p>\n\n\n\n<h3 class=\"wp-block-heading\"><strong>4.2. A hist\u00f3ria se torna liturgia<\/strong><\/h3>\n\n\n\n<p>Cada vez que um peregrino reza na Pra\u00e7a de S\u00e3o Pedro, esse monumento pag\u00e3o participa, de certo modo, da liturgia. <strong>A Igreja n\u00e3o apaga a hist\u00f3ria \u2013 ela a santifica.<\/strong> Este sinal nos recorda que o crist\u00e3o \u00e9 chamado a <em>reconquistar o mundo para Cristo<\/em>, n\u00e3o a fugir dele.<\/p>\n\n\n\n<h3 class=\"wp-block-heading\"><strong>4.3. A vida crist\u00e3: uma pedra que aponta para o c\u00e9u<\/strong><\/h3>\n\n\n\n<p>O obelisco aponta para o c\u00e9u. Assim tamb\u00e9m deve ser a sua vida: elevada, orientada para Deus, firme e silenciosa no barulho do mundo. Em uma \u00e9poca que se assemelha cada vez mais ao Egito pag\u00e3o, o crist\u00e3o deve ser uma <strong>pedra ereta<\/strong>, im\u00f3vel, coroada pela Cruz.<\/p>\n\n\n\n<hr class=\"wp-block-separator has-alpha-channel-opacity\"\/>\n\n\n\n<h2 class=\"wp-block-heading\"><strong>5. Aplica\u00e7\u00f5es pr\u00e1ticas: Viver a espiritualidade do obelisco<\/strong><\/h2>\n\n\n\n<h3 class=\"wp-block-heading\"><strong>1. Examine os seus s\u00edmbolos<\/strong><\/h3>\n\n\n\n<p>Quais objetos, imagens, h\u00e1bitos na sua vida ainda pertencem ao \u201cEgito\u201d do seu passado? O que precisa ser exorcizado, aben\u00e7oado, transformado? Assim como o Papa colocou a cruz sobre o obelisco, tamb\u00e9m voc\u00ea deve <strong>colocar a Cruz sobre tudo<\/strong>. Fa\u00e7a isso com consci\u00eancia. Fa\u00e7a isso em ora\u00e7\u00e3o.<\/p>\n\n\n\n<h3 class=\"wp-block-heading\"><strong>2. N\u00e3o destrua \u2013 redima<\/strong><\/h3>\n\n\n\n<p>O mundo de hoje precisa de crist\u00e3os que n\u00e3o fujam do mundo, mas o transformem. Aprenda a reconhecer as sementes da verdade mesmo onde ningu\u00e9m as v\u00ea. Pergunte-se como Sisto V: <strong>\u201cComo isto pode glorificar a Deus?\u201d<\/strong><\/p>\n\n\n\n<h3 class=\"wp-block-heading\"><strong>3. Persevere na persegui\u00e7\u00e3o<\/strong><\/h3>\n\n\n\n<p>O obelisco viu o mart\u00edrio. A verdadeira f\u00e9 n\u00e3o se vive no conforto, mas no sacrif\u00edcio. Se voc\u00ea sofre por sua fidelidade, lembre-se: <strong>voc\u00ea est\u00e1 \u2018sob o obelisco\u2019<\/strong>. Seu testemunho n\u00e3o \u00e9 em v\u00e3o. \u00c9 precisamente ali que a Igreja se eleva.<\/p>\n\n\n\n<hr class=\"wp-block-separator has-alpha-channel-opacity\"\/>\n\n\n\n<h2 class=\"wp-block-heading\"><strong>6. Uma medita\u00e7\u00e3o espiritual aos p\u00e9s do obelisco<\/strong><\/h2>\n\n\n\n<p>Se um dia voc\u00ea visitar Roma, ou ver uma foto da Pra\u00e7a de S\u00e3o Pedro, pare um momento e contemple aquela pedra. Fa\u00e7a dela uma <strong>ora\u00e7\u00e3o silenciosa<\/strong>. Imagine:<\/p>\n\n\n\n<ul class=\"wp-block-list\">\n<li>O sol eg\u00edpcio que um dia a iluminou\u2026 substitu\u00eddo pela luz de Cristo.<\/li>\n\n\n\n<li>A areia do deserto\u2026 substitu\u00edda pelo sangue dos m\u00e1rtires.<\/li>\n\n\n\n<li>O sil\u00eancio da idolatria\u2026 substitu\u00eddo pelos cantos dos peregrinos.<\/li>\n<\/ul>\n\n\n\n<p><strong>Reze ali.<\/strong> Medite sobre o triunfo da Cruz. E n\u00e3o se esque\u00e7a: <strong>voc\u00ea tamb\u00e9m \u00e9 chamado a ser um \u201cobelisco crist\u00e3o\u201d: firme, elevado, redimido, voltado para o c\u00e9u.<\/strong><\/p>\n\n\n\n<hr class=\"wp-block-separator has-alpha-channel-opacity\"\/>\n\n\n\n<p><strong>CONCLUS\u00c3O: UM MONUMENTO, UMA VOCA\u00c7\u00c3O<\/strong><\/p>\n\n\n\n<p>Num mundo que cada vez mais se assemelha ao Egito dos fara\u00f3s, o obelisco da Pra\u00e7a de S\u00e3o Pedro proclama com for\u00e7a uma mensagem: <strong>a Cruz n\u00e3o destr\u00f3i \u2013 redime. N\u00e3o apaga a hist\u00f3ria \u2013 preenche-a de gra\u00e7a.<\/strong><\/p>\n\n\n\n<p>Que tamb\u00e9m voc\u00ea possa viver essa reden\u00e7\u00e3o. Que o seu passado, como o do obelisco, <strong>n\u00e3o te esmague\u2026 mas te eleve<\/strong>. E no cora\u00e7\u00e3o de um mundo cada vez mais escuro, <strong>seja uma pedra ereta da f\u00e9<\/strong>, que grita a todos: <strong>Cristo reina\u2026 e seu Reino n\u00e3o ter\u00e1 fim.<\/strong><\/p>\n\n\n\n<blockquote class=\"wp-block-quote is-layout-flow wp-block-quote-is-layout-flow\">\n<p><strong>\u201cO Senhor reina, est\u00e1 vestido de majestade.\u201d<\/strong> (Salmo 93,1)<\/p>\n\n\n\n<p><\/p>\n<\/blockquote>\n","protected":false},"excerpt":{"rendered":"<p>INTRODU\u00c7\u00c3O Voc\u00ea com certeza j\u00e1 o viu \u2014 em postais, fotos ou talvez durante uma peregrina\u00e7\u00e3o a Roma: no centro da majestosa Pra\u00e7a de S\u00e3o Pedro, como um dedo apontando para o c\u00e9u, ergue-se um imponente obelisco eg\u00edpcio. Mas o que faz um s\u00edmbolo pag\u00e3o no cora\u00e7\u00e3o da Cristandade? N\u00e3o seria contradit\u00f3rio ver um artefato &hellip;<\/p>\n","protected":false},"author":3,"featured_media":3456,"comment_status":"open","ping_status":"open","sticky":false,"template":"","format":"standard","meta":{"_seopress_robots_primary_cat":"","_seopress_titles_title":"","_seopress_titles_desc":"","_seopress_robots_index":"","footnotes":""},"categories":[66,41],"tags":[1142,1143],"class_list":["post-3455","post","type-post","status-publish","format-standard","has-post-thumbnail","","category-cultura-popular-e-catolicismo","category-fe-e-cultura","tag-obelisco","tag-piazza-san-pietro"],"_links":{"self":[{"href":"https:\/\/catholicus.eu\/pt\/wp-json\/wp\/v2\/posts\/3455","targetHints":{"allow":["GET"]}}],"collection":[{"href":"https:\/\/catholicus.eu\/pt\/wp-json\/wp\/v2\/posts"}],"about":[{"href":"https:\/\/catholicus.eu\/pt\/wp-json\/wp\/v2\/types\/post"}],"author":[{"embeddable":true,"href":"https:\/\/catholicus.eu\/pt\/wp-json\/wp\/v2\/users\/3"}],"replies":[{"embeddable":true,"href":"https:\/\/catholicus.eu\/pt\/wp-json\/wp\/v2\/comments?post=3455"}],"version-history":[{"count":2,"href":"https:\/\/catholicus.eu\/pt\/wp-json\/wp\/v2\/posts\/3455\/revisions"}],"predecessor-version":[{"id":4363,"href":"https:\/\/catholicus.eu\/pt\/wp-json\/wp\/v2\/posts\/3455\/revisions\/4363"}],"wp:featuredmedia":[{"embeddable":true,"href":"https:\/\/catholicus.eu\/pt\/wp-json\/wp\/v2\/media\/3456"}],"wp:attachment":[{"href":"https:\/\/catholicus.eu\/pt\/wp-json\/wp\/v2\/media?parent=3455"}],"wp:term":[{"taxonomy":"category","embeddable":true,"href":"https:\/\/catholicus.eu\/pt\/wp-json\/wp\/v2\/categories?post=3455"},{"taxonomy":"post_tag","embeddable":true,"href":"https:\/\/catholicus.eu\/pt\/wp-json\/wp\/v2\/tags?post=3455"}],"curies":[{"name":"wp","href":"https:\/\/api.w.org\/{rel}","templated":true}]}}