{"id":3339,"date":"2025-04-18T20:08:14","date_gmt":"2025-04-18T18:08:14","guid":{"rendered":"https:\/\/catholicus.eu\/pt\/?p=3339"},"modified":"2025-04-18T20:08:14","modified_gmt":"2025-04-18T18:08:14","slug":"as-saetas-que-comoveram-o-ceu-quando-o-canto-de-rua-se-torna-oracao","status":"publish","type":"post","link":"https:\/\/catholicus.eu\/pt\/as-saetas-que-comoveram-o-ceu-quando-o-canto-de-rua-se-torna-oracao\/","title":{"rendered":"As Saetas que Comoveram o C\u00e9u: Quando o canto de rua se torna ora\u00e7\u00e3o"},"content":{"rendered":"\n<h3 class=\"wp-block-heading\">Introdu\u00e7\u00e3o: Quando a rua vira altar e a voz se torna incenso<\/h3>\n\n\n\n<p>No cora\u00e7\u00e3o vibrante da Semana Santa andaluza, entre o sil\u00eancio carregado de emo\u00e7\u00e3o e o cheiro do incenso que sobe pelas ruelas de pedra, ergue-se uma voz \u2014 vibrante, \u00e1spera, viva. Uma voz que n\u00e3o canta por arte, mas por f\u00e9; que n\u00e3o busca aplausos, mas o C\u00e9u. Esta \u00e9 a <strong>Saeta<\/strong>: um canto lan\u00e7ado como flecha em brasa ao cora\u00e7\u00e3o do Crucificado e de sua M\u00e3e Dolorosa.<\/p>\n\n\n\n<p>A <em>Saeta<\/em> n\u00e3o \u00e9 apenas uma express\u00e3o cultural ou folcl\u00f3rica. \u00c9 muito mais: <strong>uma ora\u00e7\u00e3o popular, um lamento em forma de arte, uma das express\u00f5es mais puras do povo crente que canta a Deus da rua com voz entrecortada<\/strong>. E como tudo o que nasce da alma, atravessou s\u00e9culos, guerras, seculariza\u00e7\u00f5es e indiferen\u00e7as\u2026 e continua a comover o C\u00e9u.<\/p>\n\n\n\n<p>Neste artigo, vamos explorar a origem, a hist\u00f3ria e a evolu\u00e7\u00e3o da <em>Saeta<\/em>, mas sobretudo a sua dimens\u00e3o espiritual, que a torna mais do que m\u00fasica: <strong>\u00e9 m\u00edstica das ruas<\/strong>, catequese improvisada, clamor da alma ao Eterno.<\/p>\n\n\n\n<hr class=\"wp-block-separator has-alpha-channel-opacity\"\/>\n\n\n\n<h3 class=\"wp-block-heading\">I. O que \u00e9 uma <em>Saeta<\/em>? Uma defini\u00e7\u00e3o que vai al\u00e9m dos dicion\u00e1rios<\/h3>\n\n\n\n<p>O dicion\u00e1rio nos diz que uma <em>Saeta<\/em> \u00e9 um &#8220;canto religioso andaluz, curto e apaixonado, sem acompanhamento instrumental, executado durante a Semana Santa&#8221;. Mas essa defini\u00e7\u00e3o \u00e9 limitada.<\/p>\n\n\n\n<p>A palavra <strong>&#8220;Saeta&#8221;<\/strong> vem do latim <em>sagitta<\/em>, que significa &#8220;flecha&#8221;. E \u00e9 exatamente isso: <strong>uma flecha de amor e dor lan\u00e7ada ao C\u00e9u<\/strong>. Um grito que nasce do cora\u00e7\u00e3o do povo e atravessa o Mist\u00e9rio do Cristo sofredor e de sua M\u00e3e.<\/p>\n\n\n\n<p>As <em>Saetas<\/em> n\u00e3o seguem partituras. Nascem do sil\u00eancio tenso quando passa a prociss\u00e3o. Cantam-se das sacadas, ou diretamente da rua. E ali, sem microfones ou palcos, a voz se ergue \u2013 e sacode a alma. A <em>Saeta<\/em> n\u00e3o entret\u00e9m: <strong>transpassa<\/strong>. N\u00e3o se canta: <strong>reza-se<\/strong>.<\/p>\n\n\n\n<hr class=\"wp-block-separator has-alpha-channel-opacity\"\/>\n\n\n\n<h3 class=\"wp-block-heading\">II. Origem: Do convento \u00e0 rua<\/h3>\n\n\n\n<p>Ainda que hoje muitos associem a <em>Saeta<\/em> ao flamenco, suas ra\u00edzes s\u00e3o muito mais antigas e profundamente espirituais.<\/p>\n\n\n\n<h4 class=\"wp-block-heading\">a) A Saeta primitiva: ora\u00e7\u00e3o franciscana<\/h4>\n\n\n\n<p>No s\u00e9culo XVI, os franciscanos adotaram uma forma de prega\u00e7\u00e3o cantada popular, feita de breves invoca\u00e7\u00f5es religiosas. Eram versos recitados ou entoados, muitas vezes durante as esta\u00e7\u00f5es da Via Sacra ou nas celebra\u00e7\u00f5es da Semana Santa.<\/p>\n\n\n\n<p>Eram <strong>verdadeiros exerc\u00edcios de contempla\u00e7\u00e3o p\u00fablica<\/strong>, uma esp\u00e9cie de prega\u00e7\u00e3o cantada, sem preocupa\u00e7\u00e3o est\u00e9tica, mas com profundo efeito espiritual. Serviam para <strong>tocar o cora\u00e7\u00e3o, convidar \u00e0 convers\u00e3o, suscitar compaix\u00e3o<\/strong>.<\/p>\n\n\n\n<h4 class=\"wp-block-heading\">b) Do convento \u00e0 rua<\/h4>\n\n\n\n<p>Com o tempo, essa forma de ora\u00e7\u00e3o saiu dos claustros e enraizou-se no povo. E ali, no cora\u00e7\u00e3o religioso, expressivo e art\u00edstico da Andaluzia, come\u00e7ou a evoluir.<\/p>\n\n\n\n<p>Fundiu-se com a tradi\u00e7\u00e3o oral, com o <em>cante jondo<\/em>, com a paix\u00e3o do flamenco \u2013 e dessa fus\u00e3o nasceu a <strong>Saeta flamenca<\/strong>, um desenvolvimento que conservou o esp\u00edrito religioso, mas ganhou uma for\u00e7a est\u00e9tica maior.<\/p>\n\n\n\n<hr class=\"wp-block-separator has-alpha-channel-opacity\"\/>\n\n\n\n<h3 class=\"wp-block-heading\">III. Tipos de <em>Saeta<\/em>: Filhas da mesma dor<\/h3>\n\n\n\n<p>Existem diferentes tipos de <em>Saetas<\/em>, todas unidas pelo mesmo car\u00e1ter apaixonado e devoto.<\/p>\n\n\n\n<h4 class=\"wp-block-heading\">1. A Saeta lit\u00fargica ou primitiva<\/h4>\n\n\n\n<p>\u00c9 a forma mais antiga: curta, simples, mais recitada que cantada, intensamente espiritual. Ainda vive em algumas regi\u00f5es da Andaluzia (como Puente Genil ou Lucena) e aproxima-se da Saeta mon\u00e1stica das origens.<\/p>\n\n\n\n<h4 class=\"wp-block-heading\">2. A Saeta flamenca<\/h4>\n\n\n\n<p>Mais longa, com melodias mais complexas, ornamenta\u00e7\u00f5es vocais e intensidade dram\u00e1tica. Influenciada pelo flamenco (como as <em>seguiriyas<\/em> ou as <em>ton\u00e1s<\/em>), foi aperfei\u00e7oada no s\u00e9culo XIX por grandes cantores.<\/p>\n\n\n\n<p>\u00c9 a forma mais conhecida atualmente. Apesar da sua evolu\u00e7\u00e3o t\u00e9cnica, <strong>mant\u00e9m intacto o poder espiritual<\/strong>, sobretudo quando \u00e9 entoada com f\u00e9 verdadeira.<\/p>\n\n\n\n<hr class=\"wp-block-separator has-alpha-channel-opacity\"\/>\n\n\n\n<h3 class=\"wp-block-heading\">IV. A <em>Saeta<\/em> como ora\u00e7\u00e3o: Teologia encarnada<\/h3>\n\n\n\n<p>Por que a <em>Saeta<\/em> \u00e9 uma ora\u00e7\u00e3o? N\u00e3o \u00e9 apenas um canto?<\/p>\n\n\n\n<p>Porque <strong>o seu conte\u00fado \u00e9 profundamente cristol\u00f3gico e mariano<\/strong>, e porque \u00e9 cantada como s\u00faplica, como ato de amor, como ora\u00e7\u00e3o que brota da alma.<\/p>\n\n\n\n<p>Alguns versos tradicionais:<\/p>\n\n\n\n<blockquote class=\"wp-block-quote is-layout-flow wp-block-quote-is-layout-flow\">\n<p>\u201cQuem te tirou da cruz, \/ sen\u00e3o minha dor? \/ At\u00e9 minha alma me abandona \/ ao ver-te sangrar, Maria.\u201d<\/p>\n<\/blockquote>\n\n\n\n<blockquote class=\"wp-block-quote is-layout-flow wp-block-quote-is-layout-flow\">\n<p>\u201cCrucificado pelos meus pecados, \/ Senhor, morreste por mim. \/ E eu continuo a pecar? \/ Que triste resposta ao teu amor!\u201d<\/p>\n<\/blockquote>\n\n\n\n<blockquote class=\"wp-block-quote is-layout-flow wp-block-quote-is-layout-flow\">\n<p>\u201cL\u00e1grimas de uma M\u00e3e \/ que ningu\u00e9m pode consolar. \/ Se at\u00e9 o C\u00e9u chora contigo, \/ quem pode ficar indiferente?\u201d<\/p>\n<\/blockquote>\n\n\n\n<p>Cada verso \u00e9 <strong>uma medita\u00e7\u00e3o teol\u00f3gica<\/strong>. Em poucas palavras, falam do mist\u00e9rio da Reden\u00e7\u00e3o, da dor de Maria, do pecado humano e da urg\u00eancia da convers\u00e3o.<\/p>\n\n\n\n<p>Mas n\u00e3o \u00e9 teologia de c\u00e1tedra. \u00c9 <strong>teologia vivida<\/strong>, encarnada na voz entrecortada do cantor. \u00c9 <strong>o povo que assume para si a Paix\u00e3o de Cristo \u2013 e a chora com o cora\u00e7\u00e3o<\/strong>.<\/p>\n\n\n\n<hr class=\"wp-block-separator has-alpha-channel-opacity\"\/>\n\n\n\n<h3 class=\"wp-block-heading\">V. A <em>Saeta<\/em> hoje: Canto de resist\u00eancia espiritual<\/h3>\n\n\n\n<p>Num mundo de ru\u00eddo, superficialidade e perda do sagrado, a <em>Saeta<\/em> \u00e9 <strong>resist\u00eancia prof\u00e9tica<\/strong>.<\/p>\n\n\n\n<p>Porque a <em>Saeta<\/em> <strong>n\u00e3o \u00e9 cantada para o espet\u00e1culo, nem vendida como show<\/strong>. \u00c9 espont\u00e2nea, muitas vezes an\u00f4nima, um dom. \u00c9 <strong>um ato de amor que n\u00e3o pede nada em troca \u2013 apenas que Deus escute<\/strong>.<\/p>\n\n\n\n<p>Por isso mesmo, \u00e9 <strong>mais atual do que nunca<\/strong>. O mundo precisa de beleza \u2013 mas de uma beleza que salve. Precisa de autenticidade. E a <em>Saeta<\/em> \u00e9 ambas: <strong>beleza redentora e verdade sincera<\/strong>.<\/p>\n\n\n\n<p>Quando algu\u00e9m canta uma <em>Saeta<\/em> da sacada, n\u00e3o est\u00e1 apenas cantando \u2013 <strong>est\u00e1 proclamando uma verdade eterna numa sociedade que a esqueceu<\/strong>. Est\u00e1 tornando presente o drama do Calv\u00e1rio nas ruas do seu bairro.<\/p>\n\n\n\n<hr class=\"wp-block-separator has-alpha-channel-opacity\"\/>\n\n\n\n<h3 class=\"wp-block-heading\">VI. E n\u00f3s? O que podemos aprender?<\/h3>\n\n\n\n<p>Talvez nem todos saibamos cantar. Mas todos podemos aprender algo com a <em>Saeta<\/em>.<\/p>\n\n\n\n<ul class=\"wp-block-list\">\n<li><strong>Antes de tudo<\/strong>, que a f\u00e9 n\u00e3o se vive apenas nas igrejas. Vive-se na rua, no cotidiano, nas sacadas, nas vozes do povo.<\/li>\n\n\n\n<li><strong>Depois<\/strong>, que para rezar n\u00e3o \u00e9 preciso f\u00f3rmulas complexas. Basta um cora\u00e7\u00e3o ferido que olha para o Crucificado.<\/li>\n\n\n\n<li><strong>Por fim<\/strong>, que a arte \u2013 quando unida \u00e0 f\u00e9 \u2013 torna-se ponte para Deus. A <em>Saeta<\/em> \u00e9 um exemplo perfeito.<\/li>\n<\/ul>\n\n\n\n<p>E, sobretudo, que <strong>a Paix\u00e3o de Cristo n\u00e3o \u00e9 apenas passado \u2013 \u00e9 presente<\/strong>. Toda vez que se canta uma <em>Saeta<\/em>, <strong>o Calv\u00e1rio torna-se novamente presente<\/strong>, n\u00e3o como dor in\u00fatil, mas como amor redentor que continua a agir na nossa vida.<\/p>\n\n\n\n<hr class=\"wp-block-separator has-alpha-channel-opacity\"\/>\n\n\n\n<h3 class=\"wp-block-heading\">Conclus\u00e3o: Flechas que ainda transpassam o C\u00e9u<\/h3>\n\n\n\n<p>Num mundo que corre sem olhar para o alto, a <em>Saeta<\/em> para \u2013 e mira com a alma o C\u00e9u. No meio do barulho, <strong>lan\u00e7a seu grito silencioso como uma flecha em brasa<\/strong>, lembrando-nos de que <strong>Cristo continua a caminhar por nossas ruas, carregando nossas cruzes<\/strong>.<\/p>\n\n\n\n<p>A <em>Saeta<\/em> n\u00e3o morrer\u00e1. Porque enquanto houver um cora\u00e7\u00e3o que sofre, uma m\u00e3e que chora, um pecador que se arrepende, <strong>haver\u00e1 algu\u00e9m que cantar\u00e1 ao Crucificado com voz tr\u00eamula \u2013 e o C\u00e9u voltar\u00e1 a se comover<\/strong>.<\/p>\n\n\n\n<hr class=\"wp-block-separator has-alpha-channel-opacity\"\/>\n\n\n\n<p><strong>E voc\u00ea? Para quem cantaria hoje sua <em>Saeta<\/em>? Que clamor lan\u00e7aria ao C\u00e9u para que Deus o escute?<\/strong><\/p>\n\n\n\n<p>Talvez voc\u00ea n\u00e3o precise de melodia. Apenas de f\u00e9. E de um cora\u00e7\u00e3o aberto. Porque \u00e0s vezes as ora\u00e7\u00f5es mais belas n\u00e3o se dizem\u2026 <strong>se cantam.<\/strong><\/p>\n","protected":false},"excerpt":{"rendered":"<p>Introdu\u00e7\u00e3o: Quando a rua vira altar e a voz se torna incenso No cora\u00e7\u00e3o vibrante da Semana Santa andaluza, entre o sil\u00eancio carregado de emo\u00e7\u00e3o e o cheiro do incenso que sobe pelas ruelas de pedra, ergue-se uma voz \u2014 vibrante, \u00e1spera, viva. Uma voz que n\u00e3o canta por arte, mas por f\u00e9; que n\u00e3o &hellip;<\/p>\n","protected":false},"author":3,"featured_media":3340,"comment_status":"open","ping_status":"open","sticky":false,"template":"","format":"standard","meta":{"_seopress_robots_primary_cat":"","_seopress_titles_title":"","_seopress_titles_desc":"","_seopress_robots_index":"","footnotes":""},"categories":[66,41],"tags":[1099],"class_list":["post-3339","post","type-post","status-publish","format-standard","has-post-thumbnail","","category-cultura-popular-e-catolicismo","category-fe-e-cultura","tag-saeta"],"_links":{"self":[{"href":"https:\/\/catholicus.eu\/pt\/wp-json\/wp\/v2\/posts\/3339","targetHints":{"allow":["GET"]}}],"collection":[{"href":"https:\/\/catholicus.eu\/pt\/wp-json\/wp\/v2\/posts"}],"about":[{"href":"https:\/\/catholicus.eu\/pt\/wp-json\/wp\/v2\/types\/post"}],"author":[{"embeddable":true,"href":"https:\/\/catholicus.eu\/pt\/wp-json\/wp\/v2\/users\/3"}],"replies":[{"embeddable":true,"href":"https:\/\/catholicus.eu\/pt\/wp-json\/wp\/v2\/comments?post=3339"}],"version-history":[{"count":1,"href":"https:\/\/catholicus.eu\/pt\/wp-json\/wp\/v2\/posts\/3339\/revisions"}],"predecessor-version":[{"id":3341,"href":"https:\/\/catholicus.eu\/pt\/wp-json\/wp\/v2\/posts\/3339\/revisions\/3341"}],"wp:featuredmedia":[{"embeddable":true,"href":"https:\/\/catholicus.eu\/pt\/wp-json\/wp\/v2\/media\/3340"}],"wp:attachment":[{"href":"https:\/\/catholicus.eu\/pt\/wp-json\/wp\/v2\/media?parent=3339"}],"wp:term":[{"taxonomy":"category","embeddable":true,"href":"https:\/\/catholicus.eu\/pt\/wp-json\/wp\/v2\/categories?post=3339"},{"taxonomy":"post_tag","embeddable":true,"href":"https:\/\/catholicus.eu\/pt\/wp-json\/wp\/v2\/tags?post=3339"}],"curies":[{"name":"wp","href":"https:\/\/api.w.org\/{rel}","templated":true}]}}