{"id":3333,"date":"2025-04-18T11:32:41","date_gmt":"2025-04-18T09:32:41","guid":{"rendered":"https:\/\/catholicus.eu\/pt\/?p=3333"},"modified":"2025-04-18T11:32:41","modified_gmt":"2025-04-18T09:32:41","slug":"por-que-a-sexta-feira-santa-nem-sempre-foi-um-dia-de-silencio-a-historia-esquecida-do-jejum-eucaristico","status":"publish","type":"post","link":"https:\/\/catholicus.eu\/pt\/por-que-a-sexta-feira-santa-nem-sempre-foi-um-dia-de-silencio-a-historia-esquecida-do-jejum-eucaristico\/","title":{"rendered":"Por que a Sexta-feira Santa nem sempre foi um dia de sil\u00eancio \u2013 A hist\u00f3ria esquecida do jejum eucar\u00edstico"},"content":{"rendered":"\n<p><strong>Introdu\u00e7\u00e3o: Redescobrir a profundidade da Sexta-feira Santa<\/strong><\/p>\n\n\n\n<p>Para a maioria dos cat\u00f3licos hoje, a Sexta-feira Santa \u00e9 um dia de sil\u00eancio, recolhimento e profunda contempla\u00e7\u00e3o. \u00c9 observada com solenidade: as igrejas est\u00e3o despojadas, n\u00e3o se celebra a Missa, e os fi\u00e9is meditam sobre a Paix\u00e3o e Morte de nosso Senhor Jesus Cristo. Mas voc\u00ea sabia que nem sempre foi assim? Que, originalmente, a Sexta-feira Santa era um dia liturgicamente ativo \u2014 e que o jejum eucar\u00edstico tinha um significado radicalmente diferente do atual?<\/p>\n\n\n\n<p>Neste artigo, faremos uma viagem no tempo, atrav\u00e9s da hist\u00f3ria, dos costumes lit\u00fargicos e da teologia do jejum, para redescobrir uma dimens\u00e3o esquecida, mas riqu\u00edssima, do Tr\u00edduo Pascal. Nosso objetivo n\u00e3o \u00e9 apenas informar, mas inspirar e oferecer um caminho espiritual, para que voc\u00ea possa viver a Sexta-feira Santa com mais consci\u00eancia e profundidade.<\/p>\n\n\n\n<hr class=\"wp-block-separator has-alpha-channel-opacity\"\/>\n\n\n\n<h2 class=\"wp-block-heading\">1. As origens da Sexta-feira Santa: do mart\u00edrio \u00e0 esperan\u00e7a<\/h2>\n\n\n\n<p>Desde os primeiros s\u00e9culos do cristianismo, os fi\u00e9is marcaram o dia da morte de Cristo como um momento central do ano lit\u00fargico. No entanto, a forma de celebr\u00e1-lo variava bastante conforme os lugares e as \u00e9pocas.<\/p>\n\n\n\n<p>Nos s\u00e9culos II e III, os crist\u00e3os se reuniam nas catacumbas para escutar a Paix\u00e3o segundo S\u00e3o Jo\u00e3o, rezar pelos catec\u00famenos e esperar em sil\u00eancio o amanhecer do Domingo da Ressurrei\u00e7\u00e3o. Ainda assim, mesmo naquele ambiente austero, <strong>n\u00e3o se concebia um cristianismo sem Eucaristia<\/strong>. Embora jejuassem fisicamente, ansiavam ardentemente por receber o Corpo de Cristo \u2014 justamente porque se comemorava o sacrif\u00edcio da cruz.<\/p>\n\n\n\n<blockquote class=\"wp-block-quote is-layout-flow wp-block-quote-is-layout-flow\">\n<p>\u201cNos alimentamos do Crucificado, n\u00e3o apenas para recordar, mas para viver Nele\u201d, escrevia Santo In\u00e1cio de Antioquia na Carta aos Esmirnenses.<\/p>\n<\/blockquote>\n\n\n\n<hr class=\"wp-block-separator has-alpha-channel-opacity\"\/>\n\n\n\n<h2 class=\"wp-block-heading\">2. O jejum eucar\u00edstico: muito mais do que uma abstin\u00eancia<\/h2>\n\n\n\n<p>Hoje, quando pensamos em \u201cjejum eucar\u00edstico\u201d, associamos \u00e0 obriga\u00e7\u00e3o de n\u00e3o comer ou beber nada por pelo menos uma hora antes da Comunh\u00e3o. Mas esse conceito tem ra\u00edzes muito mais antigas e profundas. Na Igreja primitiva, o jejum n\u00e3o era apenas uma prepara\u00e7\u00e3o simb\u00f3lica ou pr\u00e1tica \u2014 era <strong>um ato lit\u00fargico em si mesmo<\/strong>.<\/p>\n\n\n\n<h3 class=\"wp-block-heading\">2.1 O jejum como adora\u00e7\u00e3o<\/h3>\n\n\n\n<p>Os Padres da Igreja viam o jejum como uma forma de participar do sacrif\u00edcio de Cristo. N\u00e3o se tratava apenas de \u201cn\u00e3o comer\u201d, mas de um caminho para entrar com todo o corpo e alma no mist\u00e9rio da cruz.<\/p>\n\n\n\n<ul class=\"wp-block-list\">\n<li>S\u00e3o Le\u00e3o Magno dizia: <em>\u201cJejuamos n\u00e3o por m\u00e9rito, mas para que nosso corpo n\u00e3o impe\u00e7a a alma em seu \u00edmpeto para a cruz.\u201d<\/em><\/li>\n\n\n\n<li>Santo Agostinho afirmava: <em>\u201cO jejum do corpo deve vir acompanhado da fome de justi\u00e7a da alma.\u201d<\/em><\/li>\n<\/ul>\n\n\n\n<p>Esse tipo de jejum n\u00e3o era oposto \u00e0 Eucaristia. Ao contr\u00e1rio: <strong>estava orientado para ela como seu desfecho natural<\/strong>. A ideia de que a Sexta-feira Santa fosse um dia sem Comunh\u00e3o, como sinal de luto, \u00e9 um desenvolvimento posterior. Nos primeiros s\u00e9culos, jejuava-se para comungar ao final do dia, como quem espera o Esposo que vem selar a alian\u00e7a com Seu sangue.<\/p>\n\n\n\n<hr class=\"wp-block-separator has-alpha-channel-opacity\"\/>\n\n\n\n<h2 class=\"wp-block-heading\">3. A mudan\u00e7a lit\u00fargica: do Sacramento ao sil\u00eancio<\/h2>\n\n\n\n<p>A liturgia da Sexta-feira Santa, tal como a conhecemos hoje, se consolidou sobretudo na Idade M\u00e9dia. Foi ent\u00e3o que se firmou a ideia de que este dia deveria ser sem celebra\u00e7\u00e3o eucar\u00edstica.<\/p>\n\n\n\n<h3 class=\"wp-block-heading\">3.1 Por que n\u00e3o se celebra a Missa na Sexta-feira Santa?<\/h3>\n\n\n\n<p>A resposta tradicional \u00e9 esta: porque a Missa \u00e9 o memorial incruento do sacrif\u00edcio de Cristo, e nesse dia se recorda justamente o pr\u00f3prio ato do sacrif\u00edcio. A Igreja escolheu, ent\u00e3o, um gesto simb\u00f3lico forte: <strong>n\u00e3o celebrar a Missa, para indicar que o Esposo foi tirado<\/strong> (cf. Mt 9,15).<\/p>\n\n\n\n<p>Contudo, manteve-se a Comunh\u00e3o com h\u00f3stias consagradas no dia anterior. Isso reflete um equil\u00edbrio entre o respeito ao mist\u00e9rio da cruz e a necessidade espiritual dos fi\u00e9is de se nutrirem do Corpo do Senhor.<\/p>\n\n\n\n<blockquote class=\"wp-block-quote is-layout-flow wp-block-quote-is-layout-flow\">\n<p>Esse sil\u00eancio eucar\u00edstico n\u00e3o \u00e9 aus\u00eancia de Deus, mas pedagogia divina: ajuda-nos a viver o desejo, a espera, a dor redentora.<\/p>\n<\/blockquote>\n\n\n\n<hr class=\"wp-block-separator has-alpha-channel-opacity\"\/>\n\n\n\n<h2 class=\"wp-block-heading\">4. Redescobrir o jejum eucar\u00edstico: um apelo para o nosso tempo<\/h2>\n\n\n\n<p>Vivemos hoje numa sociedade materialmente saciada, mas espiritualmente faminta. O jejum eucar\u00edstico, entendido em seu sentido mais amplo, pode ser um rem\u00e9dio poderoso para a vida crist\u00e3. Purifica o desejo, educa o cora\u00e7\u00e3o e nos ajuda a colocar novamente a Eucaristia no centro da nossa exist\u00eancia.<\/p>\n\n\n\n<h3 class=\"wp-block-heading\">4.1 Jejuar para desejar<\/h3>\n\n\n\n<p>Num mundo que exige tudo imediatamente, o jejum eucar\u00edstico nos ensina a esperar. Recorda-nos que o amor verdadeiro n\u00e3o exige \u2014 doa-se livremente. N\u00e3o comungar por h\u00e1bito, mas com prepara\u00e7\u00e3o interior, nos faz viver cada Eucaristia como um dom.<\/p>\n\n\n\n<h3 class=\"wp-block-heading\">4.2 O jejum como linguagem da alma<\/h3>\n\n\n\n<p>Redescobrir o jejum \u2014 corporal, espiritual, eucar\u00edstico \u2014 n\u00e3o significa retroceder, mas <strong>reencontrar a linguagem da tradi\u00e7\u00e3o<\/strong>, aquela que nos liga a s\u00e9culos de sabedoria crist\u00e3. Em vez de elimin\u00e1-lo por \u201cn\u00e3o se entender mais\u201d, a pastoral deveria ensinar a viv\u00ea-lo com sentido.<\/p>\n\n\n\n<hr class=\"wp-block-separator has-alpha-channel-opacity\"\/>\n\n\n\n<h2 class=\"wp-block-heading\">5. Pastoral do Tr\u00edduo: uma proposta espiritual<\/h2>\n\n\n\n<p>A Igreja hoje \u00e9 chamada a redescobrir e propor uma pedagogia do desejo: ensinar a jejuar para desejar Cristo, ensinar a silenciar para escutar Sua voz, ensinar a esperar para amar mais profundamente.<\/p>\n\n\n\n<h3 class=\"wp-block-heading\">5.1 Como viver o jejum eucar\u00edstico na Sexta-feira Santa?<\/h3>\n\n\n\n<ul class=\"wp-block-list\">\n<li><strong>Jejue com o corpo<\/strong>, sim, mas tamb\u00e9m com os olhos, com os ru\u00eddos, com as distra\u00e7\u00f5es.<\/li>\n\n\n\n<li><strong>Entre no sil\u00eancio<\/strong>, n\u00e3o como quem se isola, mas como quem entra no sepulcro para contemplar o mist\u00e9rio da Vida.<\/li>\n\n\n\n<li><strong>Reze diante do sacr\u00e1rio vazio<\/strong>, e sinta o desejo da alma pelo Esposo ausente.<\/li>\n\n\n\n<li><strong>Medite sobre a cruz<\/strong>, n\u00e3o como s\u00edmbolo de derrota, mas como trono de amor.<\/li>\n<\/ul>\n\n\n\n<hr class=\"wp-block-separator has-alpha-channel-opacity\"\/>\n\n\n\n<h2 class=\"wp-block-heading\">6. Conclus\u00e3o: do jejum ao banquete eterno<\/h2>\n\n\n\n<p>A Sexta-feira Santa n\u00e3o \u00e9 um dia sem Deus. \u00c9 o dia em que Deus Se entrega at\u00e9 o fim. A aus\u00eancia eucar\u00edstica n\u00e3o \u00e9 vazio \u2014 \u00e9 o prel\u00fadio da festa. O jejum n\u00e3o \u00e9 uma nega\u00e7\u00e3o \u2014 \u00e9 uma prepara\u00e7\u00e3o de amor.<\/p>\n\n\n\n<blockquote class=\"wp-block-quote is-layout-flow wp-block-quote-is-layout-flow\">\n<p>Como disse Bento XVI: <em>\u201cA liturgia da Igreja n\u00e3o esconde a cruz \u2014 ela a eleva para que todos possam reconhecer nela o sinal do amor que salva.\u201d<\/em><\/p>\n<\/blockquote>\n\n\n\n<p>Que a redescoberta do verdadeiro significado do jejum eucar\u00edstico nos ajude a viver o Tr\u00edduo Pascal com maior profundidade e a nos aproximarmos da Eucaristia com um desejo renovado \u2014 como aqueles que jejuam n\u00e3o por obriga\u00e7\u00e3o, mas por amor.<\/p>\n","protected":false},"excerpt":{"rendered":"<p>Introdu\u00e7\u00e3o: Redescobrir a profundidade da Sexta-feira Santa Para a maioria dos cat\u00f3licos hoje, a Sexta-feira Santa \u00e9 um dia de sil\u00eancio, recolhimento e profunda contempla\u00e7\u00e3o. \u00c9 observada com solenidade: as igrejas est\u00e3o despojadas, n\u00e3o se celebra a Missa, e os fi\u00e9is meditam sobre a Paix\u00e3o e Morte de nosso Senhor Jesus Cristo. Mas voc\u00ea sabia &hellip;<\/p>\n","protected":false},"author":3,"featured_media":3334,"comment_status":"open","ping_status":"open","sticky":false,"template":"","format":"standard","meta":{"_seopress_robots_primary_cat":"","_seopress_titles_title":"","_seopress_titles_desc":"","_seopress_robots_index":"","footnotes":""},"categories":[59,40],"tags":[570,738],"class_list":["post-3333","post","type-post","status-publish","format-standard","has-post-thumbnail","","category-eucaristia-e-adoracao","category-oracao-e-espiritualidade","tag-jejum-eucaristico","tag-sexta-feira-santa"],"_links":{"self":[{"href":"https:\/\/catholicus.eu\/pt\/wp-json\/wp\/v2\/posts\/3333","targetHints":{"allow":["GET"]}}],"collection":[{"href":"https:\/\/catholicus.eu\/pt\/wp-json\/wp\/v2\/posts"}],"about":[{"href":"https:\/\/catholicus.eu\/pt\/wp-json\/wp\/v2\/types\/post"}],"author":[{"embeddable":true,"href":"https:\/\/catholicus.eu\/pt\/wp-json\/wp\/v2\/users\/3"}],"replies":[{"embeddable":true,"href":"https:\/\/catholicus.eu\/pt\/wp-json\/wp\/v2\/comments?post=3333"}],"version-history":[{"count":1,"href":"https:\/\/catholicus.eu\/pt\/wp-json\/wp\/v2\/posts\/3333\/revisions"}],"predecessor-version":[{"id":3335,"href":"https:\/\/catholicus.eu\/pt\/wp-json\/wp\/v2\/posts\/3333\/revisions\/3335"}],"wp:featuredmedia":[{"embeddable":true,"href":"https:\/\/catholicus.eu\/pt\/wp-json\/wp\/v2\/media\/3334"}],"wp:attachment":[{"href":"https:\/\/catholicus.eu\/pt\/wp-json\/wp\/v2\/media?parent=3333"}],"wp:term":[{"taxonomy":"category","embeddable":true,"href":"https:\/\/catholicus.eu\/pt\/wp-json\/wp\/v2\/categories?post=3333"},{"taxonomy":"post_tag","embeddable":true,"href":"https:\/\/catholicus.eu\/pt\/wp-json\/wp\/v2\/tags?post=3333"}],"curies":[{"name":"wp","href":"https:\/\/api.w.org\/{rel}","templated":true}]}}