{"id":3315,"date":"2025-04-18T00:13:02","date_gmt":"2025-04-17T22:13:02","guid":{"rendered":"https:\/\/catholicus.eu\/pt\/?p=3315"},"modified":"2025-04-18T00:13:03","modified_gmt":"2025-04-17T22:13:03","slug":"itinerarium-burdigalense-uma-peregrinacao-espiritual-as-origens-da-tradicao-crista","status":"publish","type":"post","link":"https:\/\/catholicus.eu\/pt\/itinerarium-burdigalense-uma-peregrinacao-espiritual-as-origens-da-tradicao-crista\/","title":{"rendered":"&#8220;Itinerarium Burdigalense&#8221;: Uma Peregrina\u00e7\u00e3o Espiritual \u00e0s Origens da Tradi\u00e7\u00e3o Crist\u00e3"},"content":{"rendered":"\n<h2 class=\"wp-block-heading\"><strong>Introdu\u00e7\u00e3o: Um Tesouro Hist\u00f3rico e Espiritual<\/strong><\/h2>\n\n\n\n<p>Num mundo fren\u00e9tico onde a f\u00e9 \u00e9 muitas vezes vivida superficialmente, redescobrir as ra\u00edzes da nossa tradi\u00e7\u00e3o crist\u00e3 pode ser um farol a iluminar nosso caminho. O&nbsp;<em>Itinerarium Burdigalense<\/em>&nbsp;(ou&nbsp;<em>Itiner\u00e1rio de Bord\u00e9us<\/em>) \u00e9 um desses tesouros escondidos que nos liga aos primeiros peregrinos &#8211; aquelas almas corajosas que, movidas por f\u00e9 ardente, empreenderam viagens \u00e0 Terra Santa seguindo os passos de Cristo.<\/p>\n\n\n\n<p>Escrito em 333 d.C. por um peregrino an\u00f4nimo de Bord\u00e9us, este documento \u00e9 o relato mais antigo preservado de uma peregrina\u00e7\u00e3o crist\u00e3. N\u00e3o \u00e9 apenas um di\u00e1rio de viagem, mas um testemunho de f\u00e9, um guia espiritual que nos mostra como os primeiros crist\u00e3os viviam sua devo\u00e7\u00e3o.<\/p>\n\n\n\n<p>Neste artigo exploraremos:<\/p>\n\n\n\n<ol start=\"1\" class=\"wp-block-list\">\n<li><strong>O contexto hist\u00f3rico do Itinerarium Burdigalense<\/strong><\/li>\n\n\n\n<li><strong>Sua relev\u00e2ncia teol\u00f3gica e espiritual<\/strong><\/li>\n\n\n\n<li><strong>Um guia pr\u00e1tico para viver hoje a espiritualidade da peregrina\u00e7\u00e3o<\/strong><\/li>\n\n\n\n<li><strong>Como aplicar estes ensinamentos na celebra\u00e7\u00e3o da Semana Santa<\/strong><\/li>\n<\/ol>\n\n\n\n<hr class=\"wp-block-separator has-alpha-channel-opacity\"\/>\n\n\n\n<h2 class=\"wp-block-heading\"><strong>1. O Itinerarium Burdigalense: Hist\u00f3ria e Significado<\/strong><\/h2>\n\n\n\n<h3 class=\"wp-block-heading\"><strong>O que \u00e9 exatamente?<\/strong><\/h3>\n\n\n\n<p>O&nbsp;<em>Itinerarium Burdigalense<\/em>&nbsp;\u00e9 um manuscrito que descreve a viagem de um peregrino de Bord\u00e9us (Fran\u00e7a) a Jerusal\u00e9m, detalhando rotas, cidades visitadas e, principalmente, os lugares santos ligados \u00e0 vida de Jesus.<\/p>\n\n\n\n<p>Diferente de outros relatos posteriores (como o de Eg\u00e9ria no s\u00e9culo IV), este texto \u00e9 conciso, quase um registro de dist\u00e2ncias e paradas. Por\u00e9m seu valor est\u00e1 na antiguidade e em como reflete a devo\u00e7\u00e3o dos primeiros crist\u00e3os pelos&nbsp;<em>loca sancta<\/em>&nbsp;(lugares santos).<\/p>\n\n\n\n<h3 class=\"wp-block-heading\"><strong>O Peregrino An\u00f4nimo: Quem era?<\/strong><\/h3>\n\n\n\n<p>N\u00e3o sabemos seu nome, mas sua viagem fala de um cora\u00e7\u00e3o sedento de Deus. Numa \u00e9poca em que o cristianismo acabara de sair da clandestinidade (ap\u00f3s o \u00c9dito de Mil\u00e3o em 313 d.C.), este peregrino empreendeu uma jornada perigosa, mostrando que o desejo de pisar onde Cristo viveu, morreu e ressuscitou j\u00e1 estava profundamente arraigado.<\/p>\n\n\n\n<h3 class=\"wp-block-heading\"><strong>A Rota: Um Caminho de F\u00e9<\/strong><\/h3>\n\n\n\n<p>O itiner\u00e1rio inclui:<\/p>\n\n\n\n<ul class=\"wp-block-list\">\n<li><strong>De Bord\u00e9us a Constantinopla<\/strong>: passando pela It\u00e1lia e Balc\u00e3s<\/li>\n\n\n\n<li><strong>De Constantinopla \u00e0 Terra Santa<\/strong>: visitando Antioquia, Tiro e Cesareia<\/li>\n\n\n\n<li><strong>Jerusal\u00e9m e seus lugares santos<\/strong>: Monte das Oliveiras, Santo Sepulcro, Cen\u00e1culo, Bel\u00e9m etc.<\/li>\n<\/ul>\n\n\n\n<p>O fascinante \u00e9 que, embora o texto seja breve, cada parada evoca uma passagem b\u00edblica, mostrando como a geografia se torna &#8220;teografia&#8221; (escritura de Deus).<\/p>\n\n\n\n<hr class=\"wp-block-separator has-alpha-channel-opacity\"\/>\n\n\n\n<h2 class=\"wp-block-heading\"><strong>2. Relev\u00e2ncia Teol\u00f3gica: Por que \u00e9 importante hoje?<\/strong><\/h2>\n\n\n\n<h3 class=\"wp-block-heading\"><strong>A Peregrina\u00e7\u00e3o como Sacramento Vivo<\/strong><\/h3>\n\n\n\n<p>O Catecismo da Igreja Cat\u00f3lica (n. 1674) descreve as peregrina\u00e7\u00f5es como &#8220;sinais de nossa caminhada para a Casa do Pai&#8221;. O&nbsp;<em>Itinerarium Burdigalense<\/em>&nbsp;nos lembra que peregrinar n\u00e3o \u00e9 turismo religioso, mas um ato de f\u00e9 que:<\/p>\n\n\n\n<ul class=\"wp-block-list\">\n<li><strong>Nos une \u00e0 hist\u00f3ria da salva\u00e7\u00e3o<\/strong>\u00a0(como Abra\u00e3o, que partiu sem saber para onde ia &#8211; Hebreus 11,8)<\/li>\n\n\n\n<li><strong>Nos configura a Cristo peregrino<\/strong>\u00a0(Lucas 9,58: &#8220;As raposas t\u00eam tocas, mas o Filho do Homem n\u00e3o tem onde repousar a cabe\u00e7a&#8221;)<\/li>\n\n\n\n<li><strong>Renova nossa convers\u00e3o<\/strong>, pois todo caminho exterior deve refletir um caminho interior<\/li>\n<\/ul>\n\n\n\n<h3 class=\"wp-block-heading\"><strong>Jerusal\u00e9m: Cora\u00e7\u00e3o do Mist\u00e9rio Pascal<\/strong><\/h3>\n\n\n\n<p>O peregrino de Bord\u00e9us chega a Jerusal\u00e9m num momento crucial &#8211; pouco depois que Santa Helena (m\u00e3e de Constantino) descobriu a Vera Cruz e foram constru\u00eddas as primeiras bas\u00edlicas. Seu relato nos permite imaginar como a liturgia j\u00e1 era celebrada naqueles lugares, especialmente durante a Semana Santa.<\/p>\n\n\n\n<hr class=\"wp-block-separator has-alpha-channel-opacity\"\/>\n\n\n\n<h2 class=\"wp-block-heading\"><strong>3. Guia Pr\u00e1tico: Como Viver Hoje o Esp\u00edrito do Itinerarium<\/strong><\/h2>\n\n\n\n<h3 class=\"wp-block-heading\"><strong>A. A Peregrina\u00e7\u00e3o Interior: Um Caminho da Alma<\/strong><\/h3>\n\n\n\n<p>Nem todos podem viajar \u00e0 Terra Santa, mas todos somos chamados a ser peregrinos em esp\u00edrito.<\/p>\n\n\n\n<p><strong>Exerc\u00edcio espiritual:<\/strong><\/p>\n\n\n\n<ol start=\"1\" class=\"wp-block-list\">\n<li><strong>Escolha um &#8220;lugar santo&#8221; em sua vida<\/strong>\u00a0(uma igreja, um crucifixo em casa, um momento de ora\u00e7\u00e3o)<\/li>\n\n\n\n<li><strong>Medite uma passagem b\u00edblica<\/strong>\u00a0ligada a esse lugar (ex.: Calv\u00e1rio &#8211; Jo\u00e3o 19,17-30)<\/li>\n\n\n\n<li><strong>Ofere\u00e7a um sacrif\u00edcio<\/strong>\u00a0(uma caminhada, jejum, obra de miseric\u00f3rdia) como sinal de sua peregrina\u00e7\u00e3o<\/li>\n<\/ol>\n\n\n\n<h3 class=\"wp-block-heading\"><strong>B. Semana Santa: Revivendo o Itiner\u00e1rio de Cristo<\/strong><\/h3>\n\n\n\n<p>O&nbsp;<em>Itinerarium Burdigalense<\/em>&nbsp;menciona lugares-chave da Paix\u00e3o. Podemos imitar o peregrino an\u00f4nimo com este plano:<\/p>\n\n\n\n<p><strong>Domingo de Ramos:<\/strong><\/p>\n\n\n\n<ul class=\"wp-block-list\">\n<li><strong>Leitura:<\/strong>\u00a0Mateus 21,1-11 (entrada em Jerusal\u00e9m)<\/li>\n\n\n\n<li><strong>A\u00e7\u00e3o:<\/strong>\u00a0Aben\u00e7oe ramos e medite em como acolhemos Cristo em nosso cora\u00e7\u00e3o<\/li>\n<\/ul>\n\n\n\n<p><strong>Quinta-Feira Santa:<\/strong><\/p>\n\n\n\n<ul class=\"wp-block-list\">\n<li><strong>Leitura:<\/strong>\u00a0Jo\u00e3o 13,1-15 (lava-p\u00e9s)<\/li>\n\n\n\n<li><strong>A\u00e7\u00e3o:<\/strong>\u00a0Visite sete igrejas (tradi\u00e7\u00e3o antiga), revivendo o caminho de Jesus do Cen\u00e1culo ao Gets\u00eamani<\/li>\n<\/ul>\n\n\n\n<p><strong>Sexta-Feira Santa:<\/strong><\/p>\n\n\n\n<ul class=\"wp-block-list\">\n<li><strong>Leitura:<\/strong>\u00a0Jo\u00e3o 18-19 (Paix\u00e3o)<\/li>\n\n\n\n<li><strong>A\u00e7\u00e3o:<\/strong>\u00a0Reze a Via Sacra, imaginando cada esta\u00e7\u00e3o como uma etapa da peregrina\u00e7\u00e3o da Cruz<\/li>\n<\/ul>\n\n\n\n<p><strong>S\u00e1bado Santo:<\/strong><\/p>\n\n\n\n<ul class=\"wp-block-list\">\n<li><strong>Leitura:<\/strong>\u00a01 Pedro 3,18-22 (Cristo no sepulcro)<\/li>\n\n\n\n<li><strong>A\u00e7\u00e3o:<\/strong>\u00a0Guarde sil\u00eancio e prepare o cora\u00e7\u00e3o para a Ressurrei\u00e7\u00e3o<\/li>\n<\/ul>\n\n\n\n<p><strong>Domingo de P\u00e1scoa:<\/strong><\/p>\n\n\n\n<ul class=\"wp-block-list\">\n<li><strong>Leitura:<\/strong>\u00a0Mateus 28,1-10<\/li>\n\n\n\n<li><strong>A\u00e7\u00e3o:<\/strong>\u00a0Celebre com alegria, como o peregrino que chega ao Santo Sepulcro e descobre: &#8220;Ele n\u00e3o est\u00e1 aqui, ressuscitou!&#8221;<\/li>\n<\/ul>\n\n\n\n<hr class=\"wp-block-separator has-alpha-channel-opacity\"\/>\n\n\n\n<h2 class=\"wp-block-heading\"><strong>Conclus\u00e3o: Um Chamado a Ser Peregrinos no S\u00e9culo XXI<\/strong><\/h2>\n\n\n\n<p>O&nbsp;<em>Itinerarium Burdigalense<\/em>&nbsp;n\u00e3o \u00e9 apenas um documento hist\u00f3rico, mas um convite a viver nossa f\u00e9 com a mesma paix\u00e3o daqueles primeiros crist\u00e3os. Num mundo em busca de respostas, carregamos a certeza de que Cristo \u00e9 o Caminho (Jo\u00e3o 14,6).<\/p>\n\n\n\n<p><strong>Como responder\u00e1 a este chamado?<\/strong><\/p>\n\n\n\n<ul class=\"wp-block-list\">\n<li><strong>Se puder<\/strong>, visite um santu\u00e1rio ou fa\u00e7a uma peregrina\u00e7\u00e3o<\/li>\n\n\n\n<li><strong>Caso contr\u00e1rio<\/strong>, transforme sua casa num &#8220;lugar santo&#8221; onde cada dia \u00e9 um passo rumo a Deus<\/li>\n<\/ul>\n\n\n\n<p>Que nossa jornada, como a do peregrino de Bord\u00e9us, nos conduza \u00e0 Jerusal\u00e9m celeste &#8211; nossa verdadeira p\u00e1tria.<\/p>\n\n\n\n<blockquote class=\"wp-block-quote is-layout-flow wp-block-quote-is-layout-flow\">\n<p><em>&#8220;Felizes os que habitam em vossa casa, Senhor: para sempre vos louvar\u00e3o!&#8221;<\/em>&nbsp;(Salmo 84,5)<\/p>\n<\/blockquote>\n\n\n\n<p><strong>Boa peregrina\u00e7\u00e3o!<\/strong><\/p>\n","protected":false},"excerpt":{"rendered":"<p>Introdu\u00e7\u00e3o: Um Tesouro Hist\u00f3rico e Espiritual Num mundo fren\u00e9tico onde a f\u00e9 \u00e9 muitas vezes vivida superficialmente, redescobrir as ra\u00edzes da nossa tradi\u00e7\u00e3o crist\u00e3 pode ser um farol a iluminar nosso caminho. O&nbsp;Itinerarium Burdigalense&nbsp;(ou&nbsp;Itiner\u00e1rio de Bord\u00e9us) \u00e9 um desses tesouros escondidos que nos liga aos primeiros peregrinos &#8211; aquelas almas corajosas que, movidas por f\u00e9 &hellip;<\/p>\n","protected":false},"author":3,"featured_media":3316,"comment_status":"open","ping_status":"open","sticky":false,"template":"","format":"standard","meta":{"_seopress_robots_primary_cat":"","_seopress_titles_title":"","_seopress_titles_desc":"","_seopress_robots_index":"","footnotes":""},"categories":[40,62],"tags":[1088,1089],"class_list":["post-3315","post","type-post","status-publish","format-standard","has-post-thumbnail","","category-oracao-e-espiritualidade","category-sacramentais-e-peregrinacoes","tag-itinerario-de-bordeus","tag-itinerarium"],"_links":{"self":[{"href":"https:\/\/catholicus.eu\/pt\/wp-json\/wp\/v2\/posts\/3315","targetHints":{"allow":["GET"]}}],"collection":[{"href":"https:\/\/catholicus.eu\/pt\/wp-json\/wp\/v2\/posts"}],"about":[{"href":"https:\/\/catholicus.eu\/pt\/wp-json\/wp\/v2\/types\/post"}],"author":[{"embeddable":true,"href":"https:\/\/catholicus.eu\/pt\/wp-json\/wp\/v2\/users\/3"}],"replies":[{"embeddable":true,"href":"https:\/\/catholicus.eu\/pt\/wp-json\/wp\/v2\/comments?post=3315"}],"version-history":[{"count":1,"href":"https:\/\/catholicus.eu\/pt\/wp-json\/wp\/v2\/posts\/3315\/revisions"}],"predecessor-version":[{"id":3317,"href":"https:\/\/catholicus.eu\/pt\/wp-json\/wp\/v2\/posts\/3315\/revisions\/3317"}],"wp:featuredmedia":[{"embeddable":true,"href":"https:\/\/catholicus.eu\/pt\/wp-json\/wp\/v2\/media\/3316"}],"wp:attachment":[{"href":"https:\/\/catholicus.eu\/pt\/wp-json\/wp\/v2\/media?parent=3315"}],"wp:term":[{"taxonomy":"category","embeddable":true,"href":"https:\/\/catholicus.eu\/pt\/wp-json\/wp\/v2\/categories?post=3315"},{"taxonomy":"post_tag","embeddable":true,"href":"https:\/\/catholicus.eu\/pt\/wp-json\/wp\/v2\/tags?post=3315"}],"curies":[{"name":"wp","href":"https:\/\/api.w.org\/{rel}","templated":true}]}}