{"id":3232,"date":"2025-04-12T23:35:37","date_gmt":"2025-04-12T21:35:37","guid":{"rendered":"https:\/\/catholicus.eu\/pt\/?p=3232"},"modified":"2025-04-12T23:35:37","modified_gmt":"2025-04-12T21:35:37","slug":"quinta-feira-santa-a-missa-in-coena-domini-uma-viagem-ao-coracao-de-cristo","status":"publish","type":"post","link":"https:\/\/catholicus.eu\/pt\/quinta-feira-santa-a-missa-in-coena-domini-uma-viagem-ao-coracao-de-cristo\/","title":{"rendered":"Quinta-feira Santa: A &#8216;Missa in Coena Domini&#8217; \u2013 Uma Viagem ao Cora\u00e7\u00e3o de Cristo"},"content":{"rendered":"\n<p>Na Igreja Cat\u00f3lica, poucas celebra\u00e7\u00f5es s\u00e3o t\u00e3o profundas e comoventes quanto a <strong>Missa in Coena Domini<\/strong> da Quinta-feira Santa. Esta Missa, que abre o Tr\u00edduo Pascal, convida-nos a entrar no mist\u00e9rio do amor de Deus, tornado vis\u00edvel na Eucaristia, no Sacerd\u00f3cio e no Mandamento do Amor fraterno.<br>Mas como surgiu esta celebra\u00e7\u00e3o? E por que ela \u00e9 t\u00e3o essencial hoje? Vamos descobrir juntos as suas origens, hist\u00f3ria e significado, para redescobri-la com o cora\u00e7\u00e3o aberto e disposto \u00e0 gra\u00e7a.<\/p>\n\n\n\n<h2 class=\"wp-block-heading\">As Origens da &#8220;Missa in Coena Domini&#8221;<\/h2>\n\n\n\n<p>O termo <em>Missa in Coena Domini<\/em> significa literalmente &#8220;Missa na Ceia do Senhor&#8221;. \u00c9 a comemora\u00e7\u00e3o lit\u00fargica da \u00daltima Ceia, durante a qual Jesus, antes de entrar em sua Paix\u00e3o, entregou aos ap\u00f3stolos o seu Corpo e o seu Sangue sob as esp\u00e9cies de p\u00e3o e vinho.<\/p>\n\n\n\n<p>As ra\u00edzes desta celebra\u00e7\u00e3o est\u00e3o no cora\u00e7\u00e3o do Evangelho. Os Evangelhos sin\u00f3pticos (Mateus, Marcos e Lucas) narram a institui\u00e7\u00e3o da Eucaristia durante a Ceia, enquanto o Evangelho de Jo\u00e3o n\u00e3o descreve diretamente a institui\u00e7\u00e3o, mas destaca um gesto fundamental: o lava-p\u00e9s.<\/p>\n\n\n\n<p>J\u00e1 nos primeiros s\u00e9culos, os crist\u00e3os se reuniam no anivers\u00e1rio da Paix\u00e3o para celebrar estes mist\u00e9rios. No entanto, foi entre os s\u00e9culos IV e V, especialmente em Jerusal\u00e9m e em Roma, que come\u00e7ou a se estruturar uma liturgia pr\u00f3pria para a Quinta-feira Santa. As peregrina\u00e7\u00f5es aos lugares santos de Jerusal\u00e9m \u2013 especialmente ao Cen\u00e1culo no Monte Si\u00e3o \u2013 evidenciavam a solenidade deste dia.<\/p>\n\n\n\n<p>Na liturgia romana mais antiga, a Quinta-feira Santa era caracterizada por dois elementos principais: a reconcilia\u00e7\u00e3o solene dos penitentes (aqueles que haviam conclu\u00eddo sua penit\u00eancia p\u00fablica) e a celebra\u00e7\u00e3o da Eucaristia em mem\u00f3ria da institui\u00e7\u00e3o por Cristo.<\/p>\n\n\n\n<h2 class=\"wp-block-heading\">O Desenvolvimento Hist\u00f3rico da Celebra\u00e7\u00e3o<\/h2>\n\n\n\n<p>Na Idade M\u00e9dia, a <em>Missa in Coena Domini<\/em> tornou-se ainda mais solene. Difundiu-se o costume de bispos e abades lavarem os p\u00e9s de doze pobres, imitando a humildade de Cristo. Este rito, conhecido como <em>Mandatum<\/em> (das palavras de Jesus: <em>Mandatum novum do vobis<\/em>, &#8220;Dou-vos um novo mandamento&#8221;, Jo 13,34), tornou-se parte integrante da liturgia.<\/p>\n\n\n\n<p>Neste per\u00edodo tamb\u00e9m se desenvolveu o rito da prociss\u00e3o eucar\u00edstica. Ap\u00f3s a Missa, o Sant\u00edssimo Sacramento era transladado solenemente para uma capela lateral (o &#8220;Reposit\u00f3rio&#8221;), onde os fi\u00e9is eram convidados a vigiar em adora\u00e7\u00e3o, recordando a agonia de Jesus no Gets\u00eamani.<\/p>\n\n\n\n<p>Um detalhe hist\u00f3rico interessante: nos primeiros s\u00e9culos, n\u00e3o se celebrava a Eucaristia na Sexta-feira e no S\u00e1bado Santo. Por isso, a Comunh\u00e3o da Quinta-feira Santa assumia uma import\u00e2ncia especial, como o \u00faltimo alimento sacramental antes da Ressurrei\u00e7\u00e3o.<\/p>\n\n\n\n<p>Com a reforma tridentina (s\u00e9culo XVI), o Papa Pio V regulamentou os ritos da Quinta-feira Santa, tornando a cerim\u00f4nia do lava-p\u00e9s facultativa, mas recomendada, muitas vezes realizada ap\u00f3s a Missa. A celebra\u00e7\u00e3o tamb\u00e9m foi transferida para a noite, para permanecer fiel ao relato evang\u00e9lico.<\/p>\n\n\n\n<h2 class=\"wp-block-heading\">O Profundo Significado Teol\u00f3gico da &#8220;Missa in Coena Domini&#8221;<\/h2>\n\n\n\n<p>Tr\u00eas grandes mist\u00e9rios est\u00e3o no centro desta celebra\u00e7\u00e3o:<\/p>\n\n\n\n<ol class=\"wp-block-list\">\n<li><strong>A Institui\u00e7\u00e3o da Eucaristia<\/strong>: Jesus se d\u00e1 como alimento, cumprindo sua promessa: &#8220;Quem come a minha carne e bebe o meu sangue permanece em mim e eu nele&#8221; (Jo 6,56). A Eucaristia n\u00e3o \u00e9 um simples s\u00edmbolo, mas a presen\u00e7a real e substancial de Cristo, oferecido por amor como alimento das almas.<\/li>\n\n\n\n<li><strong>A Institui\u00e7\u00e3o do Sacerd\u00f3cio Ministerial<\/strong>: Com as palavras &#8220;Fazei isto em mem\u00f3ria de mim&#8221; (Lc 22,19), Cristo institui n\u00e3o apenas a Eucaristia, mas tamb\u00e9m o sacerd\u00f3cio. A Quinta-feira Santa \u00e9, portanto, o &#8220;anivers\u00e1rio&#8221; do sacerd\u00f3cio cat\u00f3lico, um dia de profunda gratid\u00e3o por este dom divino.<\/li>\n\n\n\n<li><strong>O Mandamento do Amor<\/strong>: Com o gesto do lava-p\u00e9s, Jesus ensina que a verdadeira grandeza est\u00e1 no servi\u00e7o. O amor, humilde e concreto, \u00e9 a marca do verdadeiro crist\u00e3o. O <em>mandatum novum<\/em> nos interpela: estamos realmente dispostos a amar como Jesus?<\/li>\n<\/ol>\n\n\n\n<p>Estas tr\u00eas dimens\u00f5es \u2013 Eucaristia, Sacerd\u00f3cio e Caridade \u2013 s\u00e3o insepar\u00e1veis. Sem amor, a Eucaristia torna-se vazia; sem Eucaristia, a caridade carece de for\u00e7a sobrenatural; sem sacerd\u00f3cio, a Eucaristia n\u00e3o poderia ser perpetuada na hist\u00f3ria.<\/p>\n\n\n\n<h2 class=\"wp-block-heading\">Reflex\u00f5es Pastorais e Espirituais para Hoje<\/h2>\n\n\n\n<p>Num mundo marcado pelo individualismo e superficialidade, a <em>Missa in Coena Domini<\/em> brilha como um farol luminoso.<\/p>\n\n\n\n<ul class=\"wp-block-list\">\n<li><strong>Redescobrir a Eucaristia<\/strong>: Muitos cat\u00f3licos perderam o sentido da Presen\u00e7a Real de Cristo no Sant\u00edssimo Sacramento. A Quinta-feira Santa convida-nos a reacender o assombro eucar\u00edstico e a reconhecer a humildade infinita de Deus que se faz p\u00e3o para n\u00f3s.<\/li>\n\n\n\n<li><strong>Rezar pelos sacerdotes<\/strong>: Em tempos de esc\u00e2ndalos e confus\u00e3o, \u00e9 mais urgente do que nunca apoiar os sacerdotes com ora\u00e7\u00e3o, estima e carinho. Eles s\u00e3o vasos fr\u00e1geis que carregam o maior Tesouro: o pr\u00f3prio Cristo.<\/li>\n\n\n\n<li><strong>Viver uma caridade aut\u00eantica<\/strong>: O lava-p\u00e9s n\u00e3o \u00e9 apenas um gesto simb\u00f3lico, mas uma escola de vida. Cada crist\u00e3o \u00e9 chamado a &#8220;lavar os p\u00e9s&#8221; dos outros: perdoar, servir, acolher os mais pequenos.<\/li>\n<\/ul>\n\n\n\n<h2 class=\"wp-block-heading\">Os Momentos Lit\u00fargicos Mais Marcantes da Celebra\u00e7\u00e3o<\/h2>\n\n\n\n<p>A <em>Missa in Coena Domini<\/em> caracteriza-se por v\u00e1rios elementos particulares:<\/p>\n\n\n\n<ul class=\"wp-block-list\">\n<li><strong>O Gl\u00f3ria<\/strong>: Ap\u00f3s a longa abstin\u00eancia quaresmal, o c\u00e2ntico do <em>Gl\u00f3ria<\/em> explode de alegria, acompanhado por sinos e \u00f3rg\u00e3o, que depois se silenciam at\u00e9 a Vig\u00edlia Pascal.<\/li>\n\n\n\n<li><strong>A Prociss\u00e3o ao Reposit\u00f3rio<\/strong>: Ao final da Missa, o Sant\u00edssimo Sacramento \u00e9 levado em prociss\u00e3o ao Reposit\u00f3rio, onde os fi\u00e9is s\u00e3o convidados a permanecer em adora\u00e7\u00e3o silenciosa, velando com Jesus no Horto.<\/li>\n\n\n\n<li><strong>O Despojamento dos Altares<\/strong>: Ap\u00f3s a prociss\u00e3o, os altares s\u00e3o despojados, as cruzes cobertas ou removidas: um sinal vis\u00edvel da dor da Igreja e da solid\u00e3o de Cristo at\u00e9 a Ressurrei\u00e7\u00e3o.<\/li>\n<\/ul>\n\n\n\n<h2 class=\"wp-block-heading\">Um Apelo ao Cora\u00e7\u00e3o<\/h2>\n\n\n\n<p>Participar da <em>Missa in Coena Domini<\/em> n\u00e3o \u00e9 apenas assistir a uma bela cerim\u00f4nia. \u00c9 entrar no cora\u00e7\u00e3o do Mist\u00e9rio da F\u00e9: deixar-se amar por Cristo, alimentar-se do seu Corpo e Sangue, purificar-se na sua humilde caridade \u2013 e responder com uma vida doada no amor e no servi\u00e7o aos irm\u00e3os.<\/p>\n\n\n\n<p>Hoje, mais do que nunca, o mundo precisa de crist\u00e3os que vivam da for\u00e7a da Eucaristia e testemunhem o verdadeiro amor.<br>A Quinta-feira Santa n\u00e3o \u00e9 uma lembran\u00e7a do passado, mas um chamado atual e urgente a viver o Evangelho no presente.<\/p>\n\n\n\n<p>Quando, ajoelhados diante do Reposit\u00f3rio, ouvirmos novamente ressoar em nossos cora\u00e7\u00f5es: &#8220;Fazei isto em mem\u00f3ria de mim&#8221;, que nossa alma possa arder com renovado amor pela Eucaristia, pelo Sacerd\u00f3cio e pelos nossos irm\u00e3os e irm\u00e3s.<\/p>\n","protected":false},"excerpt":{"rendered":"<p>Na Igreja Cat\u00f3lica, poucas celebra\u00e7\u00f5es s\u00e3o t\u00e3o profundas e comoventes quanto a Missa in Coena Domini da Quinta-feira Santa. Esta Missa, que abre o Tr\u00edduo Pascal, convida-nos a entrar no mist\u00e9rio do amor de Deus, tornado vis\u00edvel na Eucaristia, no Sacerd\u00f3cio e no Mandamento do Amor fraterno.Mas como surgiu esta celebra\u00e7\u00e3o? E por que ela &hellip;<\/p>\n","protected":false},"author":3,"featured_media":3233,"comment_status":"open","ping_status":"open","sticky":false,"template":"","format":"standard","meta":{"_seopress_robots_primary_cat":"","_seopress_titles_title":"","_seopress_titles_desc":"","_seopress_robots_index":"","footnotes":""},"categories":[38,52],"tags":[644,1053],"class_list":["post-3232","post","type-post","status-publish","format-standard","has-post-thumbnail","","category-historia-e-tradicao","category-liturgia-e-ano-liturgico","tag-quinta-feira-santa","tag-quinta-feira-santa-a-missa-in-coena-domini-uma-viagem-ao-coracao-de-cristo"],"_links":{"self":[{"href":"https:\/\/catholicus.eu\/pt\/wp-json\/wp\/v2\/posts\/3232","targetHints":{"allow":["GET"]}}],"collection":[{"href":"https:\/\/catholicus.eu\/pt\/wp-json\/wp\/v2\/posts"}],"about":[{"href":"https:\/\/catholicus.eu\/pt\/wp-json\/wp\/v2\/types\/post"}],"author":[{"embeddable":true,"href":"https:\/\/catholicus.eu\/pt\/wp-json\/wp\/v2\/users\/3"}],"replies":[{"embeddable":true,"href":"https:\/\/catholicus.eu\/pt\/wp-json\/wp\/v2\/comments?post=3232"}],"version-history":[{"count":1,"href":"https:\/\/catholicus.eu\/pt\/wp-json\/wp\/v2\/posts\/3232\/revisions"}],"predecessor-version":[{"id":3234,"href":"https:\/\/catholicus.eu\/pt\/wp-json\/wp\/v2\/posts\/3232\/revisions\/3234"}],"wp:featuredmedia":[{"embeddable":true,"href":"https:\/\/catholicus.eu\/pt\/wp-json\/wp\/v2\/media\/3233"}],"wp:attachment":[{"href":"https:\/\/catholicus.eu\/pt\/wp-json\/wp\/v2\/media?parent=3232"}],"wp:term":[{"taxonomy":"category","embeddable":true,"href":"https:\/\/catholicus.eu\/pt\/wp-json\/wp\/v2\/categories?post=3232"},{"taxonomy":"post_tag","embeddable":true,"href":"https:\/\/catholicus.eu\/pt\/wp-json\/wp\/v2\/tags?post=3232"}],"curies":[{"name":"wp","href":"https:\/\/api.w.org\/{rel}","templated":true}]}}