{"id":3229,"date":"2025-04-12T22:43:17","date_gmt":"2025-04-12T20:43:17","guid":{"rendered":"https:\/\/catholicus.eu\/pt\/?p=3229"},"modified":"2025-04-12T22:43:17","modified_gmt":"2025-04-12T20:43:17","slug":"devocao-ou-irreverencia-a-verdade-sobre-a-comunhao-na-mao-a-luz-da-tradicao-catolica","status":"publish","type":"post","link":"https:\/\/catholicus.eu\/pt\/devocao-ou-irreverencia-a-verdade-sobre-a-comunhao-na-mao-a-luz-da-tradicao-catolica\/","title":{"rendered":"Devo\u00e7\u00e3o ou Irrever\u00eancia? A Verdade sobre a Comunh\u00e3o na M\u00e3o \u00e0 Luz da Tradi\u00e7\u00e3o Cat\u00f3lica"},"content":{"rendered":"\n<p><strong>INTRODU\u00c7\u00c3O<\/strong><br>H\u00e1 gestos que falam por si. Um aperto de m\u00e3o, um olhar, uma genuflex\u00e3o&#8230; E no centro da f\u00e9 cat\u00f3lica h\u00e1 um gesto que resume tudo: <strong>a forma como recebemos o pr\u00f3prio Deus, presente na H\u00f3stia consagrada.<\/strong><\/p>\n\n\n\n<p>No meio da correria moderna, entre missas r\u00e1pidas e longas filas para a Comunh\u00e3o, poucos ainda se perguntam:<br><strong>Na m\u00e3o ou na l\u00edngua? Isso realmente importa? O que diz a Tradi\u00e7\u00e3o? O que ensinam a teologia e os santos?<\/strong><\/p>\n\n\n\n<p>Este artigo n\u00e3o quer julgar nem criar pol\u00eamicas, mas sim <strong>educar, inspirar e guiar espiritualmente<\/strong>, despertando o sentido do sagrado que talvez esteja adormecido em nossos cora\u00e7\u00f5es.<\/p>\n\n\n\n<hr class=\"wp-block-separator has-alpha-channel-opacity\"\/>\n\n\n\n<h2 class=\"wp-block-heading\">1. <strong>O QUE \u00c9 A COMUNH\u00c3O \u2013 E POR QUE A FORMA DE RECEB\u00ca-LA IMPORTA?<\/strong><\/h2>\n\n\n\n<p>Receber a Sagrada Comunh\u00e3o n\u00e3o \u00e9 um gesto qualquer. \u00c9 o <strong>\u00e1pice da Missa<\/strong>: o momento em que o Corpo, o Sangue, a Alma e a Divindade de Jesus Cristo entram na alma do fiel.<\/p>\n\n\n\n<p>N\u00e3o se trata apenas de uma forma exterior, mas de uma <strong>disposi\u00e7\u00e3o interior<\/strong>, que tamb\u00e9m se expressa atrav\u00e9s do corpo.<br>Como diz o <em>Catecismo da Igreja Cat\u00f3lica<\/em> (n. 1384):<br><strong>\u00abO Senhor dirige-nos um convite insistente para O receber no sacramento da Eucaristia.\u00bb<\/strong><\/p>\n\n\n\n<p>Mas como todo grande mist\u00e9rio, este tamb\u00e9m exige <strong>prepara\u00e7\u00e3o, humildade&#8230; e adora\u00e7\u00e3o.<\/strong><\/p>\n\n\n\n<hr class=\"wp-block-separator has-alpha-channel-opacity\"\/>\n\n\n\n<h2 class=\"wp-block-heading\">2. <strong>UM OLHAR PARA A HIST\u00d3RIA: A COMUNH\u00c3O NA M\u00c3O EXISTIA NA IGREJA ANTIGA?<\/strong><\/h2>\n\n\n\n<p>Um dos argumentos mais citados a favor da comunh\u00e3o na m\u00e3o \u00e9 que ela era praticada nos primeiros s\u00e9culos. Mas ser\u00e1 que \u00e9 mesmo assim?<\/p>\n\n\n\n<p>Costuma-se citar S\u00e3o Cirilo de Jerusal\u00e9m (s\u00e9c. IV):<\/p>\n\n\n\n<blockquote class=\"wp-block-quote is-layout-flow wp-block-quote-is-layout-flow\">\n<p>\u00abFaz da tua m\u00e3o esquerda um trono para a direita, que vai receber o Rei.\u00bb<\/p>\n<\/blockquote>\n\n\n\n<p>No entanto, quando retirada do contexto, essa frase pode ser enganosa.<br>Estudos s\u00e9rios mostram que essa pr\u00e1tica era <strong>altamente ritualizada<\/strong>: as m\u00e3os eram lavadas, o fiel se curvava profundamente, <strong>n\u00e3o tocava a H\u00f3stia com os dedos<\/strong>, mas a levava \u00e0 boca diretamente da palma. E havia <strong>m\u00e1xima aten\u00e7\u00e3o para que nenhuma part\u00edcula fosse perdida.<\/strong><\/p>\n\n\n\n<p><strong>Era algo profundamente diferente da pr\u00e1tica atual.<\/strong><br>Al\u00e9m disso, com o tempo, a Igreja <strong>abandonou esse m\u00e9todo<\/strong>, n\u00e3o apenas para evitar abusos, mas devido a uma <strong>maior consci\u00eancia da Presen\u00e7a Real de Cristo na Eucaristia.<\/strong><\/p>\n\n\n\n<hr class=\"wp-block-separator has-alpha-channel-opacity\"\/>\n\n\n\n<h2 class=\"wp-block-heading\">3. <strong>A EVOLU\u00c7\u00c3O PARA A COMUNH\u00c3O NA L\u00cdNGUA<\/strong><\/h2>\n\n\n\n<p>Desde o s\u00e9culo VII \u2013 e mais claramente a partir do s\u00e9culo IX \u2013 a Igreja passou a adotar a <strong>comunh\u00e3o na l\u00edngua<\/strong>, n\u00e3o como imposi\u00e7\u00e3o clerical, mas como <strong>fruto de um amadurecimento lit\u00fargico e teol\u00f3gico.<\/strong><\/p>\n\n\n\n<p>As raz\u00f5es eram claras:<\/p>\n\n\n\n<ul class=\"wp-block-list\">\n<li><strong>Evitar profana\u00e7\u00f5es e abusos.<\/strong><\/li>\n\n\n\n<li><strong>Proteger as part\u00edculas da H\u00f3stia.<\/strong><\/li>\n\n\n\n<li><strong>Favorecer uma atitude de humildade e adora\u00e7\u00e3o.<\/strong><\/li>\n<\/ul>\n\n\n\n<p>S\u00e3o Tom\u00e1s de Aquino afirma:<\/p>\n\n\n\n<blockquote class=\"wp-block-quote is-layout-flow wp-block-quote-is-layout-flow\">\n<p>\u00abO Corpo de Cristo \u00e9 dado pelo sacerdote e n\u00e3o tocado pelos fi\u00e9is, por rever\u00eancia a este Sacramento.\u00bb (<em>Summa Theologiae<\/em>, III, q.82, a.3)<\/p>\n<\/blockquote>\n\n\n\n<p>A comunh\u00e3o na l\u00edngua <strong>n\u00e3o \u00e9 uma inven\u00e7\u00e3o recente<\/strong>, mas sim a express\u00e3o de uma <strong>teologia profunda<\/strong> do Sacramento.<\/p>\n\n\n\n<hr class=\"wp-block-separator has-alpha-channel-opacity\"\/>\n\n\n\n<h2 class=\"wp-block-heading\">4. <strong>O CONC\u00cdLIO VATICANO II E A MUDAN\u00c7A NA PR\u00c1TICA<\/strong><\/h2>\n\n\n\n<p>\u00c9 importante esclarecer: <strong>o Conc\u00edlio Vaticano II nunca promoveu a comunh\u00e3o na m\u00e3o.<\/strong><br>Na d\u00e9cada de 1960, em alguns pa\u00edses europeus, essa pr\u00e1tica come\u00e7ou de maneira <strong>abusiva, sem autoriza\u00e7\u00e3o de Roma.<\/strong><\/p>\n\n\n\n<p>O Papa Paulo VI, na instru\u00e7\u00e3o <em>Memoriale Domini<\/em> (1969), consultou os bispos do mundo inteiro. A <strong>grande maioria se posicionou contra a comunh\u00e3o na m\u00e3o.<\/strong><br>Mesmo assim, Roma permitiu \u2013 <strong>como exce\u00e7\u00e3o<\/strong> \u2013 que alguns episcopados recebessem um <strong>indulto<\/strong> para toler\u00e1-la.<\/p>\n\n\n\n<p>Aquilo que era uma exce\u00e7\u00e3o <strong>acabou se tornando pr\u00e1tica comum<\/strong>, muitas vezes <strong>sem catequese nem forma\u00e7\u00e3o adequada.<\/strong><\/p>\n\n\n\n<hr class=\"wp-block-separator has-alpha-channel-opacity\"\/>\n\n\n\n<h2 class=\"wp-block-heading\">5. <strong>O QUE A IGREJA DIZ HOJE?<\/strong><\/h2>\n\n\n\n<p>Hoje, a Igreja <strong>permite ambas as formas<\/strong> \u2013 na l\u00edngua ou na m\u00e3o \u2013 mas isso <strong>n\u00e3o significa que sejam teologicamente equivalentes.<\/strong><\/p>\n\n\n\n<p>A instru\u00e7\u00e3o <em>Redemptionis Sacramentum<\/em> (2004) afirma:<\/p>\n\n\n\n<blockquote class=\"wp-block-quote is-layout-flow wp-block-quote-is-layout-flow\">\n<p>\u00abEmbora cada fiel tenha o direito de receber a Comunh\u00e3o na l\u00edngua, quando se distribui na m\u00e3o \u00e9 preciso prestar grande aten\u00e7\u00e3o para que nenhuma part\u00edcula seja perdida.\u00bb<\/p>\n<\/blockquote>\n\n\n\n<p>Porque <strong>em cada part\u00edcula est\u00e1 presente Cristo inteiro.<\/strong><br>Um fragmento n\u00e3o \u00e9 \u201cum pedacinho de Jesus\u201d, <strong>\u00e9 Jesus por inteiro.<\/strong><\/p>\n\n\n\n<p>E aqui est\u00e1 o ponto central: <strong>a comunh\u00e3o na m\u00e3o, tal como \u00e9 comumente praticada hoje, facilita a perda de part\u00edculas e gestos pouco reverentes<\/strong>, muitas vezes de forma inconsciente.<\/p>\n\n\n\n<hr class=\"wp-block-separator has-alpha-channel-opacity\"\/>\n\n\n\n<h2 class=\"wp-block-heading\">6. <strong>E OS SANTOS? O QUE DIZEM AQUELES QUE VIVERAM DA EUCARISTIA?<\/strong><\/h2>\n\n\n\n<p>Os santos n\u00e3o s\u00e3o figuras do passado, mas <strong>modelos para o hoje.<\/strong><br>Muitos viveram um amor profundo pela Eucaristia:<\/p>\n\n\n\n<ul class=\"wp-block-list\">\n<li><strong>S\u00e3o Francisco de Assis<\/strong> exigia que os c\u00e1lices e corporais fossem tratados com m\u00e1xima rever\u00eancia.<\/li>\n\n\n\n<li><strong>Santa Teresa de \u00c1vila<\/strong> chorava ao meditar sobre a presen\u00e7a de Jesus no Sacr\u00e1rio.<\/li>\n\n\n\n<li><strong>S\u00e3o Padre Pio<\/strong> s\u00f3 permitia a comunh\u00e3o na l\u00edngua \u2013 com devo\u00e7\u00e3o profunda.<\/li>\n\n\n\n<li><strong>A Beata Madre Teresa de Calcut\u00e1<\/strong> declarou abertamente: \u00abO maior mal no mundo de hoje \u00e9 a comunh\u00e3o na m\u00e3o.\u00bb<\/li>\n<\/ul>\n\n\n\n<p>Ser\u00e1 que n\u00e3o vale a pena ouvi-los?<\/p>\n\n\n\n<hr class=\"wp-block-separator has-alpha-channel-opacity\"\/>\n\n\n\n<h2 class=\"wp-block-heading\">7. <strong>UMA PERSPECTIVA TEOL\u00d3GICA E PASTORAL: O QUE EST\u00c1 EM JOGO?<\/strong><\/h2>\n\n\n\n<p>N\u00e3o se trata de <strong>julgar<\/strong> quem recebe a comunh\u00e3o na m\u00e3o com f\u00e9 e boa vontade.<br>A Igreja <strong>n\u00e3o pro\u00edbe<\/strong> essa pr\u00e1tica.<br>Mas trata-se de <strong>educar a consci\u00eancia<\/strong>, redescobrir o sagrado, entender que <strong>a forma exterior influencia a disposi\u00e7\u00e3o interior.<\/strong><\/p>\n\n\n\n<p>Quando nos ajoelhamos e recebemos na l\u00edngua, <strong>o corpo expressa o que a f\u00e9 acredita<\/strong>:<br><strong>\u00abTu \u00e9s Deus. Eu n\u00e3o sou digno. Eu Te adoro.\u00bb<\/strong><\/p>\n\n\n\n<p>Num mundo que perdeu o sentido do pecado e banaliza o sagrado, <strong>precisamos mais do que nunca de sinais vis\u00edveis de adora\u00e7\u00e3o.<\/strong><\/p>\n\n\n\n<hr class=\"wp-block-separator has-alpha-channel-opacity\"\/>\n\n\n\n<h2 class=\"wp-block-heading\">8. <strong>O QUE VOC\u00ca PODE FAZER, CAT\u00d3LICO FIEL?<\/strong><\/h2>\n\n\n\n<ol class=\"wp-block-list\">\n<li><strong>Informe-se.<\/strong> N\u00e3o aja por h\u00e1bito, mas por f\u00e9.<\/li>\n\n\n\n<li><strong>Examine o seu cora\u00e7\u00e3o.<\/strong> Como voc\u00ea se prepara para comungar? Com que f\u00e9?<\/li>\n\n\n\n<li><strong>Redescubra a comunh\u00e3o na l\u00edngua.<\/strong> Experimente. Pe\u00e7a a Deus para tocar o seu cora\u00e7\u00e3o.<\/li>\n\n\n\n<li><strong>Eduque com caridade.<\/strong> N\u00e3o julgue, mas compartilhe o que voc\u00ea aprendeu.<\/li>\n\n\n\n<li><strong>Seja um testemunho silencioso.<\/strong> Seu gesto pode tocar muitas almas.<\/li>\n<\/ol>\n\n\n\n<hr class=\"wp-block-separator has-alpha-channel-opacity\"\/>\n\n\n\n<h2 class=\"wp-block-heading\">CONCLUS\u00c3O:<\/h2>\n\n\n\n<p><strong>Devo\u00e7\u00e3o ou costume? Depende do cora\u00e7\u00e3o\u2026 mas tamb\u00e9m do gesto.<\/strong><\/p>\n\n\n\n<p>Hoje a Igreja precisa voltar ao essencial. A Comunh\u00e3o <strong>n\u00e3o \u00e9 um s\u00edmbolo, nem um direito, nem um ato social.<\/strong><br>\u00c9 <strong>Deus vivo que se entrega.<\/strong><\/p>\n\n\n\n<p>E se realmente cremos que Jesus est\u00e1 presente na H\u00f3stia\u2026 <strong>nenhum ato de rever\u00eancia ser\u00e1 exagero.<\/strong><br>Porque <strong>n\u00e3o se trata das nossas m\u00e3os\u2026 mas da Sua Majestade.<\/strong><\/p>\n\n\n\n<hr class=\"wp-block-separator has-alpha-channel-opacity\"\/>\n\n\n\n<p><strong>Voc\u00ea est\u00e1 pronto para dar um passo a mais na f\u00e9? Para redescobrir o assombro adorador da Eucaristia? Jesus espera por voc\u00ea. Sempre.<\/strong><br>Mas\u2026 <strong>como voc\u00ea vai responder?<\/strong><\/p>\n","protected":false},"excerpt":{"rendered":"<p>INTRODU\u00c7\u00c3OH\u00e1 gestos que falam por si. Um aperto de m\u00e3o, um olhar, uma genuflex\u00e3o&#8230; E no centro da f\u00e9 cat\u00f3lica h\u00e1 um gesto que resume tudo: a forma como recebemos o pr\u00f3prio Deus, presente na H\u00f3stia consagrada. No meio da correria moderna, entre missas r\u00e1pidas e longas filas para a Comunh\u00e3o, poucos ainda se perguntam:Na &hellip;<\/p>\n","protected":false},"author":3,"featured_media":3230,"comment_status":"open","ping_status":"open","sticky":false,"template":"","format":"standard","meta":{"_seopress_robots_primary_cat":"","_seopress_titles_title":"","_seopress_titles_desc":"","_seopress_robots_index":"","footnotes":""},"categories":[59,40],"tags":[1052],"class_list":["post-3229","post","type-post","status-publish","format-standard","has-post-thumbnail","","category-eucaristia-e-adoracao","category-oracao-e-espiritualidade","tag-comunhao-na-mao"],"_links":{"self":[{"href":"https:\/\/catholicus.eu\/pt\/wp-json\/wp\/v2\/posts\/3229","targetHints":{"allow":["GET"]}}],"collection":[{"href":"https:\/\/catholicus.eu\/pt\/wp-json\/wp\/v2\/posts"}],"about":[{"href":"https:\/\/catholicus.eu\/pt\/wp-json\/wp\/v2\/types\/post"}],"author":[{"embeddable":true,"href":"https:\/\/catholicus.eu\/pt\/wp-json\/wp\/v2\/users\/3"}],"replies":[{"embeddable":true,"href":"https:\/\/catholicus.eu\/pt\/wp-json\/wp\/v2\/comments?post=3229"}],"version-history":[{"count":1,"href":"https:\/\/catholicus.eu\/pt\/wp-json\/wp\/v2\/posts\/3229\/revisions"}],"predecessor-version":[{"id":3231,"href":"https:\/\/catholicus.eu\/pt\/wp-json\/wp\/v2\/posts\/3229\/revisions\/3231"}],"wp:featuredmedia":[{"embeddable":true,"href":"https:\/\/catholicus.eu\/pt\/wp-json\/wp\/v2\/media\/3230"}],"wp:attachment":[{"href":"https:\/\/catholicus.eu\/pt\/wp-json\/wp\/v2\/media?parent=3229"}],"wp:term":[{"taxonomy":"category","embeddable":true,"href":"https:\/\/catholicus.eu\/pt\/wp-json\/wp\/v2\/categories?post=3229"},{"taxonomy":"post_tag","embeddable":true,"href":"https:\/\/catholicus.eu\/pt\/wp-json\/wp\/v2\/tags?post=3229"}],"curies":[{"name":"wp","href":"https:\/\/api.w.org\/{rel}","templated":true}]}}