{"id":3226,"date":"2025-04-11T23:24:05","date_gmt":"2025-04-11T21:24:05","guid":{"rendered":"https:\/\/catholicus.eu\/pt\/?p=3226"},"modified":"2025-04-11T23:24:05","modified_gmt":"2025-04-11T21:24:05","slug":"os-3-dogmas-marianos-que-quase-nenhum-catolico-conhece-e-que-foram-definidos-contra-heresias-esquecidas","status":"publish","type":"post","link":"https:\/\/catholicus.eu\/pt\/os-3-dogmas-marianos-que-quase-nenhum-catolico-conhece-e-que-foram-definidos-contra-heresias-esquecidas\/","title":{"rendered":"Os 3 Dogmas Marianos que Quase Nenhum Cat\u00f3lico Conhece (e que Foram Definidos Contra Heresias Esquecidas)"},"content":{"rendered":"\n<h3 class=\"wp-block-heading\"><strong>Introdu\u00e7\u00e3o: A Virgem Maria no Cora\u00e7\u00e3o da F\u00e9<\/strong><\/h3>\n\n\n\n<p>A Sant\u00edssima Virgem Maria ocupa um lugar \u00fanico na teologia cat\u00f3lica. No entanto, muitos fi\u00e9is desconhecem que v\u00e1rios dogmas marianos surgiram como resposta a erros doutrin\u00e1rios que amea\u00e7avam a integridade da f\u00e9. Al\u00e9m da Imaculada Concei\u00e7\u00e3o ou da Assun\u00e7\u00e3o, a Igreja definiu solenemente outras verdades sobre Maria que, embora menos conhecidas, s\u00e3o essenciais para compreender seu papel na hist\u00f3ria da salva\u00e7\u00e3o.<\/p>\n\n\n\n<p>Este artigo revela&nbsp;<strong>tr\u00eas dogmas marianos pouco divulgados<\/strong>, explicando:<\/p>\n\n\n\n<ul class=\"wp-block-list\">\n<li><strong>O contexto hist\u00f3rico<\/strong>\u00a0das heresias que os tornaram necess\u00e1rios<\/li>\n\n\n\n<li><strong>As bases b\u00edblicas e patr\u00edsticas<\/strong>\u00a0que os sustentam<\/li>\n\n\n\n<li><strong>Sua relev\u00e2ncia atual<\/strong>\u00a0num mundo que questiona verdades essenciais<\/li>\n<\/ul>\n\n\n\n<hr class=\"wp-block-separator has-alpha-channel-opacity\"\/>\n\n\n\n<h3 class=\"wp-block-heading\"><strong>1. Maria&nbsp;<em>Theotokos<\/em>&nbsp;(M\u00e3e de Deus): O Dogma que Derrotou o Nestorianismo<\/strong><\/h3>\n\n\n\n<p><strong>Definido no:<\/strong>&nbsp;Conc\u00edlio de \u00c9feso (431 d.C.)<\/p>\n\n\n\n<h4 class=\"wp-block-heading\"><strong>A heresia esquecida:<\/strong><\/h4>\n\n\n\n<p>Nest\u00f3rio, patriarca de Constantinopla, ensinava que Maria era apenas&nbsp;<em>Christotokos<\/em>&nbsp;(M\u00e3e de Cristo), n\u00e3o&nbsp;<em>Theotokos<\/em>&nbsp;(M\u00e3e de Deus), dividindo Cristo em &#8220;duas pessoas&#8221;: uma divina e outra humana.<\/p>\n\n\n\n<h4 class=\"wp-block-heading\"><strong>A resposta da Igreja:<\/strong><\/h4>\n\n\n\n<ul class=\"wp-block-list\">\n<li>S\u00e3o Cirilo de Alexandria liderou a defesa do dogma, citando\u00a0<strong>Lucas 1:43<\/strong>\u00a0(&#8220;Donde me vem que a m\u00e3e do meu Senhor me visite?&#8221;)<\/li>\n\n\n\n<li>O Conc\u00edlio declarou:\u00a0<em>&#8220;Se algu\u00e9m n\u00e3o confessar que o Emanuel \u00e9 verdadeiro Deus e que portanto a Sant\u00edssima Virgem \u00e9 M\u00e3e de Deus&#8230; seja an\u00e1tema.&#8221;<\/em><\/li>\n<\/ul>\n\n\n\n<p><strong>Por que importa hoje:<\/strong><br>Este dogma salvaguarda a unidade da Pessoa de Cristo, atacada por teorias que reduzem Jesus a mero &#8220;mestre espiritual&#8221;.<\/p>\n\n\n\n<hr class=\"wp-block-separator has-alpha-channel-opacity\"\/>\n\n\n\n<h3 class=\"wp-block-heading\"><strong>2. A Virgindade Perp\u00e9tua de Maria: Contra os que Negavam sua Integridade<\/strong><\/h3>\n\n\n\n<p><strong>Definido no:<\/strong><\/p>\n\n\n\n<ul class=\"wp-block-list\">\n<li>S\u00ednodo de Mil\u00e3o (389 d.C.)<\/li>\n\n\n\n<li>Confirmado pelo Papa S\u00e3o Sir\u00edcio e Conc\u00edlio de Latr\u00e3o (649)<\/li>\n<\/ul>\n\n\n\n<h4 class=\"wp-block-heading\"><strong>As heresias esquecidas:<\/strong><\/h4>\n\n\n\n<ul class=\"wp-block-list\">\n<li><strong>Os antidicomarianitas<\/strong>\u00a0(s\u00e9c. IV) afirmavam que Maria teve outros filhos ap\u00f3s Jesus.<\/li>\n\n\n\n<li><strong>Joviniano<\/strong>\u00a0(s\u00e9c. IV) ensinava que ela perdeu a virgindade no parto.<\/li>\n<\/ul>\n\n\n\n<h4 class=\"wp-block-heading\"><strong>A resposta da Igreja:<\/strong><\/h4>\n\n\n\n<ul class=\"wp-block-list\">\n<li>Baseando-se em\u00a0<strong>Ezequiel 44:2<\/strong>\u00a0(&#8220;Esta porta permanecer\u00e1 fechada&#8221;) e na tradi\u00e7\u00e3o un\u00e2nime dos Padres, definiu-se que Maria foi:\n<ol start=\"1\" class=\"wp-block-list\">\n<li>Virgem\u00a0<em>antes<\/em>\u00a0do parto<\/li>\n\n\n\n<li>Virgem\u00a0<em>durante<\/em>\u00a0o parto (sem perda da integridade f\u00edsica)<\/li>\n\n\n\n<li>Virgem\u00a0<em>depois<\/em>\u00a0do parto<\/li>\n<\/ol>\n<\/li>\n<\/ul>\n\n\n\n<p><strong>Por que importa hoje:<\/strong><br>Este dogma protege o car\u00e1ter sobrenatural da Encarna\u00e7\u00e3o, questionado at\u00e9 por te\u00f3logos modernos.<\/p>\n\n\n\n<hr class=\"wp-block-separator has-alpha-channel-opacity\"\/>\n\n\n\n<h3 class=\"wp-block-heading\"><strong>3. A Imaculada Concei\u00e7\u00e3o: S\u00e9culos de Debate Antes de Pio IX<\/strong><\/h3>\n\n\n\n<p><strong>Definido na:<\/strong>&nbsp;Bula&nbsp;<em>Ineffabilis Deus<\/em>&nbsp;(1854)<\/p>\n\n\n\n<h4 class=\"wp-block-heading\"><strong>As controv\u00e9rsias esquecidas:<\/strong><\/h4>\n\n\n\n<ul class=\"wp-block-list\">\n<li><strong>Os maculistas<\/strong>\u00a0(incluindo santos como Bernardo de Claraval e Tom\u00e1s de Aquino) criam que Maria foi santificada ap\u00f3s sua concep\u00e7\u00e3o.<\/li>\n\n\n\n<li><strong>Protestantes<\/strong>\u00a0negavam sua isen\u00e7\u00e3o do pecado original.<\/li>\n<\/ul>\n\n\n\n<h4 class=\"wp-block-heading\"><strong>A resposta da Igreja:<\/strong><\/h4>\n\n\n\n<ul class=\"wp-block-list\">\n<li>Pio IX baseou o dogma em:\n<ul class=\"wp-block-list\">\n<li><strong>G\u00eanesis 3:15<\/strong>\u00a0(&#8220;Ela te esmagar\u00e1 a cabe\u00e7a&#8221;)<\/li>\n\n\n\n<li>A tradi\u00e7\u00e3o bizantina que celebrava a Concei\u00e7\u00e3o de Sant&#8217;Ana desde o s\u00e9culo VIII<\/li>\n\n\n\n<li>Revela\u00e7\u00f5es privadas a Santa Catarina Labour\u00e9 (1830)<\/li>\n<\/ul>\n<\/li>\n<\/ul>\n\n\n\n<p><strong>Dado pouco conhecido:<\/strong>&nbsp;A Espanha defendeu este dogma s\u00e9culos antes de sua defini\u00e7\u00e3o, declarando sua cren\u00e7a em 1760 por Decreto Real de Carlos III.<\/p>\n\n\n\n<hr class=\"wp-block-separator has-alpha-channel-opacity\"\/>\n\n\n\n<h3 class=\"wp-block-heading\"><strong>Heresias Modernas que Estes Dogmas Refutam<\/strong><\/h3>\n\n\n\n<ol start=\"1\" class=\"wp-block-list\">\n<li><strong>Feminismo radical<\/strong>\u00a0que rejeita a virgindade como virtude<\/li>\n\n\n\n<li><strong>Racionalismo<\/strong>\u00a0que nega os milagres do parto virginal<\/li>\n\n\n\n<li><strong>Relativismo<\/strong>\u00a0que equipara Maria a &#8220;m\u00e3es de deuses&#8221; pag\u00e3s<\/li>\n<\/ol>\n\n\n\n<hr class=\"wp-block-separator has-alpha-channel-opacity\"\/>\n\n\n\n<h3 class=\"wp-block-heading\"><strong>Conclus\u00e3o: Maria, Baluarte Contra os Erros<\/strong><\/h3>\n\n\n\n<p>Estes dogmas n\u00e3o s\u00e3o meras f\u00f3rmulas teol\u00f3gicas, mas&nbsp;<strong>muralhas que protegem verdades maiores<\/strong>:<\/p>\n\n\n\n<ul class=\"wp-block-list\">\n<li>A divindade de Cristo (<em>Theotokos<\/em>)<\/li>\n\n\n\n<li>A natureza da Encarna\u00e7\u00e3o (Virgindade)<\/li>\n\n\n\n<li>A universalidade da Reden\u00e7\u00e3o (Imaculada Concei\u00e7\u00e3o)<\/li>\n<\/ul>\n\n\n\n<p><strong>Para aprofundar:<\/strong><\/p>\n\n\n\n<ul class=\"wp-block-list\">\n<li><strong>Ler<\/strong>\u00a0<em>Redemptoris Mater<\/em>\u00a0de Jo\u00e3o Paulo II<\/li>\n\n\n\n<li><strong>Rezar<\/strong>\u00a0o\u00a0<em>Sub tuum praesidium<\/em>\u00a0(a ora\u00e7\u00e3o mariana mais antiga)<\/li>\n\n\n\n<li><strong>Estudar<\/strong>\u00a0os escritos de S\u00e3o Lu\u00eds Maria Grignion de Montfort<\/li>\n<\/ul>\n\n\n\n<p>Numa \u00e9poca de confus\u00e3o doutrinal, Maria continua sendo, como disse S\u00e3o Jo\u00e3o Damasceno,&nbsp;<em>&#8220;aquela que dissipa todas as heresias&#8221;<\/em>.<\/p>\n","protected":false},"excerpt":{"rendered":"<p>Introdu\u00e7\u00e3o: A Virgem Maria no Cora\u00e7\u00e3o da F\u00e9 A Sant\u00edssima Virgem Maria ocupa um lugar \u00fanico na teologia cat\u00f3lica. No entanto, muitos fi\u00e9is desconhecem que v\u00e1rios dogmas marianos surgiram como resposta a erros doutrin\u00e1rios que amea\u00e7avam a integridade da f\u00e9. Al\u00e9m da Imaculada Concei\u00e7\u00e3o ou da Assun\u00e7\u00e3o, a Igreja definiu solenemente outras verdades sobre Maria &hellip;<\/p>\n","protected":false},"author":3,"featured_media":3227,"comment_status":"open","ping_status":"open","sticky":false,"template":"","format":"standard","meta":{"_seopress_robots_primary_cat":"","_seopress_titles_title":"","_seopress_titles_desc":"","_seopress_robots_index":"","footnotes":""},"categories":[44,37],"tags":[1051],"class_list":["post-3226","post","type-post","status-publish","format-standard","has-post-thumbnail","","category-dogmas-da-fe","category-doutrina-e-fe","tag-theotokos"],"_links":{"self":[{"href":"https:\/\/catholicus.eu\/pt\/wp-json\/wp\/v2\/posts\/3226","targetHints":{"allow":["GET"]}}],"collection":[{"href":"https:\/\/catholicus.eu\/pt\/wp-json\/wp\/v2\/posts"}],"about":[{"href":"https:\/\/catholicus.eu\/pt\/wp-json\/wp\/v2\/types\/post"}],"author":[{"embeddable":true,"href":"https:\/\/catholicus.eu\/pt\/wp-json\/wp\/v2\/users\/3"}],"replies":[{"embeddable":true,"href":"https:\/\/catholicus.eu\/pt\/wp-json\/wp\/v2\/comments?post=3226"}],"version-history":[{"count":1,"href":"https:\/\/catholicus.eu\/pt\/wp-json\/wp\/v2\/posts\/3226\/revisions"}],"predecessor-version":[{"id":3228,"href":"https:\/\/catholicus.eu\/pt\/wp-json\/wp\/v2\/posts\/3226\/revisions\/3228"}],"wp:featuredmedia":[{"embeddable":true,"href":"https:\/\/catholicus.eu\/pt\/wp-json\/wp\/v2\/media\/3227"}],"wp:attachment":[{"href":"https:\/\/catholicus.eu\/pt\/wp-json\/wp\/v2\/media?parent=3226"}],"wp:term":[{"taxonomy":"category","embeddable":true,"href":"https:\/\/catholicus.eu\/pt\/wp-json\/wp\/v2\/categories?post=3226"},{"taxonomy":"post_tag","embeddable":true,"href":"https:\/\/catholicus.eu\/pt\/wp-json\/wp\/v2\/tags?post=3226"}],"curies":[{"name":"wp","href":"https:\/\/api.w.org\/{rel}","templated":true}]}}