{"id":3193,"date":"2025-04-09T23:39:09","date_gmt":"2025-04-09T21:39:09","guid":{"rendered":"https:\/\/catholicus.eu\/pt\/?p=3193"},"modified":"2025-04-09T23:39:09","modified_gmt":"2025-04-09T21:39:09","slug":"os-mortos-podem-interceder-por-nos-a-surpreendente-verdade-catolica-sobre-a-comunhao-dos-santos","status":"publish","type":"post","link":"https:\/\/catholicus.eu\/pt\/os-mortos-podem-interceder-por-nos-a-surpreendente-verdade-catolica-sobre-a-comunhao-dos-santos\/","title":{"rendered":"Os mortos podem interceder por n\u00f3s? A surpreendente verdade cat\u00f3lica sobre a comunh\u00e3o dos santos"},"content":{"rendered":"\n<p><em>&#8220;A morte n\u00e3o rompe o v\u00ednculo do amor; apenas o transforma.&#8221;<\/em><\/p>\n\n\n\n<p>Num mundo onde a morte \u00e9 frequentemente vista como um mist\u00e9rio sombrio e aterrorizante, a f\u00e9 cat\u00f3lica oferece uma vis\u00e3o luminosa e esperan\u00e7osa: aqueles que partiram desta vida n\u00e3o est\u00e3o longe de n\u00f3s, mas em Cristo permanecem unidos \u00e0 Igreja por um la\u00e7o eterno de caridade. Mas podem realmente interceder por n\u00f3s? \u00c9 b\u00edblico pedir sua ajuda? Ou seria supersti\u00e7\u00e3o?<\/p>\n\n\n\n<p>Este artigo explorar\u00e1 os fundamentos teol\u00f3gicos, hist\u00f3ricos e pastorais da intercess\u00e3o dos falecidos, respondendo \u00e0s inquieta\u00e7\u00f5es modernas com a sabedoria perene da Igreja.<\/p>\n\n\n\n<hr class=\"wp-block-separator has-alpha-channel-opacity\"\/>\n\n\n\n<h3 class=\"wp-block-heading\"><strong>1. A base b\u00edblica: A Escritura fala da intercess\u00e3o dos mortos?<\/strong><\/h3>\n\n\n\n<p>A cren\u00e7a na intercess\u00e3o dos santos (e das almas do Purgat\u00f3rio) n\u00e3o \u00e9 uma inven\u00e7\u00e3o medieval, mas uma pr\u00e1tica enraizada na Revela\u00e7\u00e3o. Consideremos exemplos-chave:<\/p>\n\n\n\n<ul class=\"wp-block-list\">\n<li><strong>2 Macabeus 12:44-45<\/strong>: Judas Macabeu oferece sacrif\u00edcios pelos mortos, reconhecendo que &#8220;\u00e9 um pensamento santo e piedoso rezar pelos defuntos&#8221;. Se os vivos podem rezar\u00a0<em>por<\/em>\u00a0eles, n\u00e3o poderiam eles tamb\u00e9m interceder\u00a0<em>por<\/em>\u00a0n\u00f3s?<\/li>\n\n\n\n<li><strong>Apocalipse 5:8<\/strong>: Os santos no C\u00e9u apresentam a Deus as &#8220;ora\u00e7\u00f5es dos santos&#8221; (os fi\u00e9is na terra).<\/li>\n\n\n\n<li><strong>Lucas 16:19-31<\/strong>: Na par\u00e1bola do rico e L\u00e1zaro, o rico (embora condenado) intercede por seus irm\u00e3os ainda vivos, mostrando que a morte n\u00e3o anula a preocupa\u00e7\u00e3o pelos que ficam na terra.<\/li>\n<\/ul>\n\n\n\n<p>Estes textos revelam uma&nbsp;<em>verdadeira comunh\u00e3o<\/em>&nbsp;entre C\u00e9u, Purgat\u00f3rio e Terra.<\/p>\n\n\n\n<hr class=\"wp-block-separator has-alpha-channel-opacity\"\/>\n\n\n\n<h3 class=\"wp-block-heading\"><strong>2. A Tradi\u00e7\u00e3o: O que ensinaram os Padres da Igreja?<\/strong><\/h3>\n\n\n\n<p>Desde os primeiros s\u00e9culos, os crist\u00e3os honravam os m\u00e1rtires e pediam sua intercess\u00e3o. S\u00e3o Cipriano (s\u00e9c. III) escreveu:&nbsp;<em>&#8220;N\u00e3o cessemos de implorar a miseric\u00f3rdia de Deus pelos falecidos&#8221;<\/em>, e Santo Agostinho (s\u00e9c. V) afirmou que&nbsp;<em>&#8220;as ora\u00e7\u00f5es da Igreja, os sacrif\u00edcios do altar e as esmolas ajudam as almas do Purgat\u00f3rio&#8221;<\/em>.<\/p>\n\n\n\n<p>Os crist\u00e3os celebravam a Eucaristia nos t\u00famulos dos m\u00e1rtires, pedindo sua ajuda espiritual. Isto n\u00e3o era idolatria, mas f\u00e9 de que&nbsp;<em>&#8220;Deus n\u00e3o \u00e9 Deus dos mortos, mas dos vivos&#8221;<\/em>&nbsp;(Mateus 22:32).<\/p>\n\n\n\n<hr class=\"wp-block-separator has-alpha-channel-opacity\"\/>\n\n\n\n<h3 class=\"wp-block-heading\"><strong>3. A teologia cat\u00f3lica: Como funciona a intercess\u00e3o?<\/strong><\/h3>\n\n\n\n<p>Alguns protestantes objetam:&nbsp;<em>&#8220;H\u00e1 um s\u00f3 mediador entre Deus e os homens, Cristo Jesus&#8221;<\/em>&nbsp;(1 Tim\u00f3teo 2:5). E a Igreja concorda! Mas h\u00e1 uma distin\u00e7\u00e3o crucial:<\/p>\n\n\n\n<ul class=\"wp-block-list\">\n<li><strong>Cristo \u00e9 o \u00danico Mediador<\/strong>\u00a0entre Deus e a humanidade (por Seu sacrif\u00edcio redentor).<\/li>\n\n\n\n<li><strong>Os santos s\u00e3o intercessores secund\u00e1rios<\/strong>, que rezam\u00a0<em>por<\/em>\u00a0n\u00f3s, n\u00e3o\u00a0<em>em vez de<\/em>\u00a0Cristo.<\/li>\n<\/ul>\n\n\n\n<p>\u00c9 como pedir a um amigo que reze por voc\u00ea: ningu\u00e9m nega que isso seja v\u00e1lido. Os santos, longe de &#8220;desviar&#8221; de Cristo, nos conduzem&nbsp;<em>a<\/em>&nbsp;Ele, pois sua intercess\u00e3o flui de sua uni\u00e3o com Deus.<\/p>\n\n\n\n<hr class=\"wp-block-separator has-alpha-channel-opacity\"\/>\n\n\n\n<h3 class=\"wp-block-heading\"><strong>4. O Purgat\u00f3rio: As almas que ainda n\u00e3o est\u00e3o no C\u00e9u podem interceder?<\/strong><\/h3>\n\n\n\n<p>Surge uma quest\u00e3o fascinante: as almas no Purgat\u00f3rio, embora certas de sua salva\u00e7\u00e3o, ainda n\u00e3o gozam da Vis\u00e3o Beat\u00edfica. A tradi\u00e7\u00e3o sugere:<\/p>\n\n\n\n<ul class=\"wp-block-list\">\n<li><strong>N\u00e3o podem rezar por si mesmas<\/strong>\u00a0(por isso precisam de nossas ora\u00e7\u00f5es).<\/li>\n\n\n\n<li><strong>Mas alguns te\u00f3logos (como S\u00e3o Roberto Belarmino) creem que, de algum modo, podem rezar pelos vivos<\/strong>, especialmente por seus entes queridos, pois o amor n\u00e3o morre.<\/li>\n<\/ul>\n\n\n\n<p>Isto n\u00e3o \u00e9 dogma, mas uma piedosa cren\u00e7a que reflete a solidariedade sobrenatural.<\/p>\n\n\n\n<hr class=\"wp-block-separator has-alpha-channel-opacity\"\/>\n\n\n\n<h3 class=\"wp-block-heading\"><strong>5. A relev\u00e2ncia pastoral hoje: Por que isto importa atualmente?<\/strong><\/h3>\n\n\n\n<p>Numa cultura dividida entre materialismo (&#8220;ap\u00f3s a morte n\u00e3o h\u00e1 nada&#8221;) e esoterismo (&#8220;os mortos nos enviam sinais&#8221;), o ensino cat\u00f3lico oferece equil\u00edbrio:<\/p>\n\n\n\n<p>\u2705&nbsp;<strong>N\u00e3o negamos a morte<\/strong>&nbsp;(como se os falecidos &#8220;desaparecessem&#8221;).<br>\u2705&nbsp;<strong>N\u00e3o ca\u00edmos no espiritismo<\/strong>&nbsp;(tentar &#8220;contatar&#8221; os mortos atrav\u00e9s de m\u00e9dios \u00e9 pecado grave: Deuteron\u00f4mio 18:10-12).<\/p>\n\n\n\n<p>Vivemos antes a&nbsp;<em>comunh\u00e3o dos santos<\/em>:<\/p>\n\n\n\n<ul class=\"wp-block-list\">\n<li><strong>Rezamos\u00a0<em>pelos<\/em>\u00a0falecidos<\/strong>\u00a0(missas, sufr\u00e1gios).<\/li>\n\n\n\n<li><strong>Pedimos\u00a0<em>aos santos<\/em>\u00a0que intercedam<\/strong>\u00a0(como modelos de f\u00e9).<\/li>\n\n\n\n<li><strong>Cremos que nossos entes queridos falecidos, se em Cristo, permanecem unidos a n\u00f3s no amor.<\/strong><\/li>\n<\/ul>\n\n\n\n<hr class=\"wp-block-separator has-alpha-channel-opacity\"\/>\n\n\n\n<h3 class=\"wp-block-heading\"><strong>Conclus\u00e3o: Um la\u00e7o de amor que a morte n\u00e3o rompe<\/strong><\/h3>\n\n\n\n<p>Os falecidos&nbsp;<em>podem<\/em>&nbsp;interceder por n\u00f3s &#8211; n\u00e3o por pr\u00f3prio poder, mas porque vivem em Cristo (Jo\u00e3o 11:25). A Igreja n\u00e3o \u00e9 apenas a que peregrina na terra; \u00e9 tamb\u00e9m&nbsp;<em>triunfante<\/em>&nbsp;(C\u00e9u) e&nbsp;<em>padecente<\/em>&nbsp;(Purgat\u00f3rio), unidas numa mesma f\u00e9, mesma esperan\u00e7a.<\/p>\n\n\n\n<p><strong>Como viver esta verdade?<\/strong><\/p>\n\n\n\n<p>\ud83d\udd39&nbsp;<strong>Encomende suas inten\u00e7\u00f5es aos santos<\/strong>&nbsp;(eles s\u00e3o seus aliados).<br>\ud83d\udd39&nbsp;<strong>Ofere\u00e7a missas pelos falecidos<\/strong>&nbsp;(a maior caridade).<br>\ud83d\udd39&nbsp;<strong>Evite pr\u00e1ticas supersticiosas<\/strong>&nbsp;(permane\u00e7a fiel \u00e0 ora\u00e7\u00e3o crist\u00e3).<\/p>\n\n\n\n<p>A morte n\u00e3o tem a \u00faltima palavra. Em Cristo,&nbsp;<em>nada<\/em>&nbsp;pode nos separar do amor de Deus (Romanos 8:38-39) &#8211; nem mesmo a sepultura.<\/p>\n\n\n\n<p><em>J\u00e1 sentiu a proximidade de um ente querido falecido? Compartilhe nos coment\u00e1rios como vive a comunh\u00e3o com eles na f\u00e9.<\/em><\/p>\n","protected":false},"excerpt":{"rendered":"<p>&#8220;A morte n\u00e3o rompe o v\u00ednculo do amor; apenas o transforma.&#8221; Num mundo onde a morte \u00e9 frequentemente vista como um mist\u00e9rio sombrio e aterrorizante, a f\u00e9 cat\u00f3lica oferece uma vis\u00e3o luminosa e esperan\u00e7osa: aqueles que partiram desta vida n\u00e3o est\u00e3o longe de n\u00f3s, mas em Cristo permanecem unidos \u00e0 Igreja por um la\u00e7o eterno &hellip;<\/p>\n","protected":false},"author":3,"featured_media":3194,"comment_status":"open","ping_status":"open","sticky":false,"template":"","format":"standard","meta":{"_seopress_robots_primary_cat":"","_seopress_titles_title":"","_seopress_titles_desc":"","_seopress_robots_index":"","footnotes":""},"categories":[66,41],"tags":[318,1041],"class_list":["post-3193","post","type-post","status-publish","format-standard","has-post-thumbnail","","category-cultura-popular-e-catolicismo","category-fe-e-cultura","tag-comunhao-dos-santos","tag-mortos"],"_links":{"self":[{"href":"https:\/\/catholicus.eu\/pt\/wp-json\/wp\/v2\/posts\/3193","targetHints":{"allow":["GET"]}}],"collection":[{"href":"https:\/\/catholicus.eu\/pt\/wp-json\/wp\/v2\/posts"}],"about":[{"href":"https:\/\/catholicus.eu\/pt\/wp-json\/wp\/v2\/types\/post"}],"author":[{"embeddable":true,"href":"https:\/\/catholicus.eu\/pt\/wp-json\/wp\/v2\/users\/3"}],"replies":[{"embeddable":true,"href":"https:\/\/catholicus.eu\/pt\/wp-json\/wp\/v2\/comments?post=3193"}],"version-history":[{"count":1,"href":"https:\/\/catholicus.eu\/pt\/wp-json\/wp\/v2\/posts\/3193\/revisions"}],"predecessor-version":[{"id":3195,"href":"https:\/\/catholicus.eu\/pt\/wp-json\/wp\/v2\/posts\/3193\/revisions\/3195"}],"wp:featuredmedia":[{"embeddable":true,"href":"https:\/\/catholicus.eu\/pt\/wp-json\/wp\/v2\/media\/3194"}],"wp:attachment":[{"href":"https:\/\/catholicus.eu\/pt\/wp-json\/wp\/v2\/media?parent=3193"}],"wp:term":[{"taxonomy":"category","embeddable":true,"href":"https:\/\/catholicus.eu\/pt\/wp-json\/wp\/v2\/categories?post=3193"},{"taxonomy":"post_tag","embeddable":true,"href":"https:\/\/catholicus.eu\/pt\/wp-json\/wp\/v2\/tags?post=3193"}],"curies":[{"name":"wp","href":"https:\/\/api.w.org\/{rel}","templated":true}]}}