{"id":3148,"date":"2025-04-06T22:04:44","date_gmt":"2025-04-06T20:04:44","guid":{"rendered":"https:\/\/catholicus.eu\/pt\/?p=3148"},"modified":"2025-04-06T22:04:44","modified_gmt":"2025-04-06T20:04:44","slug":"o-jejum-da-meia-noite-um-segredo-espiritual-esquecido-que-transformara-sua-fe","status":"publish","type":"post","link":"https:\/\/catholicus.eu\/pt\/o-jejum-da-meia-noite-um-segredo-espiritual-esquecido-que-transformara-sua-fe\/","title":{"rendered":"O Jejum da Meia-Noite: Um Segredo Espiritual Esquecido que Transformar\u00e1 sua F\u00e9"},"content":{"rendered":"\n<p>Num mundo acelerado, onde o ru\u00eddo constante e o excesso de est\u00edmulos nos distraem do essencial, a Igreja Cat\u00f3lica guarda tesouros de sabedoria asc\u00e9tica que, longe de serem meras rel\u00edquias do passado, s\u00e3o&nbsp;<strong>rem\u00e9dios para a alma moderna<\/strong>. Entre essas pr\u00e1ticas est\u00e1&nbsp;<strong>o jejum da meia-noite<\/strong>, uma antiga disciplina espiritual que, embora pouco conhecida hoje, foi durante s\u00e9culos um pilar na prepara\u00e7\u00e3o para receber a Eucaristia.<\/p>\n\n\n\n<p>Por que os primeiros crist\u00e3os se abstinham de alimento desde a meia-noite antes de comungar? Qual o profundo significado desse jejum e como podemos recuper\u00e1-lo hoje em nossa vida espiritual? Neste artigo, exploraremos&nbsp;<strong>as origens b\u00edblicas, o desenvolvimento hist\u00f3rico, o significado teol\u00f3gico e a aplica\u00e7\u00e3o pr\u00e1tica<\/strong>&nbsp;dessa tradi\u00e7\u00e3o, revelando como ela pode&nbsp;<strong>renovar nossa rever\u00eancia pela Sant\u00edssima Eucaristia<\/strong>&nbsp;numa \u00e9poca em que o sagrado \u00e9 frequentemente banalizado.<\/p>\n\n\n\n<h2 class=\"wp-block-heading\"><strong>1. Origens B\u00edblicas e os Primeiros S\u00e9culos da Igreja<\/strong><\/h2>\n\n\n\n<p>O jejum eucar\u00edstico n\u00e3o \u00e9 uma inven\u00e7\u00e3o medieval, mas tem suas ra\u00edzes na&nbsp;<strong>tradi\u00e7\u00e3o apost\u00f3lica e na Sagrada Escritura<\/strong>.<\/p>\n\n\n\n<h3 class=\"wp-block-heading\"><strong>A. Antigo Testamento: Prepara\u00e7\u00e3o para o Encontro com Deus<\/strong><\/h3>\n\n\n\n<p>No juda\u00edsmo, o jejum era sinal de&nbsp;<strong>purifica\u00e7\u00e3o e prepara\u00e7\u00e3o<\/strong>&nbsp;diante das teofanias (manifesta\u00e7\u00f5es divinas). Mois\u00e9s jejuou 40 dias antes de receber as T\u00e1buas da Lei (\u00caxodo 34:28), e Davi praticou o jejum como ato penitencial (2 Samuel 12:16).<\/p>\n\n\n\n<p>Um texto-chave que os Padres da Igreja associaram ao jejum eucar\u00edstico \u00e9&nbsp;<strong>\u00caxodo 16<\/strong>, onde Deus ordena aos israelitas que n\u00e3o guardem o man\u00e1 para o dia seguinte (exceto na v\u00e9spera do s\u00e1bado). S\u00e3o Jer\u00f4nimo e outros viram nisso um s\u00edmbolo: assim como o man\u00e1 devia ser recebido fresco a cada manh\u00e3,&nbsp;<strong>a Eucaristia devia ser recebida com um &#8220;est\u00f4mago novo&#8221;<\/strong>, livre de outros alimentos.<\/p>\n\n\n\n<h3 class=\"wp-block-heading\"><strong>B. Novo Testamento: A \u00daltima Ceia e a Tradi\u00e7\u00e3o Apost\u00f3lica<\/strong><\/h3>\n\n\n\n<p>Na \u00daltima Ceia, Cristo instituiu a Eucaristia&nbsp;<strong>ap\u00f3s ter jejuado<\/strong>&nbsp;(pois era a ceia pascal, que seguia um dia de abstin\u00eancia). Os primeiros crist\u00e3os, imbu\u00eddos da solenidade do &#8220;P\u00e3o da Vida&#8221;, adotaram o costume de&nbsp;<strong>n\u00e3o comer antes de receb\u00ea-lo<\/strong>.<\/p>\n\n\n\n<p>Um texto fundamental \u00e9&nbsp;<strong>Atos 2:42<\/strong>, onde se descreve como os disc\u00edpulos &#8220;perseveravam na fra\u00e7\u00e3o do p\u00e3o&#8221; (a Eucaristia)&nbsp;<strong>nas primeiras horas do dia<\/strong>, sugerindo uma celebra\u00e7\u00e3o matutina precedida de abstin\u00eancia noturna.<\/p>\n\n\n\n<h2 class=\"wp-block-heading\"><strong>2. Desenvolvimento Hist\u00f3rico: Dos Padres da Igreja ao Vaticano II<\/strong><\/h2>\n\n\n\n<h3 class=\"wp-block-heading\"><strong>A. Os Primeiros S\u00e9culos: Rigor e Rever\u00eancia<\/strong><\/h3>\n\n\n\n<p>J\u00e1 no s\u00e9culo II,&nbsp;<strong>S\u00e3o Justino M\u00e1rtir<\/strong>&nbsp;menciona que os crist\u00e3os jejuavam antes da liturgia. Tertuliano (s\u00e9culo III) escreveu que&nbsp;<strong>o jejum da meia-noite era obrigat\u00f3rio<\/strong>&nbsp;para quem ia comungar, como sinal de respeito ao &#8220;Corpo do Senhor&#8221;.<\/p>\n\n\n\n<p><strong>Santo Agostinho<\/strong>&nbsp;(s\u00e9culos IV-V) defendeu-o com vigor:<\/p>\n\n\n\n<blockquote class=\"wp-block-quote is-layout-flow wp-block-quote-is-layout-flow\">\n<p><em>&#8220;Como podemos receber o Corpo de Cristo com a boca se antes a profanamos com alimentos comuns?&#8221;<\/em><\/p>\n<\/blockquote>\n\n\n\n<h3 class=\"wp-block-heading\"><strong>B. Idade M\u00e9dia: Codifica\u00e7\u00e3o e Exce\u00e7\u00f5es<\/strong><\/h3>\n\n\n\n<p>Com o tempo, a pr\u00e1tica foi codificada nos c\u00e2nones eclesi\u00e1sticos. O&nbsp;<strong>Conc\u00edlio de Cartago (419)<\/strong>&nbsp;e depois o&nbsp;<strong>IV Conc\u00edlio de Latr\u00e3o (1215)<\/strong>&nbsp;estabeleceram o jejum&nbsp;<strong>desde a meia-noite<\/strong>&nbsp;como norma universal.<\/p>\n\n\n\n<p>Contudo, havia exce\u00e7\u00f5es: doentes, parturientes e viajantes podiam receber a Eucaristia sem jejum, mostrando que&nbsp;<strong>a miseric\u00f3rdia nunca se separava da disciplina<\/strong>.<\/p>\n\n\n\n<h3 class=\"wp-block-heading\"><strong>C. A Mudan\u00e7a no S\u00e9culo XX: Redu\u00e7\u00e3o para Tr\u00eas, depois Uma Hora<\/strong><\/h3>\n\n\n\n<p>Em 1953, o Papa Pio XII reduziu o jejum para&nbsp;<strong>tr\u00eas horas<\/strong>&nbsp;antes da Comunh\u00e3o. Depois,&nbsp;<strong>Paulo VI (1966)<\/strong>&nbsp;limitou-o a&nbsp;<strong>uma hora<\/strong>, argumentando que facilitaria a participa\u00e7\u00e3o eucar\u00edstica na vida moderna.<\/p>\n\n\n\n<p>Embora bem-intencionada, esta reforma&nbsp;<strong>atenou o sentido de prepara\u00e7\u00e3o sacrificial<\/strong>&nbsp;que caracterizara s\u00e9culos de espiritualidade cat\u00f3lica.<\/p>\n\n\n\n<h2 class=\"wp-block-heading\"><strong>3. Significado Teol\u00f3gico: Por que o Jejum da Meia-Noite?<\/strong><\/h2>\n\n\n\n<p>O jejum eucar\u00edstico n\u00e3o \u00e9 mero formalismo, mas&nbsp;<strong>uma pedagogia divina<\/strong>&nbsp;que ensina tr\u00eas verdades essenciais:<\/p>\n\n\n\n<h3 class=\"wp-block-heading\"><strong>A. A Eucaristia \u00e9 o Alimento por Excel\u00eancia<\/strong><\/h3>\n\n\n\n<p>Abstendo-se de alimento material, o crist\u00e3o proclama:&nbsp;<strong>&#8220;N\u00e3o s\u00f3 de p\u00e3o vive o homem, mas de toda palavra que sai da boca de Deus&#8221;<\/strong>&nbsp;(Mateus 4:4). A h\u00f3stia \u00e9&nbsp;<strong>o verdadeiro man\u00e1<\/strong>, superior a qualquer alimento terreno.<\/p>\n\n\n\n<h3 class=\"wp-block-heading\"><strong>B. Cultivo do Autodom\u00ednio e da Espera<\/strong><\/h3>\n\n\n\n<p>Numa cultura de gratifica\u00e7\u00e3o instant\u00e2nea, o jejum lembra que&nbsp;<strong>o sagrado exige prepara\u00e7\u00e3o<\/strong>. Como as virgens prudentes que esperaram com \u00f3leo o Esposo (Mateus 25), o jejum nos mant\u00e9m&nbsp;<strong>vigilantes<\/strong>.<\/p>\n\n\n\n<h3 class=\"wp-block-heading\"><strong>C. Sinal de Distin\u00e7\u00e3o entre Sagrado e Profano<\/strong><\/h3>\n\n\n\n<p>Num mundo que banaliza o religioso, o jejum tra\u00e7a&nbsp;<strong>uma fronteira clara<\/strong>: a Eucaristia n\u00e3o \u00e9 um mero rito, mas&nbsp;<strong>o Santo dos Santos<\/strong>.<\/p>\n\n\n\n<h2 class=\"wp-block-heading\"><strong>4. Como Praticar Hoje o Jejum da Meia-Noite<\/strong><\/h2>\n\n\n\n<p>Embora a Igreja j\u00e1 n\u00e3o o exija,&nbsp;<strong>recuperar esta pr\u00e1tica pode aprofundar a devo\u00e7\u00e3o<\/strong>. Algumas ideias:<\/p>\n\n\n\n<ul class=\"wp-block-list\">\n<li><strong>Antes de vig\u00edlias ou festas solenes<\/strong>\u00a0(ex.: antes da Primeira Comunh\u00e3o)<\/li>\n\n\n\n<li><strong>Como oferta espiritual<\/strong>\u00a0(jejuar um dia por m\u00eas por uma inten\u00e7\u00e3o)<\/li>\n\n\n\n<li><strong>Adaptando-o<\/strong>\u00a0(se a Missa for ao meio-dia, jejuar desde o caf\u00e9 da manh\u00e3)<\/li>\n<\/ul>\n\n\n\n<h2 class=\"wp-block-heading\"><strong>Conclus\u00e3o: Um Tesouro a Redescobrir<\/strong><\/h2>\n\n\n\n<p>O jejum da meia-noite n\u00e3o \u00e9 um fardo legalista, mas&nbsp;<strong>um dom<\/strong>: um modo concreto de dizer a Cristo:&nbsp;<em>&#8220;Tu \u00e9s o meu primeiro alimento&#8221;<\/em>. Numa \u00e9poca em que a Eucaristia \u00e9 muitas vezes recebida com distra\u00e7\u00e3o, esta pr\u00e1tica&nbsp;<strong>pode ser um ant\u00eddoto contra a rotina e um caminho para amar mais o Sant\u00edssimo Sacramento<\/strong>.<\/p>\n\n\n\n<p>Como escreveu&nbsp;<strong>Santa Teresa de Calcut\u00e1<\/strong>:<\/p>\n\n\n\n<blockquote class=\"wp-block-quote is-layout-flow wp-block-quote-is-layout-flow\">\n<p><em>&#8220;Quando olhares a h\u00f3stia, lembra-te: Jesus jejuou 40 dias por ti. N\u00e3o podes tu esperar algumas horas por Ele?&#8221;<\/em><\/p>\n<\/blockquote>\n\n\n\n<p>Ousa experimentar este jejum? Tua f\u00e9&nbsp;<strong>nunca mais ser\u00e1 a mesma<\/strong>.<\/p>\n\n\n\n<p><strong>O que pensas?<\/strong>&nbsp;J\u00e1 praticaste o jejum eucar\u00edstico? Partilha tua experi\u00eancia nos coment\u00e1rios. Cres\u00e7amos juntos no amor \u00e0 Eucaristia!<\/p>\n\n\n\n<p><em>[Se gostaste deste artigo, partilha-o com outros cat\u00f3licos que desejam aprofundar sua f\u00e9.]<\/em><\/p>\n","protected":false},"excerpt":{"rendered":"<p>Num mundo acelerado, onde o ru\u00eddo constante e o excesso de est\u00edmulos nos distraem do essencial, a Igreja Cat\u00f3lica guarda tesouros de sabedoria asc\u00e9tica que, longe de serem meras rel\u00edquias do passado, s\u00e3o&nbsp;rem\u00e9dios para a alma moderna. Entre essas pr\u00e1ticas est\u00e1&nbsp;o jejum da meia-noite, uma antiga disciplina espiritual que, embora pouco conhecida hoje, foi durante &hellip;<\/p>\n","protected":false},"author":3,"featured_media":3149,"comment_status":"open","ping_status":"open","sticky":false,"template":"","format":"standard","meta":{"_seopress_robots_primary_cat":"","_seopress_titles_title":"","_seopress_titles_desc":"","_seopress_robots_index":"","footnotes":""},"categories":[59,40],"tags":[1024],"class_list":["post-3148","post","type-post","status-publish","format-standard","has-post-thumbnail","","category-eucaristia-e-adoracao","category-oracao-e-espiritualidade","tag-jejum-da-meia-noite"],"_links":{"self":[{"href":"https:\/\/catholicus.eu\/pt\/wp-json\/wp\/v2\/posts\/3148","targetHints":{"allow":["GET"]}}],"collection":[{"href":"https:\/\/catholicus.eu\/pt\/wp-json\/wp\/v2\/posts"}],"about":[{"href":"https:\/\/catholicus.eu\/pt\/wp-json\/wp\/v2\/types\/post"}],"author":[{"embeddable":true,"href":"https:\/\/catholicus.eu\/pt\/wp-json\/wp\/v2\/users\/3"}],"replies":[{"embeddable":true,"href":"https:\/\/catholicus.eu\/pt\/wp-json\/wp\/v2\/comments?post=3148"}],"version-history":[{"count":1,"href":"https:\/\/catholicus.eu\/pt\/wp-json\/wp\/v2\/posts\/3148\/revisions"}],"predecessor-version":[{"id":3150,"href":"https:\/\/catholicus.eu\/pt\/wp-json\/wp\/v2\/posts\/3148\/revisions\/3150"}],"wp:featuredmedia":[{"embeddable":true,"href":"https:\/\/catholicus.eu\/pt\/wp-json\/wp\/v2\/media\/3149"}],"wp:attachment":[{"href":"https:\/\/catholicus.eu\/pt\/wp-json\/wp\/v2\/media?parent=3148"}],"wp:term":[{"taxonomy":"category","embeddable":true,"href":"https:\/\/catholicus.eu\/pt\/wp-json\/wp\/v2\/categories?post=3148"},{"taxonomy":"post_tag","embeddable":true,"href":"https:\/\/catholicus.eu\/pt\/wp-json\/wp\/v2\/tags?post=3148"}],"curies":[{"name":"wp","href":"https:\/\/api.w.org\/{rel}","templated":true}]}}