{"id":3091,"date":"2025-04-03T22:33:15","date_gmt":"2025-04-03T20:33:15","guid":{"rendered":"https:\/\/catholicus.eu\/pt\/?p=3091"},"modified":"2025-04-03T22:33:15","modified_gmt":"2025-04-03T20:33:15","slug":"suspensao-de-um-sacerdote-por-que-a-igreja-afasta-um-ministro-de-seu-ministerio","status":"publish","type":"post","link":"https:\/\/catholicus.eu\/pt\/suspensao-de-um-sacerdote-por-que-a-igreja-afasta-um-ministro-de-seu-ministerio\/","title":{"rendered":"Suspens\u00e3o de um Sacerdote: Por que a Igreja Afasta um Ministro de seu Minist\u00e9rio?"},"content":{"rendered":"\n<h3 class=\"wp-block-heading\"><strong>Introdu\u00e7\u00e3o: Quando um Sacerdote \u00e9 Afastado do Minist\u00e9rio<\/strong><\/h3>\n\n\n\n<p>Nos \u00faltimos anos, temos presenciado casos de sacerdotes suspensos&nbsp;<em>a divinis<\/em>&nbsp;(ou seja, proibidos de exercer seu minist\u00e9rio p\u00fablico). Para muitos fi\u00e9is, isso gera confus\u00e3o, dor e at\u00e9 esc\u00e2ndalo. Por que a Igreja tomaria uma medida t\u00e3o dr\u00e1stica? Quais motivos podem levar \u00e0 suspens\u00e3o de um sacerdote?<\/p>\n\n\n\n<p>Este artigo busca explicar, com base na teologia e no direito can\u00f4nico, os fundamentos da suspens\u00e3o sacerdotal, suas causas mais comuns e como os fi\u00e9is devem reagir a essas situa\u00e7\u00f5es.<\/p>\n\n\n\n<hr class=\"wp-block-separator has-alpha-channel-opacity\"\/>\n\n\n\n<h3 class=\"wp-block-heading\"><strong>1. O que \u00e9 Suspens\u00e3o&nbsp;<em>a Divinis<\/em>?<\/strong><\/h3>\n\n\n\n<p>A suspens\u00e3o \u00e9 uma&nbsp;<strong>pena can\u00f4nica<\/strong>&nbsp;(c\u00e2non 1333 do C\u00f3digo de Direito Can\u00f4nico) que priva um cl\u00e9rigo do exerc\u00edcio de seu minist\u00e9rio, total ou parcialmente. N\u00e3o se confunde com:<\/p>\n\n\n\n<ul class=\"wp-block-list\">\n<li><strong>Excomunh\u00e3o<\/strong>\u00a0(que exclui da comunh\u00e3o eclesial)<\/li>\n\n\n\n<li><strong>Redu\u00e7\u00e3o ao estado laical<\/strong>\u00a0(que devolve o cl\u00e9rigo \u00e0 condi\u00e7\u00e3o de leigo)<\/li>\n<\/ul>\n\n\n\n<h4 class=\"wp-block-heading\"><strong>Tipos de Suspens\u00e3o<\/strong><\/h4>\n\n\n\n<ul class=\"wp-block-list\">\n<li><strong>Suspens\u00e3o\u00a0<em>latae sententiae<\/em><\/strong>: Autom\u00e1tica, por certos delitos graves (ex.: viola\u00e7\u00e3o do sigilo sacramental)<\/li>\n\n\n\n<li><strong>Suspens\u00e3o\u00a0<em>ferendae sententiae<\/em><\/strong>: Imposta pela autoridade eclesi\u00e1stica ap\u00f3s processo<\/li>\n<\/ul>\n\n\n\n<hr class=\"wp-block-separator has-alpha-channel-opacity\"\/>\n\n\n\n<h3 class=\"wp-block-heading\"><strong>2. Motivos que Podem Levar \u00e0 Suspens\u00e3o de um Sacerdote<\/strong><\/h3>\n\n\n\n<h4 class=\"wp-block-heading\"><strong>A. Causas Doutrinais<\/strong><\/h4>\n\n\n\n<ul class=\"wp-block-list\">\n<li><strong>Heresia, apostasia ou cisma<\/strong>\u00a0(c\u00e2non 1364): Negar dogmas de f\u00e9 ou romper com o Papa<\/li>\n\n\n\n<li><strong>Celebrar a Missa de forma il\u00edcita<\/strong>\u00a0(ex.: usar ritos n\u00e3o aprovados sem permiss\u00e3o)<\/li>\n<\/ul>\n\n\n\n<h4 class=\"wp-block-heading\"><strong>B. Causas Morais<\/strong><\/h4>\n\n\n\n<ul class=\"wp-block-list\">\n<li><strong>Abuso sexual ou esc\u00e2ndalo grave<\/strong>\u00a0(c\u00e2non 1395)<\/li>\n\n\n\n<li><strong>Concubinato ou vida conjugal p\u00fablica<\/strong>\u00a0(c\u00e2non 1394)<\/li>\n\n\n\n<li><strong>Simonia<\/strong>\u00a0(venda de sacramentos, c\u00e2non 1380)<\/li>\n<\/ul>\n\n\n\n<h4 class=\"wp-block-heading\"><strong>C. Causas Disciplinares<\/strong><\/h4>\n\n\n\n<ul class=\"wp-block-list\">\n<li><strong>Desobedi\u00eancia grave a um bispo<\/strong>\u00a0(ex.: recusar transfer\u00eancia sem justa causa)<\/li>\n\n\n\n<li><strong>M\u00e1 administra\u00e7\u00e3o de bens eclesi\u00e1sticos<\/strong><\/li>\n<\/ul>\n\n\n\n<hr class=\"wp-block-separator has-alpha-channel-opacity\"\/>\n\n\n\n<h3 class=\"wp-block-heading\"><strong>3. Como Ocorre a Suspens\u00e3o? O Processo Can\u00f4nico<\/strong><\/h3>\n\n\n\n<p>N\u00e3o \u00e9 uma decis\u00e3o arbitr\u00e1ria. Segue um procedimento:<\/p>\n\n\n\n<ol start=\"1\" class=\"wp-block-list\">\n<li><strong>Investiga\u00e7\u00e3o preliminar<\/strong>: Coleta de provas<\/li>\n\n\n\n<li><strong>Advert\u00eancia e direito de defesa<\/strong>: O sacerdote pode apresentar seus argumentos<\/li>\n\n\n\n<li><strong>Decreto de suspens\u00e3o<\/strong>: Emitido pelo bispo ou Santa S\u00e9<\/li>\n\n\n\n<li><strong>Possibilidade de recurso<\/strong>: Junto a tribunais eclesi\u00e1sticos superiores<\/li>\n<\/ol>\n\n\n\n<hr class=\"wp-block-separator has-alpha-channel-opacity\"\/>\n\n\n\n<h3 class=\"wp-block-heading\"><strong>4. O que um Sacerdote Suspenso Pode Fazer?<\/strong><\/h3>\n\n\n\n<ul class=\"wp-block-list\">\n<li><strong>Arrepender-se e buscar reconcilia\u00e7\u00e3o<\/strong>\u00a0por meio da confiss\u00e3o e repara\u00e7\u00e3o<\/li>\n\n\n\n<li><strong>Recorrer \u00e0 Santa S\u00e9<\/strong>\u00a0se considerar a medida injusta<\/li>\n\n\n\n<li><strong>Viver em penit\u00eancia e ora\u00e7\u00e3o<\/strong>, sem exercer minist\u00e9rio p\u00fablico at\u00e9 reabilita\u00e7\u00e3o<\/li>\n<\/ul>\n\n\n\n<hr class=\"wp-block-separator has-alpha-channel-opacity\"\/>\n\n\n\n<h3 class=\"wp-block-heading\"><strong>5. Como os Fi\u00e9is Devem Reagir?<\/strong><\/h3>\n\n\n\n<p>\u2705&nbsp;<strong>Rezar pelo sacerdote suspenso<\/strong>&nbsp;(pode ser uma prova\u00e7\u00e3o para sua salva\u00e7\u00e3o)<br>\u2705&nbsp;<strong>Evitar fofocas<\/strong>: Deixar a justi\u00e7a da Igreja seguir seu curso<br>\u2705&nbsp;<strong>Confiar<\/strong>&nbsp;que a Igreja age pelo bem das almas, mesmo que o processo seja doloroso<\/p>\n\n\n\n<hr class=\"wp-block-separator has-alpha-channel-opacity\"\/>\n\n\n\n<h3 class=\"wp-block-heading\"><strong>Conclus\u00e3o: A Disciplina Eclesi\u00e1stica \u00e9 um Ato de Miseric\u00f3rdia<\/strong><\/h3>\n\n\n\n<p>A suspens\u00e3o n\u00e3o \u00e9 &#8220;puni\u00e7\u00e3o sem esperan\u00e7a&#8221;, mas&nbsp;<strong>rem\u00e9dio medicinal<\/strong>, como explica o Catecismo (n. 1463):<\/p>\n\n\n\n<blockquote class=\"wp-block-quote is-layout-flow wp-block-quote-is-layout-flow\">\n<p><em>&#8220;O fim das penas can\u00f4nicas n\u00e3o \u00e9 apenas punir, mas corrigir o culpado, reparar o esc\u00e2ndalo e restabelecer a justi\u00e7a.&#8221;<\/em><\/p>\n<\/blockquote>\n\n\n\n<p>Se um sacerdote \u00e9 suspenso, n\u00e3o percamos a f\u00e9 na Igreja, mas&nbsp;<strong>rezemos por sua convers\u00e3o e pela santifica\u00e7\u00e3o de todos os ministros de Deus<\/strong>.<\/p>\n\n\n\n<p><strong>Conhece algu\u00e9m afetado por este tema? Compartilhe este artigo para trazer luz, n\u00e3o julgamento.<\/strong><\/p>\n","protected":false},"excerpt":{"rendered":"<p>Introdu\u00e7\u00e3o: Quando um Sacerdote \u00e9 Afastado do Minist\u00e9rio Nos \u00faltimos anos, temos presenciado casos de sacerdotes suspensos&nbsp;a divinis&nbsp;(ou seja, proibidos de exercer seu minist\u00e9rio p\u00fablico). Para muitos fi\u00e9is, isso gera confus\u00e3o, dor e at\u00e9 esc\u00e2ndalo. Por que a Igreja tomaria uma medida t\u00e3o dr\u00e1stica? Quais motivos podem levar \u00e0 suspens\u00e3o de um sacerdote? Este artigo &hellip;<\/p>\n","protected":false},"author":3,"featured_media":3092,"comment_status":"open","ping_status":"open","sticky":false,"template":"","format":"standard","meta":{"_seopress_robots_primary_cat":"","_seopress_titles_title":"","_seopress_titles_desc":"","_seopress_robots_index":"","footnotes":""},"categories":[38,51],"tags":[1000],"class_list":["post-3091","post","type-post","status-publish","format-standard","has-post-thumbnail","","category-historia-e-tradicao","category-magisterio-da-igreja","tag-suspensao-a-divinis"],"_links":{"self":[{"href":"https:\/\/catholicus.eu\/pt\/wp-json\/wp\/v2\/posts\/3091","targetHints":{"allow":["GET"]}}],"collection":[{"href":"https:\/\/catholicus.eu\/pt\/wp-json\/wp\/v2\/posts"}],"about":[{"href":"https:\/\/catholicus.eu\/pt\/wp-json\/wp\/v2\/types\/post"}],"author":[{"embeddable":true,"href":"https:\/\/catholicus.eu\/pt\/wp-json\/wp\/v2\/users\/3"}],"replies":[{"embeddable":true,"href":"https:\/\/catholicus.eu\/pt\/wp-json\/wp\/v2\/comments?post=3091"}],"version-history":[{"count":1,"href":"https:\/\/catholicus.eu\/pt\/wp-json\/wp\/v2\/posts\/3091\/revisions"}],"predecessor-version":[{"id":3093,"href":"https:\/\/catholicus.eu\/pt\/wp-json\/wp\/v2\/posts\/3091\/revisions\/3093"}],"wp:featuredmedia":[{"embeddable":true,"href":"https:\/\/catholicus.eu\/pt\/wp-json\/wp\/v2\/media\/3092"}],"wp:attachment":[{"href":"https:\/\/catholicus.eu\/pt\/wp-json\/wp\/v2\/media?parent=3091"}],"wp:term":[{"taxonomy":"category","embeddable":true,"href":"https:\/\/catholicus.eu\/pt\/wp-json\/wp\/v2\/categories?post=3091"},{"taxonomy":"post_tag","embeddable":true,"href":"https:\/\/catholicus.eu\/pt\/wp-json\/wp\/v2\/tags?post=3091"}],"curies":[{"name":"wp","href":"https:\/\/api.w.org\/{rel}","templated":true}]}}