{"id":3081,"date":"2025-04-03T18:08:19","date_gmt":"2025-04-03T16:08:19","guid":{"rendered":"https:\/\/catholicus.eu\/pt\/?p=3081"},"modified":"2025-04-03T18:08:20","modified_gmt":"2025-04-03T16:08:20","slug":"o-rito-da-fracao-do-pao-o-gesto-esquecido-que-revela-o-misterio-da-unidade-em-cristo","status":"publish","type":"post","link":"https:\/\/catholicus.eu\/pt\/o-rito-da-fracao-do-pao-o-gesto-esquecido-que-revela-o-misterio-da-unidade-em-cristo\/","title":{"rendered":"O Rito da Fra\u00e7\u00e3o do P\u00e3o: O Gesto Esquecido que Revela o Mist\u00e9rio da Unidade em Cristo"},"content":{"rendered":"\n<h2 class=\"wp-block-heading\"><strong>Um Sinal Perdido no Tempo<\/strong><\/h2>\n\n\n\n<p>Se voc\u00ea participa da Santa Missa hoje, talvez note que o sacerdote parte a H\u00f3stia antes da Comunh\u00e3o. Pode parecer um simples gesto pr\u00e1tico, mas, na Tradi\u00e7\u00e3o da Igreja, esse ato tinha um significado profundo e simb\u00f3lico. Na liturgia tradicional, antes da Comunh\u00e3o, o sacerdote partia a H\u00f3stia consagrada em <strong>tr\u00eas partes<\/strong>. Esse rito, conhecido como <strong>Fra\u00e7\u00e3o do P\u00e3o<\/strong>, era muito mais do que um simples gesto lit\u00fargico: ele revelava o mist\u00e9rio da Sant\u00edssima Trindade e a comunh\u00e3o dos fi\u00e9is em Cristo.<\/p>\n\n\n\n<p>No entanto, com as reformas lit\u00fargicas e as mudan\u00e7as na forma como a Missa \u00e9 celebrada em muitas par\u00f3quias, esse rito foi minimizado ou quase esquecido. O que perdemos com essa transforma\u00e7\u00e3o? Por que a fra\u00e7\u00e3o da H\u00f3stia era t\u00e3o importante? E, acima de tudo, como podemos redescobrir seu profundo significado para nossa vida espiritual hoje?<\/p>\n\n\n\n<h2 class=\"wp-block-heading\"><strong>A Fra\u00e7\u00e3o do P\u00e3o na Igreja Primitiva: Um Ato de Unidade<\/strong><\/h2>\n\n\n\n<p>Desde os tempos apost\u00f3licos, a <strong>Fra\u00e7\u00e3o do P\u00e3o<\/strong> era o nome dado \u00e0 Eucaristia pelos primeiros crist\u00e3os. Nos Atos dos Ap\u00f3stolos, lemos:<\/p>\n\n\n\n<blockquote class=\"wp-block-quote is-layout-flow wp-block-quote-is-layout-flow\">\n<p><em>&#8220;Eles eram ass\u00edduos ao ensino dos ap\u00f3stolos, \u00e0 comunh\u00e3o fraterna, \u00e0 fra\u00e7\u00e3o do p\u00e3o e \u00e0s ora\u00e7\u00f5es.&#8221;<\/em> (At 2,42)<\/p>\n<\/blockquote>\n\n\n\n<p>Essa express\u00e3o n\u00e3o se referia apenas ao ato f\u00edsico de partir o p\u00e3o, mas tamb\u00e9m \u00e0 realidade m\u00edstica da comunh\u00e3o dos fi\u00e9is no Corpo de Cristo. O p\u00e3o, que representava Cristo, era partido e distribu\u00eddo entre todos, refletindo a unidade da Igreja n&#8217;Ele.<\/p>\n\n\n\n<p>Nos primeiros s\u00e9culos, esse gesto era ainda mais evidente, pois a Eucaristia era celebrada com p\u00e3o \u00e1zimo, que era partido em peda\u00e7os para ser distribu\u00eddo aos fi\u00e9is. Essa fra\u00e7\u00e3o n\u00e3o era apenas funcional, mas um ato que tornava vis\u00edvel a unidade do Corpo de Cristo na Igreja.<\/p>\n\n\n\n<h2 class=\"wp-block-heading\"><strong>O Rito na Missa Tradicional: Tr\u00eas Partes, Um S\u00f3 Corpo<\/strong><\/h2>\n\n\n\n<p>Com o desenvolvimento da liturgia, a Fra\u00e7\u00e3o do P\u00e3o tornou-se um rito carregado de profundo significado teol\u00f3gico. Na Missa tradicional, antes da Comunh\u00e3o, o sacerdote tomava a H\u00f3stia consagrada e a partia em <strong>tr\u00eas partes<\/strong>:<\/p>\n\n\n\n<ol class=\"wp-block-list\">\n<li>Uma parte permanecia sobre a patena.<\/li>\n\n\n\n<li>Outra parte era colocada no c\u00e1lice com o Sangue de Cristo.<\/li>\n\n\n\n<li>A \u00faltima parte era consumida pelo sacerdote.<\/li>\n<\/ol>\n\n\n\n<p>Esse gesto n\u00e3o era aleat\u00f3rio. Cada parte tinha um significado profundo:<\/p>\n\n\n\n<ul class=\"wp-block-list\">\n<li><strong>A Sant\u00edssima Trindade<\/strong>: A tripla divis\u00e3o da H\u00f3stia representava as tr\u00eas Pessoas divinas em um s\u00f3 Deus.<\/li>\n\n\n\n<li><strong>Cristo, V\u00edtima e Redentor<\/strong>: A fra\u00e7\u00e3o da H\u00f3stia evocava o sacrif\u00edcio de Cristo na Cruz, cujo corpo foi &#8220;partido&#8221; por n\u00f3s.<\/li>\n\n\n\n<li><strong>A Unidade dos Fi\u00e9is<\/strong>: Ao unir um fragmento da H\u00f3stia ao c\u00e1lice, expressava-se a realidade de que Cristo \u00e9 insepar\u00e1vel em Seu Corpo e em Seu Sangue, assim como os fi\u00e9is devem permanecer unidos n&#8217;Ele.<\/li>\n<\/ul>\n\n\n\n<p>Esse rito era acompanhado por uma ora\u00e7\u00e3o muito significativa: <em>&#8220;Pax Domini sit semper vobiscum&#8221;<\/em> (&#8220;A paz do Senhor esteja sempre convosco&#8221;). N\u00e3o era apenas uma sauda\u00e7\u00e3o, mas a proclama\u00e7\u00e3o de que a verdadeira paz vem somente de Cristo, cuja presen\u00e7a real se manifestava na Eucaristia.<\/p>\n\n\n\n<h2 class=\"wp-block-heading\"><strong>Por que Esse Gesto Foi Perdido?<\/strong><\/h2>\n\n\n\n<p>Com a reforma lit\u00fargica ap\u00f3s o Conc\u00edlio Vaticano II, a import\u00e2ncia de certos sinais vis\u00edveis foi reduzida. Em muitas celebra\u00e7\u00f5es modernas, a fra\u00e7\u00e3o da H\u00f3stia \u00e9 quase impercept\u00edvel e seu significado simb\u00f3lico foi esquecido.<\/p>\n\n\n\n<p>Entre as raz\u00f5es para essa mudan\u00e7a, podemos citar:<\/p>\n\n\n\n<ul class=\"wp-block-list\">\n<li>A simplifica\u00e7\u00e3o da liturgia para torn\u00e1-la mais acess\u00edvel.<\/li>\n\n\n\n<li>A introdu\u00e7\u00e3o de novas pr\u00e1ticas, como o uso de pequenas part\u00edculas para a Comunh\u00e3o, tornando desnecess\u00e1ria a fra\u00e7\u00e3o da H\u00f3stia.<\/li>\n\n\n\n<li>Uma mudan\u00e7a na teologia eucar\u00edstica, que passou a enfatizar mais o car\u00e1ter de refei\u00e7\u00e3o comunit\u00e1ria do que o sacrif\u00edcio redentor.<\/li>\n<\/ul>\n\n\n\n<p>No entanto, ao perder esse gesto, tamb\u00e9m perdemos um sinal vis\u00edvel do mist\u00e9rio da Eucaristia e da nossa comunh\u00e3o em Cristo.<\/p>\n\n\n\n<h2 class=\"wp-block-heading\"><strong>Redescobrir a Fra\u00e7\u00e3o do P\u00e3o na Nossa Vida Espiritual<\/strong><\/h2>\n\n\n\n<p>Mesmo que a Fra\u00e7\u00e3o do P\u00e3o tenha sido minimizada em muitas par\u00f3quias, podemos redescobrir sua riqueza espiritual e aplic\u00e1-la \u00e0 nossa vida crist\u00e3.<\/p>\n\n\n\n<ol class=\"wp-block-list\">\n<li><strong>Viver a Unidade em Cristo<\/strong>: A Eucaristia n\u00e3o \u00e9 um ato individual; ela nos une como membros de um s\u00f3 Corpo. Devemos viver essa unidade todos os dias, evitando divis\u00f5es e buscando a comunh\u00e3o com nossos irm\u00e3os e irm\u00e3s na f\u00e9.<\/li>\n\n\n\n<li><strong>Recordar o Sacrif\u00edcio de Cristo<\/strong>: A fra\u00e7\u00e3o da H\u00f3stia nos lembra que Cristo se entregou por n\u00f3s. Nossa vida crist\u00e3 deve ser uma resposta de amor e sacrif\u00edcio, oferecendo nosso tempo e nossos talentos ao servi\u00e7o dos outros.<\/li>\n\n\n\n<li><strong>Aprofundar o Conhecimento da Missa Tradicional<\/strong>: Conhecer a liturgia tradicional nos ajuda a redescobrir sinais e gestos que enriquecem nossa compreens\u00e3o do mist\u00e9rio eucar\u00edstico. Mesmo que participemos da Missa em sua forma moderna, podemos aprender com a Tradi\u00e7\u00e3o para viver a Eucaristia com maior profundidade.<\/li>\n<\/ol>\n\n\n\n<h2 class=\"wp-block-heading\"><strong>Conclus\u00e3o: Um Gesto a Ser Redescoberto<\/strong><\/h2>\n\n\n\n<p>O rito da Fra\u00e7\u00e3o do P\u00e3o n\u00e3o \u00e9 apenas um detalhe lit\u00fargico do passado. Ele \u00e9 um sinal que nos recorda a unidade da Igreja, o sacrif\u00edcio redentor de Cristo e a presen\u00e7a real de Deus entre n\u00f3s.<\/p>\n\n\n\n<p>Se queremos renovar nossa vida espiritual e viver a Eucaristia mais plenamente, devemos redescobrir o significado profundo desses gestos. Quando virmos a H\u00f3stia partida, lembremo-nos de que, em Cristo, somos chamados a ser um s\u00f3, assim como Ele \u00e9 um com o Pai e o Esp\u00edrito Santo.<\/p>\n\n\n\n<p>Na pr\u00f3xima vez que voc\u00ea participar da Santa Missa, observe esse gesto com um novo olhar. E quando receber a Comunh\u00e3o, fa\u00e7a-o com a certeza de que voc\u00ea faz parte de um Corpo unido em Cristo, na esperan\u00e7a do dia em que estaremos reunidos com Ele na comunh\u00e3o eterna do C\u00e9u.<\/p>\n\n\n\n<p>Que esse sinal esquecido seja para n\u00f3s um chamado \u00e0 unidade, ao amor e \u00e0 entrega total a Cristo!<\/p>\n","protected":false},"excerpt":{"rendered":"<p>Um Sinal Perdido no Tempo Se voc\u00ea participa da Santa Missa hoje, talvez note que o sacerdote parte a H\u00f3stia antes da Comunh\u00e3o. Pode parecer um simples gesto pr\u00e1tico, mas, na Tradi\u00e7\u00e3o da Igreja, esse ato tinha um significado profundo e simb\u00f3lico. Na liturgia tradicional, antes da Comunh\u00e3o, o sacerdote partia a H\u00f3stia consagrada em &hellip;<\/p>\n","protected":false},"author":3,"featured_media":3082,"comment_status":"open","ping_status":"open","sticky":false,"template":"","format":"standard","meta":{"_seopress_robots_primary_cat":"","_seopress_titles_title":"","_seopress_titles_desc":"","_seopress_robots_index":"","footnotes":""},"categories":[38,52],"tags":[996],"class_list":["post-3081","post","type-post","status-publish","format-standard","has-post-thumbnail","","category-historia-e-tradicao","category-liturgia-e-ano-liturgico","tag-rito-da-fracao-do-pao"],"_links":{"self":[{"href":"https:\/\/catholicus.eu\/pt\/wp-json\/wp\/v2\/posts\/3081","targetHints":{"allow":["GET"]}}],"collection":[{"href":"https:\/\/catholicus.eu\/pt\/wp-json\/wp\/v2\/posts"}],"about":[{"href":"https:\/\/catholicus.eu\/pt\/wp-json\/wp\/v2\/types\/post"}],"author":[{"embeddable":true,"href":"https:\/\/catholicus.eu\/pt\/wp-json\/wp\/v2\/users\/3"}],"replies":[{"embeddable":true,"href":"https:\/\/catholicus.eu\/pt\/wp-json\/wp\/v2\/comments?post=3081"}],"version-history":[{"count":1,"href":"https:\/\/catholicus.eu\/pt\/wp-json\/wp\/v2\/posts\/3081\/revisions"}],"predecessor-version":[{"id":3083,"href":"https:\/\/catholicus.eu\/pt\/wp-json\/wp\/v2\/posts\/3081\/revisions\/3083"}],"wp:featuredmedia":[{"embeddable":true,"href":"https:\/\/catholicus.eu\/pt\/wp-json\/wp\/v2\/media\/3082"}],"wp:attachment":[{"href":"https:\/\/catholicus.eu\/pt\/wp-json\/wp\/v2\/media?parent=3081"}],"wp:term":[{"taxonomy":"category","embeddable":true,"href":"https:\/\/catholicus.eu\/pt\/wp-json\/wp\/v2\/categories?post=3081"},{"taxonomy":"post_tag","embeddable":true,"href":"https:\/\/catholicus.eu\/pt\/wp-json\/wp\/v2\/tags?post=3081"}],"curies":[{"name":"wp","href":"https:\/\/api.w.org\/{rel}","templated":true}]}}