{"id":3052,"date":"2025-04-02T16:35:23","date_gmt":"2025-04-02T14:35:23","guid":{"rendered":"https:\/\/catholicus.eu\/pt\/?p=3052"},"modified":"2025-04-02T16:35:23","modified_gmt":"2025-04-02T14:35:23","slug":"o-jejum-das-palavras-a-penitencia-esquecida-que-pode-salvar-sua-familia","status":"publish","type":"post","link":"https:\/\/catholicus.eu\/pt\/o-jejum-das-palavras-a-penitencia-esquecida-que-pode-salvar-sua-familia\/","title":{"rendered":"O &#8216;Jejum das Palavras&#8217;: A Penit\u00eancia Esquecida que Pode Salvar Sua Fam\u00edlia"},"content":{"rendered":"\n<p><strong>Introdu\u00e7\u00e3o: Um Rem\u00e9dio Espiritual para um Mundo Barulhento<\/strong><\/p>\n\n\n\n<p>Vivemos numa \u00e9poca de constante ru\u00eddo. Redes sociais, not\u00edcias, conversas intermin\u00e1veis e, acima de tudo, palavras que muitas vezes saem de nossa boca sem filtro. Criticamos, reclamamos, fofocamos e, sem perceber, ferimos, dividimos e enfraquecemos o tecido mais sagrado que Deus nos deu: <strong>a fam\u00edlia<\/strong>.<\/p>\n\n\n\n<p>Mas e se existisse uma penit\u00eancia esquecida, um &#8220;jejum&#8221; que n\u00e3o envolve deixar de comer, mas <strong>domar a l\u00edngua<\/strong>? Um jejum que, praticado com devo\u00e7\u00e3o, pode trazer paz aos lares, curar relacionamentos e nos aproximar de Deus.<\/p>\n\n\n\n<p>Este \u00e9 o <strong>&#8220;Jejum das Palavras&#8221;<\/strong>, uma pr\u00e1tica asc\u00e9tica tradicional conhecida pelos santos e m\u00edsticos, mas hoje amplamente esquecida.<\/p>\n\n\n\n<hr class=\"wp-block-separator has-alpha-channel-opacity\"\/>\n\n\n\n<h2 class=\"wp-block-heading\"><strong>1. O que \u00e9 o &#8216;Jejum das Palavras&#8217;?<\/strong><\/h2>\n\n\n\n<p>O &#8220;Jejum das Palavras&#8221; \u00e9 uma forma de mortifica\u00e7\u00e3o que consiste em <strong>abster-se de falar desnecessariamente<\/strong>, especialmente daquelas palavras que ferem: cr\u00edticas, queixas, fofocas, maledic\u00eancias e palavras ofensivas.<\/p>\n\n\n\n<p>N\u00e3o se trata de um voto de sil\u00eancio absoluto, mas de <strong>falar com prop\u00f3sito<\/strong>: edificar, consolar, ensinar e amar. Como diz S\u00e3o Paulo:<\/p>\n\n\n\n<blockquote class=\"wp-block-quote is-layout-flow wp-block-quote-is-layout-flow\">\n<p><em>&#8220;N\u00e3o saia da vossa boca nenhuma palavra m\u00e1, mas s\u00f3 a que for boa para a necess\u00e1ria edifica\u00e7\u00e3o, a fim de que comunique gra\u00e7a aos que a ouvem.&#8221;<\/em> (Ef\u00e9sios 4:29)<\/p>\n<\/blockquote>\n\n\n\n<p>Este jejum n\u00e3o \u00e9 novo. Os monges do deserto, santos como S\u00e3o Jos\u00e9 de Cupertino (que mal falava para evitar pecados da l\u00edngua) e at\u00e9 a Virgem Maria, que &#8220;guardava todas estas coisas no seu cora\u00e7\u00e3o&#8221; (Lc 2:19), praticavam esta forma de sil\u00eancio interior.<\/p>\n\n\n\n<hr class=\"wp-block-separator has-alpha-channel-opacity\"\/>\n\n\n\n<h2 class=\"wp-block-heading\"><strong>2. Por que \u00e9 t\u00e3o necess\u00e1rio hoje?<\/strong><\/h2>\n\n\n\n<h3 class=\"wp-block-heading\"><strong>a) As fam\u00edlias est\u00e3o sendo destru\u00eddas pela l\u00edngua<\/strong><\/h3>\n\n\n\n<ul class=\"wp-block-list\">\n<li><strong>Cr\u00edticas constantes<\/strong> entre c\u00f4njuges geram ressentimento.<\/li>\n\n\n\n<li><strong>Fofocas<\/strong> que dividem irm\u00e3os e amigos.<\/li>\n\n\n\n<li><strong>Queixas<\/strong> que envenenam o ambiente do lar.<\/li>\n<\/ul>\n\n\n\n<p>A B\u00edblia adverte: <em>&#8220;A l\u00edngua \u00e9 um fogo, um mundo de iniquidade&#8221;<\/em> (Tiago 3:6). Um \u00fanico coment\u00e1rio negativo pode queimar anos de amor.<\/p>\n\n\n\n<h3 class=\"wp-block-heading\"><strong>b) Vivemos na &#8220;cultura do desabafo&#8221;<\/strong><\/h3>\n\n\n\n<p>As redes sociais nos acostumaram a opinar sobre tudo, sem filtro. Mas <strong>quantas dessas palavras s\u00e3o realmente necess\u00e1rias?<\/strong> Quantas servem para construir e n\u00e3o para destruir?<\/p>\n\n\n\n<h3 class=\"wp-block-heading\"><strong>c) Falta de ora\u00e7\u00e3o e escuta<\/strong><\/h3>\n\n\n\n<p>O barulho exterior nos impede de ouvir <strong>a voz de Deus<\/strong>. O sil\u00eancio n\u00e3o \u00e9 vazio &#8211; \u00e9 o espa\u00e7o onde Deus fala.<\/p>\n\n\n\n<hr class=\"wp-block-separator has-alpha-channel-opacity\"\/>\n\n\n\n<h2 class=\"wp-block-heading\"><strong>3. Como praticar o &#8216;Jejum das Palavras&#8217;?<\/strong><\/h2>\n\n\n\n<p>N\u00e3o se trata de parar de falar, mas de <strong>purificar nossa comunica\u00e7\u00e3o<\/strong>. Eis algumas chaves:<\/p>\n\n\n\n<h3 class=\"wp-block-heading\"><strong>a) Comece com pequenos sacrif\u00edcios<\/strong><\/h3>\n\n\n\n<ul class=\"wp-block-list\">\n<li><strong>Evite criticar<\/strong> por um dia.<\/li>\n\n\n\n<li><strong>N\u00e3o responda com ira<\/strong>, mesmo tendo raz\u00e3o.<\/li>\n\n\n\n<li><strong>Fique em sil\u00eancio<\/strong> quando sentir vontade de reclamar.<\/li>\n<\/ul>\n\n\n\n<h3 class=\"wp-block-heading\"><strong>b) Transforme suas palavras em ora\u00e7\u00e3o<\/strong><\/h3>\n\n\n\n<p>Em vez de fofocar sobre algu\u00e9m, <strong>reze por essa pessoa<\/strong>. Como dizia Santa Teresa: <em>&#8220;Se falas, fala de Deus; se calas, cala por Deus.&#8221;<\/em><\/p>\n\n\n\n<h3 class=\"wp-block-heading\"><strong>c) Pratique o sil\u00eancio interior<\/strong><\/h3>\n\n\n\n<ul class=\"wp-block-list\">\n<li><strong>Antes de falar, pense<\/strong>: Isso edifica? \u00c9 necess\u00e1rio? \u00c9 caridoso?<\/li>\n\n\n\n<li><strong>Aprenda a ouvir<\/strong> mais do que falar.<\/li>\n<\/ul>\n\n\n\n<hr class=\"wp-block-separator has-alpha-channel-opacity\"\/>\n\n\n\n<h2 class=\"wp-block-heading\"><strong>4. Os frutos deste jejum na fam\u00edlia<\/strong><\/h2>\n\n\n\n<p>Quem praticou este jejum testemunha:<\/p>\n\n\n\n<p>\u2705 <strong>Menos brigas<\/strong>, mais paz no lar.<br>\u2705 <strong>Melhor comunica\u00e7\u00e3o<\/strong>, porque as palavras s\u00e3o ditas com amor.<br>\u2705 <strong>Uni\u00e3o mais forte<\/strong>, porque evitam-se feridas desnecess\u00e1rias.<\/p>\n\n\n\n<hr class=\"wp-block-separator has-alpha-channel-opacity\"\/>\n\n\n\n<h2 class=\"wp-block-heading\"><strong>Conclus\u00e3o: Um Desafio para Fortalecer Seu Lar<\/strong><\/h2>\n\n\n\n<p>O &#8220;Jejum das Palavras&#8221; n\u00e3o \u00e9 f\u00e1cil. Exige <strong>humildade, autocontrole e muita gra\u00e7a de Deus<\/strong>. Mas \u00e9 uma penit\u00eancia poderosa, especialmente num tempo em que <strong>o dem\u00f4nio busca dividir fam\u00edlias atrav\u00e9s da l\u00edngua<\/strong>.<\/p>\n\n\n\n<p><strong>Desafio voc\u00ea a tentar:<\/strong> Um dia, uma hora, mesmo alguns minutos. Ver\u00e1 como o Esp\u00edrito Santo age quando Lhe damos espa\u00e7o com nosso sil\u00eancio.<\/p>\n\n\n\n<p>Como dizia S\u00e3o Jo\u00e3o da Cruz:<\/p>\n\n\n\n<blockquote class=\"wp-block-quote is-layout-flow wp-block-quote-is-layout-flow\">\n<p><em>&#8220;A linguagem que Deus melhor escuta \u00e9 o sil\u00eancio do amor.&#8221;<\/em><\/p>\n<\/blockquote>\n\n\n\n<p>Est\u00e1 pronto para experimentar este jejum e transformar sua fam\u00edlia?<\/p>\n\n\n\n<p><strong>\ud83d\udccc O que acha? Aceita o desafio?<\/strong><\/p>\n","protected":false},"excerpt":{"rendered":"<p>Introdu\u00e7\u00e3o: Um Rem\u00e9dio Espiritual para um Mundo Barulhento Vivemos numa \u00e9poca de constante ru\u00eddo. Redes sociais, not\u00edcias, conversas intermin\u00e1veis e, acima de tudo, palavras que muitas vezes saem de nossa boca sem filtro. Criticamos, reclamamos, fofocamos e, sem perceber, ferimos, dividimos e enfraquecemos o tecido mais sagrado que Deus nos deu: a fam\u00edlia. Mas e &hellip;<\/p>\n","protected":false},"author":3,"featured_media":3053,"comment_status":"open","ping_status":"open","sticky":false,"template":"","format":"standard","meta":{"_seopress_robots_primary_cat":"","_seopress_titles_title":"","_seopress_titles_desc":"","_seopress_robots_index":"","footnotes":""},"categories":[55,39],"tags":[988],"class_list":["post-3052","post","type-post","status-publish","format-standard","has-post-thumbnail","","category-familia-e-matrimonio","category-moral-e-vida-crista","tag-jejum-das-palavras"],"_links":{"self":[{"href":"https:\/\/catholicus.eu\/pt\/wp-json\/wp\/v2\/posts\/3052","targetHints":{"allow":["GET"]}}],"collection":[{"href":"https:\/\/catholicus.eu\/pt\/wp-json\/wp\/v2\/posts"}],"about":[{"href":"https:\/\/catholicus.eu\/pt\/wp-json\/wp\/v2\/types\/post"}],"author":[{"embeddable":true,"href":"https:\/\/catholicus.eu\/pt\/wp-json\/wp\/v2\/users\/3"}],"replies":[{"embeddable":true,"href":"https:\/\/catholicus.eu\/pt\/wp-json\/wp\/v2\/comments?post=3052"}],"version-history":[{"count":1,"href":"https:\/\/catholicus.eu\/pt\/wp-json\/wp\/v2\/posts\/3052\/revisions"}],"predecessor-version":[{"id":3054,"href":"https:\/\/catholicus.eu\/pt\/wp-json\/wp\/v2\/posts\/3052\/revisions\/3054"}],"wp:featuredmedia":[{"embeddable":true,"href":"https:\/\/catholicus.eu\/pt\/wp-json\/wp\/v2\/media\/3053"}],"wp:attachment":[{"href":"https:\/\/catholicus.eu\/pt\/wp-json\/wp\/v2\/media?parent=3052"}],"wp:term":[{"taxonomy":"category","embeddable":true,"href":"https:\/\/catholicus.eu\/pt\/wp-json\/wp\/v2\/categories?post=3052"},{"taxonomy":"post_tag","embeddable":true,"href":"https:\/\/catholicus.eu\/pt\/wp-json\/wp\/v2\/tags?post=3052"}],"curies":[{"name":"wp","href":"https:\/\/api.w.org\/{rel}","templated":true}]}}