{"id":3001,"date":"2025-03-31T21:09:31","date_gmt":"2025-03-31T19:09:31","guid":{"rendered":"https:\/\/catholicus.eu\/pt\/?p=3001"},"modified":"2025-03-31T21:09:31","modified_gmt":"2025-03-31T19:09:31","slug":"as-estacoes-quaresmais-uma-peregrinacao-sagrada-para-a-pascoa-na-tradicao-da-igreja","status":"publish","type":"post","link":"https:\/\/catholicus.eu\/pt\/as-estacoes-quaresmais-uma-peregrinacao-sagrada-para-a-pascoa-na-tradicao-da-igreja\/","title":{"rendered":"As Esta\u00e7\u00f5es Quaresmais: Uma Peregrina\u00e7\u00e3o Sagrada para a P\u00e1scoa na Tradi\u00e7\u00e3o da Igreja"},"content":{"rendered":"\n<h2 class=\"wp-block-heading\"><strong>Introdu\u00e7\u00e3o: Redescobrindo uma Pr\u00e1tica Antiga de F\u00e9<\/strong><\/h2>\n\n\n\n<p>Num mundo fren\u00e9tico, onde o ru\u00eddo e as distra\u00e7\u00f5es sufocam o sil\u00eancio da alma, a Igreja nos convida a redescobrir uma antiga pr\u00e1tica espiritual:&nbsp;<strong>as Esta\u00e7\u00f5es Quaresmais<\/strong>. Esta vener\u00e1vel devo\u00e7\u00e3o, enraizada na Roma crist\u00e3, n\u00e3o \u00e9 um mero artefato hist\u00f3rico, mas&nbsp;<strong>um caminho vivo de convers\u00e3o<\/strong>, uma peregrina\u00e7\u00e3o interior que nos prepara para a gl\u00f3ria pascal.<\/p>\n\n\n\n<p>O que s\u00e3o estas esta\u00e7\u00f5es? Por que a Igreja insiste em preserv\u00e1-las? Como podem transformar nossa Quaresma hoje? Este artigo explora&nbsp;<strong>a origem, o significado teol\u00f3gico e a atualidade<\/strong>&nbsp;desta tradi\u00e7\u00e3o, oferecendo um guia espiritual para vivermos este tempo com maior profundidade.<\/p>\n\n\n\n<hr class=\"wp-block-separator has-alpha-channel-opacity\"\/>\n\n\n\n<h2 class=\"wp-block-heading\"><strong>I. Origem e Hist\u00f3ria: As Ra\u00edzes Romanas das Esta\u00e7\u00f5es Quaresmais<\/strong><\/h2>\n\n\n\n<h3 class=\"wp-block-heading\"><strong>1. O Modelo das &#8220;Stationes&#8221; Romanas<\/strong><\/h3>\n\n\n\n<p>A palavra &#8220;esta\u00e7\u00e3o&#8221; vem do latim &#8220;statio&#8221;, que significa &#8220;parar&#8221;, &#8220;vigiar&#8221;. Na antiga Roma, os crist\u00e3os se reuniam em lugares espec\u00edficos (geralmente bas\u00edlicas ou igrejas) para orar, fazer penit\u00eancia e celebrar a Eucaristia. Esses encontros, chamados &#8220;stationes&#8221;, eram&nbsp;<strong>pontos de encontro entre c\u00e9u e terra<\/strong>, onde a comunidade se fortalecia na f\u00e9.<\/p>\n\n\n\n<h3 class=\"wp-block-heading\"><strong>2. O Papa como Guia das Prociss\u00f5es Penitenciais<\/strong><\/h3>\n\n\n\n<p>A partir do s\u00e9culo IV, os Papas lideravam essas prociss\u00f5es, especialmente na Quaresma. O povo romano, imitando os peregrinos que iam a Jerusal\u00e9m,&nbsp;<strong>percorria as ruas da Cidade Eterna<\/strong>&nbsp;cantando ladainhas e parando em igrejas ligadas aos m\u00e1rtires. Cada dia quaresmal tinha uma igreja designada, criando&nbsp;<strong>um itiner\u00e1rio espiritual<\/strong>&nbsp;que culminava na P\u00e1scoa.<\/p>\n\n\n\n<h3 class=\"wp-block-heading\"><strong>3. A Quaresma como &#8220;Caminho para o Batismo&#8221;<\/strong><\/h3>\n\n\n\n<p>Nos primeiros s\u00e9culos, a Quaresma era o tempo de intensa prepara\u00e7\u00e3o dos catec\u00famenos que seriam batizados na Vig\u00edlia Pascal. As esta\u00e7\u00f5es serviam como&nbsp;<strong>catequese em movimento<\/strong>, ensinando atrav\u00e9s da liturgia, da Escritura e do sacrif\u00edcio.<\/p>\n\n\n\n<hr class=\"wp-block-separator has-alpha-channel-opacity\"\/>\n\n\n\n<h2 class=\"wp-block-heading\"><strong>II. Significado Teol\u00f3gico: Por que a Igreja as Promove Hoje?<\/strong><\/h2>\n\n\n\n<p>O Missal Romano e o Cerimonial dos Bispos (nn. 260-262) recomendam preservar estas pr\u00e1ticas. Mas&nbsp;<strong>que mensagem eterna elas cont\u00eam?<\/strong><\/p>\n\n\n\n<h3 class=\"wp-block-heading\"><strong>1. A Igreja Peregrina: Um Povo a Caminho de Cristo<\/strong><\/h3>\n\n\n\n<p>As esta\u00e7\u00f5es quaresmais simbolizam&nbsp;<strong>nossa condi\u00e7\u00e3o de peregrinos<\/strong>. N\u00e3o somos sedent\u00e1rios na f\u00e9; avan\u00e7amos com esfor\u00e7o para a Jerusal\u00e9m celeste (cf. Hb 13,14). Cada igreja visitada \u00e9&nbsp;<strong>uma etapa de purifica\u00e7\u00e3o<\/strong>, um convite a deixar o pecado para tr\u00e1s.<\/p>\n\n\n\n<h3 class=\"wp-block-heading\"><strong>2. Comunh\u00e3o com os M\u00e1rtires e Santos<\/strong><\/h3>\n\n\n\n<p>Muitas dessas bas\u00edlicas eram dedicadas aos m\u00e1rtires. Ao nos reunirmos ali,&nbsp;<strong>nos unimos ao seu testemunho<\/strong>, recordando que a Cruz \u00e9 o caminho para a Ressurrei\u00e7\u00e3o.<\/p>\n\n\n\n<h3 class=\"wp-block-heading\"><strong>3. A Penit\u00eancia como Ato Comunit\u00e1rio<\/strong><\/h3>\n\n\n\n<p>Hoje a penit\u00eancia \u00e9 muitas vezes vivida em particular. Mas as esta\u00e7\u00f5es nos ensinam que&nbsp;<strong>a convers\u00e3o \u00e9 tamb\u00e9m comunit\u00e1ria<\/strong>. Como povo de Deus, caminhamos juntos para a convers\u00e3o.<\/p>\n\n\n\n<hr class=\"wp-block-separator has-alpha-channel-opacity\"\/>\n\n\n\n<h2 class=\"wp-block-heading\"><strong>III. As Esta\u00e7\u00f5es Quaresmais Hoje: Como Viv\u00ea-las?<\/strong><\/h2>\n\n\n\n<h3 class=\"wp-block-heading\"><strong>1. Nas Par\u00f3quias: Prociss\u00f5es e Celebra\u00e7\u00f5es Adaptadas<\/strong><\/h3>\n\n\n\n<p>Nem todos podem ir a Roma, mas cada diocese pode organizar&nbsp;<strong>peregrina\u00e7\u00f5es locais<\/strong>&nbsp;a igrejas significativas, especialmente \u00e0s quartas e sextas-feiras, dias tradicionais das esta\u00e7\u00f5es.<\/p>\n\n\n\n<h3 class=\"wp-block-heading\"><strong>2. Em Casa: Pequenas &#8220;Esta\u00e7\u00f5es&#8221; Dom\u00e9sticas<\/strong><\/h3>\n\n\n\n<ul class=\"wp-block-list\">\n<li><strong>Ora\u00e7\u00e3o em fam\u00edlia<\/strong>: Designar um espa\u00e7o para ler o Evangelho do dia e meditar<\/li>\n\n\n\n<li><strong>Obras de miseric\u00f3rdia<\/strong>: Escolher semanalmente uma obra como &#8220;esta\u00e7\u00e3o&#8221; de caridade<\/li>\n\n\n\n<li><strong>Jejum digital<\/strong>: &#8220;Parar&#8221; do barulho mundano para entrar no sil\u00eancio<\/li>\n<\/ul>\n\n\n\n<h3 class=\"wp-block-heading\"><strong>3. No Cora\u00e7\u00e3o: Um Itiner\u00e1rio Interior<\/strong><\/h3>\n\n\n\n<p>A ess\u00eancia das esta\u00e7\u00f5es n\u00e3o est\u00e1 no movimento f\u00edsico, mas&nbsp;<strong>no progresso da alma<\/strong>. Podemos criar &#8220;esta\u00e7\u00f5es&#8221; interiores:<\/p>\n\n\n\n<ul class=\"wp-block-list\">\n<li><strong>Segunda-feira<\/strong>: Examinar o orgulho<\/li>\n\n\n\n<li><strong>Quarta-feira<\/strong>: Meditar a Paix\u00e3o<\/li>\n\n\n\n<li><strong>Sexta-feira<\/strong>: Oferecer sacrif\u00edcios<\/li>\n<\/ul>\n\n\n\n<hr class=\"wp-block-separator has-alpha-channel-opacity\"\/>\n\n\n\n<h2 class=\"wp-block-heading\"><strong>Conclus\u00e3o: Um Caminho que nos Reconduz a Cristo<\/strong><\/h2>\n\n\n\n<p>As esta\u00e7\u00f5es quaresmais n\u00e3o s\u00e3o rel\u00edquias do passado, mas&nbsp;<strong>um mapa espiritual para o homem moderno<\/strong>. Numa \u00e9poca de dispers\u00e3o, a Igreja nos diz:&nbsp;<em>&#8220;Pare, reze, caminhe!&#8221;<\/em><\/p>\n\n\n\n<p>Este ano, voc\u00ea se unir\u00e1 a esta antiga peregrina\u00e7\u00e3o?&nbsp;<strong>A meta \u00e9 clara: P\u00e1scoa, o triunfo de Cristo sobre a morte.<\/strong>&nbsp;Que cada passo, cada ora\u00e7\u00e3o, cada pequeno sacrif\u00edcio nos aproxime d&#8217;Ele.<\/p>\n\n\n\n<blockquote class=\"wp-block-quote is-layout-flow wp-block-quote-is-layout-flow\">\n<p><em>&#8220;Convertei-vos e crede no Evangelho!&#8221;<\/em>&nbsp;(Mc 1,15)<\/p>\n<\/blockquote>\n\n\n\n<p><strong>Vamos come\u00e7ar o caminho?<\/strong><\/p>\n\n\n\n<hr class=\"wp-block-separator has-alpha-channel-opacity\"\/>\n\n\n\n<p><strong>Deseja aprofundar?<\/strong>&nbsp;Muitos lugares publicam itiner\u00e1rios das esta\u00e7\u00f5es quaresmais. Informe-se em sua par\u00f3quia ou diocese!<\/p>\n\n\n\n<p><em>(Este artigo baseia-se no Missal Romano, no Cerimonial dos Bispos e nos ensinamentos dos Padres da Igreja.)<\/em><\/p>\n","protected":false},"excerpt":{"rendered":"<p>Introdu\u00e7\u00e3o: Redescobrindo uma Pr\u00e1tica Antiga de F\u00e9 Num mundo fren\u00e9tico, onde o ru\u00eddo e as distra\u00e7\u00f5es sufocam o sil\u00eancio da alma, a Igreja nos convida a redescobrir uma antiga pr\u00e1tica espiritual:&nbsp;as Esta\u00e7\u00f5es Quaresmais. Esta vener\u00e1vel devo\u00e7\u00e3o, enraizada na Roma crist\u00e3, n\u00e3o \u00e9 um mero artefato hist\u00f3rico, mas&nbsp;um caminho vivo de convers\u00e3o, uma peregrina\u00e7\u00e3o interior que &hellip;<\/p>\n","protected":false},"author":3,"featured_media":3002,"comment_status":"open","ping_status":"open","sticky":false,"template":"","format":"standard","meta":{"_seopress_robots_primary_cat":"","_seopress_titles_title":"","_seopress_titles_desc":"","_seopress_robots_index":"","footnotes":""},"categories":[38,52],"tags":[963],"class_list":["post-3001","post","type-post","status-publish","format-standard","has-post-thumbnail","","category-historia-e-tradicao","category-liturgia-e-ano-liturgico","tag-estacoes-quaresmais"],"_links":{"self":[{"href":"https:\/\/catholicus.eu\/pt\/wp-json\/wp\/v2\/posts\/3001","targetHints":{"allow":["GET"]}}],"collection":[{"href":"https:\/\/catholicus.eu\/pt\/wp-json\/wp\/v2\/posts"}],"about":[{"href":"https:\/\/catholicus.eu\/pt\/wp-json\/wp\/v2\/types\/post"}],"author":[{"embeddable":true,"href":"https:\/\/catholicus.eu\/pt\/wp-json\/wp\/v2\/users\/3"}],"replies":[{"embeddable":true,"href":"https:\/\/catholicus.eu\/pt\/wp-json\/wp\/v2\/comments?post=3001"}],"version-history":[{"count":1,"href":"https:\/\/catholicus.eu\/pt\/wp-json\/wp\/v2\/posts\/3001\/revisions"}],"predecessor-version":[{"id":3003,"href":"https:\/\/catholicus.eu\/pt\/wp-json\/wp\/v2\/posts\/3001\/revisions\/3003"}],"wp:featuredmedia":[{"embeddable":true,"href":"https:\/\/catholicus.eu\/pt\/wp-json\/wp\/v2\/media\/3002"}],"wp:attachment":[{"href":"https:\/\/catholicus.eu\/pt\/wp-json\/wp\/v2\/media?parent=3001"}],"wp:term":[{"taxonomy":"category","embeddable":true,"href":"https:\/\/catholicus.eu\/pt\/wp-json\/wp\/v2\/categories?post=3001"},{"taxonomy":"post_tag","embeddable":true,"href":"https:\/\/catholicus.eu\/pt\/wp-json\/wp\/v2\/tags?post=3001"}],"curies":[{"name":"wp","href":"https:\/\/api.w.org\/{rel}","templated":true}]}}