{"id":2992,"date":"2025-03-30T21:07:02","date_gmt":"2025-03-30T19:07:02","guid":{"rendered":"https:\/\/catholicus.eu\/pt\/?p=2992"},"modified":"2025-03-30T21:07:02","modified_gmt":"2025-03-30T19:07:02","slug":"a-oracao-que-pode-mudar-o-destino-dos-mortos-e-a-igreja-permite","status":"publish","type":"post","link":"https:\/\/catholicus.eu\/pt\/a-oracao-que-pode-mudar-o-destino-dos-mortos-e-a-igreja-permite\/","title":{"rendered":"A Ora\u00e7\u00e3o que Pode Mudar o Destino dos Mortos (e a Igreja Permite)"},"content":{"rendered":"\n<h2 class=\"wp-block-heading\"><strong>Introdu\u00e7\u00e3o: Um Mist\u00e9rio de Miseric\u00f3rdia<\/strong><\/h2>\n\n\n\n<p>No sil\u00eancio de um cemit\u00e9rio, diante de uma humilde sepultura, ou na intimidade de nossa ora\u00e7\u00e3o, surge uma pergunta que atravessa os s\u00e9culos:&nbsp;<em>Podemos fazer algo por aqueles que partiram deste mundo?<\/em>&nbsp;A resposta da Igreja \u00e9 um retumbante&nbsp;<strong>sim<\/strong>. N\u00e3o apenas podemos rezar por eles, mas nossas ora\u00e7\u00f5es e sacrif\u00edcios podem&nbsp;<strong>aliviar sua purifica\u00e7\u00e3o<\/strong>&nbsp;e at\u00e9 mesmo&nbsp;<em>mudar seu destino eterno<\/em>.<\/p>\n\n\n\n<p>Este artigo explora uma das pr\u00e1ticas mais consoladoras e, ao mesmo tempo, menos compreendidas da tradi\u00e7\u00e3o cat\u00f3lica:&nbsp;<strong>as indulg\u00eancias aplicadas aos falecidos<\/strong>. Uma doutrina enraizada na Sagrada Escritura, desenvolvida na Tradi\u00e7\u00e3o e ainda atual como um ato de&nbsp;<strong>caridade sobrenatural<\/strong>.<\/p>\n\n\n\n<hr class=\"wp-block-separator has-alpha-channel-opacity\"\/>\n\n\n\n<h2 class=\"wp-block-heading\"><strong>1. O que S\u00e3o Indulg\u00eancias?<\/strong><\/h2>\n\n\n\n<p>Antes de aprofundarmos como elas ajudam os falecidos, \u00e9 essencial entender o que \u00e9 uma&nbsp;<strong>indulg\u00eancia<\/strong>. Segundo o Catecismo da Igreja Cat\u00f3lica (1471):<\/p>\n\n\n\n<blockquote class=\"wp-block-quote is-layout-flow wp-block-quote-is-layout-flow\">\n<p><em>&#8220;A indulg\u00eancia \u00e9 a remiss\u00e3o, diante de Deus, da pena temporal pelos pecados j\u00e1 perdoados quanto \u00e0 culpa, que o fiel bem disposto obt\u00e9m em certas condi\u00e7\u00f5es determinadas, mediante a a\u00e7\u00e3o da Igreja.&#8221;<\/em><\/p>\n<\/blockquote>\n\n\n\n<p>Em outras palavras, embora o pecado seja perdoado na Confiss\u00e3o, a &#8220;pena temporal&#8221; (as consequ\u00eancias do pecado) pode ser purgada nesta vida ou no&nbsp;<strong>Purgat\u00f3rio<\/strong>. A Igreja, como administradora dos&nbsp;<strong>tesouros espirituais de Cristo e dos santos<\/strong>, pode conceder indulg\u00eancias para aliviar essa pena.<\/p>\n\n\n\n<h3 class=\"wp-block-heading\"><strong>Tipos de Indulg\u00eancias<\/strong><\/h3>\n\n\n\n<ul class=\"wp-block-list\">\n<li><strong>Plen\u00e1ria<\/strong>: Remove toda a pena temporal.<\/li>\n\n\n\n<li><strong>Parcial<\/strong>: Remite parte dela.<\/li>\n<\/ul>\n\n\n\n<hr class=\"wp-block-separator has-alpha-channel-opacity\"\/>\n\n\n\n<h2 class=\"wp-block-heading\"><strong>2. Indulg\u00eancias pelos Falecidos: Um Ato de Amor que Transcende a Morte<\/strong><\/h2>\n\n\n\n<p>O&nbsp;<strong>Dogma do Purgat\u00f3rio<\/strong>&nbsp;(definido nos Conc\u00edlios de Lyon II e Trento) ensina que muitas almas, embora salvas, necessitam de uma purifica\u00e7\u00e3o final antes de entrar no C\u00e9u.&nbsp;<strong>Nossas ora\u00e7\u00f5es e boas obras podem ajud\u00e1-las.<\/strong><\/p>\n\n\n\n<h3 class=\"wp-block-heading\"><strong>Como Funciona?<\/strong><\/h3>\n\n\n\n<p>A Igreja permite que os fi\u00e9is&nbsp;<strong>apliquem indulg\u00eancias<\/strong>&nbsp;(especialmente as plen\u00e1rias) \u00e0s almas do Purgat\u00f3rio. Isso n\u00e3o \u00e9 &#8220;magia&#8221; nem &#8220;com\u00e9rcio espiritual&#8221;, mas um ato da&nbsp;<strong>comunh\u00e3o dos santos<\/strong>, onde a Igreja militante (n\u00f3s) intercede pela Igreja padecente (os falecidos).<\/p>\n\n\n\n<h3 class=\"wp-block-heading\"><strong>Condi\u00e7\u00f5es para Ganhar uma Indulg\u00eancia Plen\u00e1ria por um Falecido<\/strong><\/h3>\n\n\n\n<ol start=\"1\" class=\"wp-block-list\">\n<li><strong>Confiss\u00e3o sacramental<\/strong>\u00a0(dentro de um per\u00edodo pr\u00f3ximo ao ato indulgenciado).<\/li>\n\n\n\n<li><strong>Comunh\u00e3o eucar\u00edstica<\/strong>.<\/li>\n\n\n\n<li><strong>Ora\u00e7\u00e3o pelas inten\u00e7\u00f5es do Papa<\/strong>\u00a0(um Pai-Nosso e uma Ave-Maria bastam).<\/li>\n\n\n\n<li><strong>Ren\u00fancia a todo afeto ao pecado<\/strong>, mesmo venial.<\/li>\n\n\n\n<li><strong>Realiza\u00e7\u00e3o da obra prescrita<\/strong>\u00a0com devo\u00e7\u00e3o (ex.: rezar o Ter\u00e7o em um cemit\u00e9rio).<\/li>\n<\/ol>\n\n\n\n<hr class=\"wp-block-separator has-alpha-channel-opacity\"\/>\n\n\n\n<h2 class=\"wp-block-heading\"><strong>3. Origem B\u00edblica e Tradi\u00e7\u00e3o<\/strong><\/h2>\n\n\n\n<h3 class=\"wp-block-heading\"><strong>Na Sagrada Escritura<\/strong><\/h3>\n\n\n\n<ul class=\"wp-block-list\">\n<li><strong>2 Macabeus 12,44-45<\/strong>: Judas Macabeu ordena sacrif\u00edcios pelos soldados ca\u00eddos, mostrando que\u00a0<em>&#8220;\u00e9 santo e salutar rezar pelos mortos&#8221;<\/em>.<\/li>\n\n\n\n<li><strong>1 Cor\u00edntios 3,15<\/strong>: S\u00e3o Paulo fala de ser salvo &#8220;como que atrav\u00e9s do fogo&#8221;, alus\u00e3o ao Purgat\u00f3rio.<\/li>\n<\/ul>\n\n\n\n<h3 class=\"wp-block-heading\"><strong>Nos Padres da Igreja<\/strong><\/h3>\n\n\n\n<ul class=\"wp-block-list\">\n<li><strong>Santo Agostinho<\/strong>\u00a0escreveu:\u00a0<em>&#8220;A ora\u00e7\u00e3o da Igreja ou dos piedosos \u00e9 ouvida em favor dos falecidos.&#8221;<\/em><\/li>\n\n\n\n<li><strong>S\u00e3o Greg\u00f3rio Magno<\/strong>\u00a0relata como as Missas libertaram o monge Justo de seus sofrimentos.<\/li>\n<\/ul>\n\n\n\n<h3 class=\"wp-block-heading\"><strong>Na Idade M\u00e9dia<\/strong><\/h3>\n\n\n\n<p>As indulg\u00eancias desenvolveram-se como forma de aplicar os m\u00e9ritos de Cristo e dos santos. O&nbsp;<strong>Conc\u00edlio de Trento<\/strong>&nbsp;(1545-1563) defendeu-as contra as cr\u00edticas protestantes, esclarecendo que n\u00e3o s\u00e3o &#8220;pagamento&#8221;, mas dom da&nbsp;<strong>Miseric\u00f3rdia Divina<\/strong>.<\/p>\n\n\n\n<hr class=\"wp-block-separator has-alpha-channel-opacity\"\/>\n\n\n\n<h2 class=\"wp-block-heading\"><strong>4. Por que \u00e9 Relevante Hoje?<\/strong><\/h2>\n\n\n\n<p>Num mundo que banaliza a morte ou a reduz a uma &#8220;lembran\u00e7a sentimental&#8221;, a doutrina do Purgat\u00f3rio e das indulg\u00eancias nos lembra:<\/p>\n\n\n\n<ol start=\"1\" class=\"wp-block-list\">\n<li><strong>A morte n\u00e3o rompe o v\u00ednculo de amor<\/strong>: Permanecemos unidos em Cristo.<\/li>\n\n\n\n<li><strong>A justi\u00e7a de Deus \u00e9 tamb\u00e9m miseric\u00f3rdia<\/strong>: O Purgat\u00f3rio n\u00e3o \u00e9 castigo, mas purifica\u00e7\u00e3o.<\/li>\n\n\n\n<li><strong>Nossas ora\u00e7\u00f5es t\u00eam poder real<\/strong>: N\u00e3o s\u00e3o apenas bons desejos.<\/li>\n<\/ol>\n\n\n\n<h3 class=\"wp-block-heading\"><strong>Obras que Podem Ganhar Indulg\u00eancias pelos Falecidos<\/strong><\/h3>\n\n\n\n<ul class=\"wp-block-list\">\n<li><strong>Visitar um cemit\u00e9rio<\/strong>\u00a0(de 1\u00ba a 8 de novembro, indulg\u00eancia plen\u00e1ria di\u00e1ria).<\/li>\n\n\n\n<li><strong>Rezar o Ter\u00e7o<\/strong>\u00a0em fam\u00edlia ou na igreja.<\/li>\n\n\n\n<li><strong>Adora\u00e7\u00e3o ao Sant\u00edssimo<\/strong>\u00a0(pelo menos 30 minutos).<\/li>\n\n\n\n<li><strong>Leitura da B\u00edblia<\/strong>\u00a0(pelo menos meia hora).<\/li>\n<\/ul>\n\n\n\n<hr class=\"wp-block-separator has-alpha-channel-opacity\"\/>\n\n\n\n<h2 class=\"wp-block-heading\"><strong>5. Conclus\u00e3o: Uma Corrente de Ora\u00e7\u00e3o que Nunca se Rompe<\/strong><\/h2>\n\n\n\n<p>Em cada Missa, cada Ter\u00e7o, cada visita ao cemit\u00e9rio, dizemos a nossos entes queridos falecidos:&nbsp;<em>&#8220;N\u00e3o vos esque\u00e7o. Ajudo-vos a chegar \u00e0 Luz.&#8221;<\/em><\/p>\n\n\n\n<p><strong>Voc\u00ea pode fazer algo por eles hoje.<\/strong>&nbsp;A Igreja lhe d\u00e1 os meios. S\u00f3 falta sua&nbsp;<strong>f\u00e9 e seu amor<\/strong>.<\/p>\n\n\n\n<blockquote class=\"wp-block-quote is-layout-flow wp-block-quote-is-layout-flow\">\n<p><em>&#8220;A caridade cobre uma multid\u00e3o de pecados&#8221;<\/em>&nbsp;(1 Pedro 4,8). E essa caridade pode estender-se al\u00e9m da morte.<\/p>\n<\/blockquote>\n\n\n\n<p><strong>Por qual alma voc\u00ea vai rezar hoje?<\/strong><\/p>\n\n\n\n<hr class=\"wp-block-separator has-alpha-channel-opacity\"\/>\n\n\n\n<h3 class=\"wp-block-heading\"><strong>Ora\u00e7\u00e3o Final pelos Falecidos<\/strong><\/h3>\n\n\n\n<p><em>&#8220;\u00d3 Deus, que resgatastes vossos filhos com o Sangue de Cristo, concedei aos fi\u00e9is defuntos o perd\u00e3o de suas culpas e a gl\u00f3ria de vossa presen\u00e7a. Por Cristo nosso Senhor. Am\u00e9m.&#8221;<\/em><\/p>\n\n\n\n<hr class=\"wp-block-separator has-alpha-channel-opacity\"\/>\n\n\n\n<p>Este artigo n\u00e3o \u00e9 apenas teoria: \u00e9 um&nbsp;<strong>convite \u00e0 a\u00e7\u00e3o<\/strong>. A eternidade agradecer\u00e1 sua generosidade.&nbsp;<strong>Reze por eles hoje mesmo!<\/strong><\/p>\n","protected":false},"excerpt":{"rendered":"<p>Introdu\u00e7\u00e3o: Um Mist\u00e9rio de Miseric\u00f3rdia No sil\u00eancio de um cemit\u00e9rio, diante de uma humilde sepultura, ou na intimidade de nossa ora\u00e7\u00e3o, surge uma pergunta que atravessa os s\u00e9culos:&nbsp;Podemos fazer algo por aqueles que partiram deste mundo?&nbsp;A resposta da Igreja \u00e9 um retumbante&nbsp;sim. N\u00e3o apenas podemos rezar por eles, mas nossas ora\u00e7\u00f5es e sacrif\u00edcios podem&nbsp;aliviar sua &hellip;<\/p>\n","protected":false},"author":3,"featured_media":2993,"comment_status":"open","ping_status":"open","sticky":false,"template":"","format":"standard","meta":{"_seopress_robots_primary_cat":"","_seopress_titles_title":"","_seopress_titles_desc":"","_seopress_robots_index":"","footnotes":""},"categories":[40,58],"tags":[117,769],"class_list":["post-2992","post","type-post","status-publish","format-standard","has-post-thumbnail","","category-oracao-e-espiritualidade","category-oracao-e-vida-espiritual","tag-indulgencias","tag-purgatorio"],"_links":{"self":[{"href":"https:\/\/catholicus.eu\/pt\/wp-json\/wp\/v2\/posts\/2992","targetHints":{"allow":["GET"]}}],"collection":[{"href":"https:\/\/catholicus.eu\/pt\/wp-json\/wp\/v2\/posts"}],"about":[{"href":"https:\/\/catholicus.eu\/pt\/wp-json\/wp\/v2\/types\/post"}],"author":[{"embeddable":true,"href":"https:\/\/catholicus.eu\/pt\/wp-json\/wp\/v2\/users\/3"}],"replies":[{"embeddable":true,"href":"https:\/\/catholicus.eu\/pt\/wp-json\/wp\/v2\/comments?post=2992"}],"version-history":[{"count":1,"href":"https:\/\/catholicus.eu\/pt\/wp-json\/wp\/v2\/posts\/2992\/revisions"}],"predecessor-version":[{"id":2994,"href":"https:\/\/catholicus.eu\/pt\/wp-json\/wp\/v2\/posts\/2992\/revisions\/2994"}],"wp:featuredmedia":[{"embeddable":true,"href":"https:\/\/catholicus.eu\/pt\/wp-json\/wp\/v2\/media\/2993"}],"wp:attachment":[{"href":"https:\/\/catholicus.eu\/pt\/wp-json\/wp\/v2\/media?parent=2992"}],"wp:term":[{"taxonomy":"category","embeddable":true,"href":"https:\/\/catholicus.eu\/pt\/wp-json\/wp\/v2\/categories?post=2992"},{"taxonomy":"post_tag","embeddable":true,"href":"https:\/\/catholicus.eu\/pt\/wp-json\/wp\/v2\/tags?post=2992"}],"curies":[{"name":"wp","href":"https:\/\/api.w.org\/{rel}","templated":true}]}}