{"id":2962,"date":"2025-03-29T23:41:48","date_gmt":"2025-03-29T22:41:48","guid":{"rendered":"https:\/\/catholicus.eu\/pt\/?p=2962"},"modified":"2025-03-29T23:41:48","modified_gmt":"2025-03-29T22:41:48","slug":"jesus-tinha-irmaos-o-que-diz-realmente-o-grego-original-do-novo-testamento","status":"publish","type":"post","link":"https:\/\/catholicus.eu\/pt\/jesus-tinha-irmaos-o-que-diz-realmente-o-grego-original-do-novo-testamento\/","title":{"rendered":"Jesus Tinha Irm\u00e3os? O que Diz Realmente o Grego Original do Novo Testamento"},"content":{"rendered":"\n<h2 class=\"wp-block-heading\"><strong>Introdu\u00e7\u00e3o: Um Debate com Ra\u00edzes Profundas<\/strong><\/h2>\n\n\n\n<p>Uma das perguntas mais frequentes entre crist\u00e3os e n\u00e3o-crist\u00e3os \u00e9 se Jesus teve irm\u00e3os carnais. Os Evangelhos mencionam v\u00e1rias vezes os&nbsp;<em>&#8220;irm\u00e3os de Jesus&#8221;<\/em>, o que levou algumas interpreta\u00e7\u00f5es protestantes e modernistas a afirmarem que Maria teve outros filhos. Mas o que diz realmente o texto grego original do Novo Testamento?<\/p>\n\n\n\n<p>A resposta n\u00e3o apenas esclarece um detalhe hist\u00f3rico, mas aprofunda nossa compreens\u00e3o da teologia mariana, da pureza da Virgem e do des\u00edgnio divino para a Sagrada Fam\u00edlia. Para entender, precisamos examinar duas palavras gregas-chave:&nbsp;<strong>&#8220;adelphoi&#8221;<\/strong>&nbsp;e&nbsp;<strong>&#8220;suggenes&#8221;<\/strong>.<\/p>\n\n\n\n<hr class=\"wp-block-separator has-alpha-channel-opacity\"\/>\n\n\n\n<h2 class=\"wp-block-heading\"><strong>1. &#8220;Adelphoi&#8221;: Irm\u00e3os de Sangue ou Parentes Pr\u00f3ximos?<\/strong><\/h2>\n\n\n\n<p>Nos Evangelhos, a palavra grega&nbsp;<strong>&#8220;adelphoi&#8221; (\u1f00\u03b4\u03b5\u03bb\u03c6\u03bf\u03af)<\/strong>&nbsp;aparece em passagens como:<\/p>\n\n\n\n<ul class=\"wp-block-list\">\n<li><em>&#8220;N\u00e3o \u00e9 este o filho do carpinteiro? N\u00e3o se chama sua m\u00e3e Maria, e seus irm\u00e3os Tiago, Jos\u00e9, Sim\u00e3o e Judas?&#8221;<\/em>\u00a0(Mateus 13:55)<\/li>\n\n\n\n<li><em>&#8220;Seus irm\u00e3os disseram-lhe: &#8216;Parte daqui e vai para a Judeia&#8230;'&#8221;<\/em>\u00a0(Jo\u00e3o 7:3)<\/li>\n<\/ul>\n\n\n\n<p>\u00c0 primeira vista, parece indicar irm\u00e3os carnais. Por\u00e9m, no contexto b\u00edblico e sem\u00edtico,&nbsp;<strong>&#8220;adelphoi&#8221; tem um significado muito mais amplo<\/strong>:<\/p>\n\n\n\n<ul class=\"wp-block-list\">\n<li><strong>No Antigo Testamento (Septuaginta)<\/strong>, &#8220;adelphoi&#8221; \u00e9 usado para parentes pr\u00f3ximos, n\u00e3o necessariamente irm\u00e3os. Por exemplo:\n<ul class=\"wp-block-list\">\n<li>L\u00f3 \u00e9 chamado &#8220;irm\u00e3o&#8221; de Abra\u00e3o (G\u00eanesis 14:14), embora fosse seu sobrinho.<\/li>\n\n\n\n<li>Jac\u00f3 chama Lab\u00e3o de &#8220;irm\u00e3o&#8221; (G\u00eanesis 29:15), sendo seu tio.<\/li>\n<\/ul>\n<\/li>\n\n\n\n<li><strong>Na cultura judaica do s\u00e9culo I<\/strong>, n\u00e3o havia palavra espec\u00edfica para &#8220;primo&#8221;, ent\u00e3o\u00a0<strong>&#8220;adelphoi&#8221; podia significar primos, sobrinhos ou outros parentes pr\u00f3ximos<\/strong>.<\/li>\n<\/ul>\n\n\n\n<hr class=\"wp-block-separator has-alpha-channel-opacity\"\/>\n\n\n\n<h2 class=\"wp-block-heading\"><strong>2. &#8220;Suggenes&#8221;: A Palavra Grega para Parentes Consangu\u00edneos<\/strong><\/h2>\n\n\n\n<p>O Novo Testamento tem um termo para parentes de sangue mais distantes:&nbsp;<strong>&#8220;suggenes&#8221; (\u03c3\u03c5\u03b3\u03b3\u03b5\u03bd\u03b5\u1fd6\u03c2)<\/strong>, que significa &#8220;parentes&#8221; ou &#8220;familiares&#8221;. Por exemplo:<\/p>\n\n\n\n<ul class=\"wp-block-list\">\n<li><em>&#8220;E Isabel, tua parente [suggenes], tamb\u00e9m concebeu um filho na sua velhice&#8230;&#8221;<\/em>\u00a0(Lucas 1:36). Aqui, o evangelista especifica que Maria e Isabel eram\u00a0<strong>parentes (primas)<\/strong>, n\u00e3o irm\u00e3s.<\/li>\n<\/ul>\n\n\n\n<p>Se os chamados&nbsp;<em>&#8220;irm\u00e3os de Jesus&#8221;<\/em>&nbsp;fossem filhos de Maria, o texto teria usado explicitamente&nbsp;<strong>&#8220;hui\u00f3s&#8221; (filhos)<\/strong>&nbsp;ou&nbsp;<strong>&#8220;tekna&#8221; (filhos, descend\u00eancia)<\/strong>. Mas nunca o faz.<\/p>\n\n\n\n<hr class=\"wp-block-separator has-alpha-channel-opacity\"\/>\n\n\n\n<h2 class=\"wp-block-heading\"><strong>3. Quem Eram Esses &#8220;Irm\u00e3os&#8221; de Jesus? A Tradi\u00e7\u00e3o Esclarece<\/strong><\/h2>\n\n\n\n<p>A Igreja Cat\u00f3lica, baseada na Sagrada Escritura e na Tradi\u00e7\u00e3o Apost\u00f3lica, ensina que Maria permaneceu&nbsp;<strong>sempre virgem<\/strong>&nbsp;(<em>&#8220;aeiparthenos&#8221;<\/em>, como proclamou o II Conc\u00edlio de Constantinopla). Ent\u00e3o, quem eram esses &#8220;irm\u00e3os&#8221;?<\/p>\n\n\n\n<ul class=\"wp-block-list\">\n<li><strong>Tiago e Jos\u00e9<\/strong>: Em Mateus 27:56, menciona-se que Maria, m\u00e3e de Tiago e Jos\u00e9, era\u00a0<strong>&#8220;a outra Maria&#8221;<\/strong>\u00a0(diferente da Virgem). Esta Maria era\u00a0<strong>esposa de Cl\u00e9ofas<\/strong>\u00a0(Jo\u00e3o 19:25), possivelmente irm\u00e3 da Virgem Maria, fazendo de Tiago e Jos\u00e9\u00a0<strong>primos de Jesus<\/strong>.<\/li>\n\n\n\n<li><strong>Judas (n\u00e3o o Iscariotes)<\/strong>: Em Judas 1:1, o autor se identifica como\u00a0<strong>&#8220;irm\u00e3o de Tiago&#8221;<\/strong>, confirmando que pertencia \u00e0 mesma fam\u00edlia extensa, n\u00e3o sendo filho de Maria.<\/li>\n<\/ul>\n\n\n\n<hr class=\"wp-block-separator has-alpha-channel-opacity\"\/>\n\n\n\n<h2 class=\"wp-block-heading\"><strong>4. O Testemunho dos Padres da Igreja<\/strong><\/h2>\n\n\n\n<p>Os primeiros crist\u00e3os, herdeiros diretos do ensino apost\u00f3lico, nunca duvidaram da virgindade perp\u00e9tua de Maria:<\/p>\n\n\n\n<ul class=\"wp-block-list\">\n<li><strong>S\u00e3o Jer\u00f4nimo<\/strong>\u00a0(s\u00e9culo IV) defendeu em\u00a0<em>&#8220;Contra Helv\u00eddio&#8221;<\/em>\u00a0que os &#8220;irm\u00e3os de Jesus&#8221; eram primos, refutando a ideia de que Maria teve outros filhos.<\/li>\n\n\n\n<li><strong>S\u00e3o Epif\u00e2nio<\/strong>\u00a0(s\u00e9culo IV) sugeriu que Tiago e os outros eram filhos\u00a0<strong>de Jos\u00e9 de um casamento anterior<\/strong>\u00a0(tradi\u00e7\u00e3o aceita em alguns c\u00edrculos antigos).<\/li>\n<\/ul>\n\n\n\n<hr class=\"wp-block-separator has-alpha-channel-opacity\"\/>\n\n\n\n<h2 class=\"wp-block-heading\"><strong>5. Conclus\u00e3o: Maria, a Sempre Virgem<\/strong><\/h2>\n\n\n\n<p>A an\u00e1lise lingu\u00edstica e teol\u00f3gica confirma que:<\/p>\n\n\n\n<p>\u2705&nbsp;<strong>&#8220;Adelphoi&#8221; n\u00e3o significa necessariamente irm\u00e3os carnais<\/strong>, mas pode incluir parentes pr\u00f3ximos.<br>\u2705&nbsp;<strong>O termo &#8220;suggenes&#8221; \u00e9 usado para primos<\/strong>, como no caso de Isabel.<br>\u2705&nbsp;<strong>A Tradi\u00e7\u00e3o Apost\u00f3lica sempre defendeu a virgindade perp\u00e9tua de Maria<\/strong>, sinal de sua pureza e miss\u00e3o \u00fanica.<\/p>\n\n\n\n<p>Longe de ser um detalhe menor, esta verdade fortalece nossa devo\u00e7\u00e3o \u00e0&nbsp;<strong>Sagrada Fam\u00edlia<\/strong>, onde Jesus, o Filho Unig\u00eanito, foi criado por uma M\u00e3e sempre fiel e um pai casto e santo.<\/p>\n\n\n\n<h3 class=\"wp-block-heading\"><strong>Reflex\u00e3o Final<\/strong><\/h3>\n\n\n\n<p>Se Maria tivesse outros filhos, por que Jesus a confiaria a S\u00e3o Jo\u00e3o na Cruz (Jo\u00e3o 19:26-27)? Este ato revela que&nbsp;<strong>n\u00e3o havia outros filhos carnais<\/strong>&nbsp;para cuidar dela.<\/p>\n\n\n\n<p><strong>Maria \u00e9 a Nova Eva, a M\u00e3e espiritual de todos os crentes<\/strong>, e sua virgindade perp\u00e9tua \u00e9 um mist\u00e9rio que nos convida a aprofundar nosso amor e respeito pela Mulher que trouxe o Salvador ao mundo.<\/p>\n\n\n\n<hr class=\"wp-block-separator has-alpha-channel-opacity\"\/>\n\n\n\n<p><strong>Gostou desta an\u00e1lise?<\/strong>&nbsp;Compartilhe e aprofunde-se na riqueza da f\u00e9 cat\u00f3lica.&nbsp;<strong>Ave Maria!<\/strong>&nbsp;\ud83c\udf39\u271d\ufe0f<\/p>\n","protected":false},"excerpt":{"rendered":"<p>Introdu\u00e7\u00e3o: Um Debate com Ra\u00edzes Profundas Uma das perguntas mais frequentes entre crist\u00e3os e n\u00e3o-crist\u00e3os \u00e9 se Jesus teve irm\u00e3os carnais. Os Evangelhos mencionam v\u00e1rias vezes os&nbsp;&#8220;irm\u00e3os de Jesus&#8221;, o que levou algumas interpreta\u00e7\u00f5es protestantes e modernistas a afirmarem que Maria teve outros filhos. Mas o que diz realmente o texto grego original do Novo &hellip;<\/p>\n","protected":false},"author":3,"featured_media":2963,"comment_status":"open","ping_status":"open","sticky":false,"template":"","format":"standard","meta":{"_seopress_robots_primary_cat":"","_seopress_titles_title":"","_seopress_titles_desc":"","_seopress_robots_index":"","footnotes":""},"categories":[37,45],"tags":[950,84],"class_list":["post-2962","post","type-post","status-publish","format-standard","has-post-thumbnail","","category-doutrina-e-fe","category-sagradas-escrituras","tag-irmaos","tag-jesus"],"_links":{"self":[{"href":"https:\/\/catholicus.eu\/pt\/wp-json\/wp\/v2\/posts\/2962","targetHints":{"allow":["GET"]}}],"collection":[{"href":"https:\/\/catholicus.eu\/pt\/wp-json\/wp\/v2\/posts"}],"about":[{"href":"https:\/\/catholicus.eu\/pt\/wp-json\/wp\/v2\/types\/post"}],"author":[{"embeddable":true,"href":"https:\/\/catholicus.eu\/pt\/wp-json\/wp\/v2\/users\/3"}],"replies":[{"embeddable":true,"href":"https:\/\/catholicus.eu\/pt\/wp-json\/wp\/v2\/comments?post=2962"}],"version-history":[{"count":1,"href":"https:\/\/catholicus.eu\/pt\/wp-json\/wp\/v2\/posts\/2962\/revisions"}],"predecessor-version":[{"id":2964,"href":"https:\/\/catholicus.eu\/pt\/wp-json\/wp\/v2\/posts\/2962\/revisions\/2964"}],"wp:featuredmedia":[{"embeddable":true,"href":"https:\/\/catholicus.eu\/pt\/wp-json\/wp\/v2\/media\/2963"}],"wp:attachment":[{"href":"https:\/\/catholicus.eu\/pt\/wp-json\/wp\/v2\/media?parent=2962"}],"wp:term":[{"taxonomy":"category","embeddable":true,"href":"https:\/\/catholicus.eu\/pt\/wp-json\/wp\/v2\/categories?post=2962"},{"taxonomy":"post_tag","embeddable":true,"href":"https:\/\/catholicus.eu\/pt\/wp-json\/wp\/v2\/tags?post=2962"}],"curies":[{"name":"wp","href":"https:\/\/api.w.org\/{rel}","templated":true}]}}