{"id":2887,"date":"2025-03-26T21:10:02","date_gmt":"2025-03-26T20:10:02","guid":{"rendered":"https:\/\/catholicus.eu\/pt\/?p=2887"},"modified":"2025-03-26T21:10:02","modified_gmt":"2025-03-26T20:10:02","slug":"o-papa-que-excomungou-um-exercito-inteiro-a-incrivel-historia-de-sao-gregorio-vii","status":"publish","type":"post","link":"https:\/\/catholicus.eu\/pt\/o-papa-que-excomungou-um-exercito-inteiro-a-incrivel-historia-de-sao-gregorio-vii\/","title":{"rendered":"O Papa que excomungou um ex\u00e9rcito inteiro: A incr\u00edvel hist\u00f3ria de S\u00e3o Greg\u00f3rio VII"},"content":{"rendered":"\n<p>Na longa hist\u00f3ria da Igreja, h\u00e1 figuras que se destacam por sua coragem, santidade e firmeza na f\u00e9. Um desses gigantes espirituais foi S\u00e3o Greg\u00f3rio VII, um papa cujo pontificado foi marcado por uma luta tit\u00e2nica contra a interfer\u00eancia do poder secular nos assuntos da Igreja. Seu confronto com o imperador Henrique IV do Sacro Imp\u00e9rio Romano tornou-o um s\u00edmbolo da autoridade espiritual da Igreja sobre os governantes terrenos.<\/p>\n\n\n\n<p>Um dos epis\u00f3dios mais surpreendentes de seu pontificado foi a excomunh\u00e3o de um ex\u00e9rcito inteiro \u2013 um ato sem precedentes que demonstrou de forma clara a independ\u00eancia da Igreja em rela\u00e7\u00e3o aos reis e imperadores. Para compreender a magnitude desse evento, \u00e9 essencial conhecer a vida de S\u00e3o Greg\u00f3rio VII, sua luta pela reforma da Igreja e o contexto hist\u00f3rico que o levou a tomar uma decis\u00e3o t\u00e3o radical.<\/p>\n\n\n\n<h2 class=\"wp-block-heading\">Uma Igreja em crise e a necessidade de reforma<\/h2>\n\n\n\n<p>O s\u00e9culo XI foi um per\u00edodo de grande crise para a Igreja. A corrup\u00e7\u00e3o do clero, a nomea\u00e7\u00e3o de bispos e papas pelos reis (pr\u00e1tica conhecida como <em>investidura laica<\/em>) e a simonia (compra e venda de cargos eclesi\u00e1sticos) amea\u00e7avam a pureza e a autoridade espiritual da Igreja.<\/p>\n\n\n\n<p>Nesse contexto, surgiu Hildebrando de Soana, o futuro Greg\u00f3rio VII, um monge beneditino de grande sabedoria e car\u00e1ter forte, que j\u00e1 antes de sua elei\u00e7\u00e3o como papa trabalhava incansavelmente pela reforma da Igreja. Sua escolha como sumo pont\u00edfice, em 1073, marcou o in\u00edcio de um pontificado caracterizado por uma luta feroz contra a corrup\u00e7\u00e3o e a interfer\u00eancia dos governantes seculares nos assuntos da Igreja.<\/p>\n\n\n\n<p>Greg\u00f3rio VII promoveu reformas para restaurar a autoridade do papa e a independ\u00eancia da Igreja. Seu documento mais famoso, o <em>Dictatus Papae<\/em>, continha afirma\u00e7\u00f5es revolucion\u00e1rias para a \u00e9poca, entre elas:<\/p>\n\n\n\n<ul class=\"wp-block-list\">\n<li>O papa tem autoridade suprema sobre todos os crist\u00e3os, inclusive reis e imperadores.<\/li>\n\n\n\n<li>Somente o papa pode destituir um imperador.<\/li>\n\n\n\n<li>Os pr\u00edncipes devem beijar os p\u00e9s do papa como sinal de submiss\u00e3o.<\/li>\n<\/ul>\n\n\n\n<p>Essas declara\u00e7\u00f5es geraram um confronto aberto com o imperador Henrique IV, que via essas reformas como uma amea\u00e7a direta ao seu poder.<\/p>\n\n\n\n<h2 class=\"wp-block-heading\">O conflito entre o Papa e o Imperador<\/h2>\n\n\n\n<p>O conflito entre Greg\u00f3rio VII e Henrique IV atingiu seu ponto m\u00e1ximo na famosa <em>Querela das Investiduras<\/em>, uma disputa sobre quem tinha o direito de nomear bispos e outros cargos eclesi\u00e1sticos. Henrique IV insistia que, como imperador, tinha o direito de nomear bispos em seus territ\u00f3rios, enquanto Greg\u00f3rio VII afirmava que esse poder pertencia exclusivamente \u00e0 Igreja.<\/p>\n\n\n\n<p>Em resposta \u00e0 desobedi\u00eancia de Henrique IV, o papa o excomungou em 1076, retirando seu direito ao trono e liberando seus s\u00faditos da obriga\u00e7\u00e3o de lhe prestar obedi\u00eancia. Essa excomunh\u00e3o desencadeou uma crise pol\u00edtica, pois muitos nobres alem\u00e3es se rebelaram contra o imperador. Vendo seu poder amea\u00e7ado, Henrique decidiu humilhar-se e pedir perd\u00e3o ao papa.<\/p>\n\n\n\n<p>Assim ocorreu o famoso epis\u00f3dio de Canossa, em 1077: Henrique IV, vestido com roupas de penitente e descal\u00e7o na neve, esperou por tr\u00eas dias diante dos port\u00f5es do castelo de Canossa, onde Greg\u00f3rio VII estava refugiado, implorando pelo seu perd\u00e3o. Finalmente, o papa concedeu-lhe a absolvi\u00e7\u00e3o, demonstrando o poder penitencial da Igreja sobre os governantes terrenos.<\/p>\n\n\n\n<h2 class=\"wp-block-heading\">A excomunh\u00e3o de um ex\u00e9rcito inteiro<\/h2>\n\n\n\n<p>Mas a luta n\u00e3o terminou a\u00ed. Depois de recuperar seu poder, Henrique IV desafiou novamente o papa. Em 1080, Greg\u00f3rio VII o excomungou pela segunda vez, declarou sua deposi\u00e7\u00e3o e apoiou um rival como pretendente ao trono da Alemanha.<\/p>\n\n\n\n<p>Enfurecido, Henrique IV reuniu um ex\u00e9rcito e marchou contra Roma, decidido a depor Greg\u00f3rio VII. Foi nesse momento que ocorreu o epis\u00f3dio mais impressionante de seu pontificado: a excomunh\u00e3o do ex\u00e9rcito inimigo inteiro.<\/p>\n\n\n\n<p>Esse ato n\u00e3o foi apenas simb\u00f3lico, mas teve s\u00e9rias implica\u00e7\u00f5es espirituais. Ao excomungar os soldados inimigos, Greg\u00f3rio VII fechou-lhes as portas da salva\u00e7\u00e3o enquanto persistissem no ataque contra a Igreja. Essa medida era um lembrete do princ\u00edpio teol\u00f3gico de que ningu\u00e9m pode desafiar a Igreja de Cristo sem colocar sua alma em risco.<\/p>\n\n\n\n<p>Apesar disso, Henrique IV conseguiu invadir Roma e, em 1084, nomeou um antipapa, Clemente III, que o coroou imperador. Greg\u00f3rio VII refugiou-se no Castelo de Santo \u00c2ngelo e acabou sendo resgatado pelos normandos. No entanto, esses aliados saquearam Roma, causando um esc\u00e2ndalo que enfraqueceu a posi\u00e7\u00e3o do papa. No final, ele teve que partir para o ex\u00edlio em Salerno, onde faleceu em 1085. Suas \u00faltimas palavras foram: <em>&#8220;Amei a justi\u00e7a e odiei a iniquidade; por isso morro no ex\u00edlio.&#8221;<\/em><\/p>\n\n\n\n<h2 class=\"wp-block-heading\">Significado teol\u00f3gico e li\u00e7\u00f5es espirituais<\/h2>\n\n\n\n<p>A hist\u00f3ria de S\u00e3o Greg\u00f3rio VII traz li\u00e7\u00f5es preciosas e sempre atuais. Sua vida nos lembra que a Igreja n\u00e3o \u00e9 apenas uma institui\u00e7\u00e3o humana sujeita aos poderes deste mundo, mas sim o Corpo de Cristo, dotado de uma autoridade espiritual que transcende qualquer poder terreno.<\/p>\n\n\n\n<ol class=\"wp-block-list\">\n<li><strong>O poder da Igreja sobre o mundo<\/strong>: A Igreja tem o dever de corrigir os governantes quando agem contra a moral e a justi\u00e7a. S\u00e3o Greg\u00f3rio VII nos ensina que a f\u00e9 n\u00e3o pode ser subordinada a interesses pol\u00edticos.<\/li>\n\n\n\n<li><strong>A import\u00e2ncia da autoridade espiritual<\/strong>: O papa, como sucessor de Pedro, possui um poder que vem diretamente de Deus (Mt 16,18-19). Greg\u00f3rio VII reafirmou essa verdade com coragem.<\/li>\n\n\n\n<li><strong>A necessidade de reforma cont\u00ednua<\/strong>: A Igreja sempre precisou de renova\u00e7\u00e3o e purifica\u00e7\u00e3o. S\u00e3o Greg\u00f3rio VII combateu a corrup\u00e7\u00e3o e nos lembra que a santidade e a fidelidade \u00e0 verdade s\u00e3o essenciais.<\/li>\n\n\n\n<li><strong>O poder da penit\u00eancia e da convers\u00e3o<\/strong>: O epis\u00f3dio de Canossa nos mostra que at\u00e9 os mais poderosos devem se humilhar diante de Deus. Como diz a Escritura: <em>&#8220;Deus resiste aos soberbos, mas d\u00e1 gra\u00e7a aos humildes&#8221; (Tiago 4,6).<\/em><\/li>\n<\/ol>\n\n\n\n<h2 class=\"wp-block-heading\">Conclus\u00e3o<\/h2>\n\n\n\n<p>S\u00e3o Greg\u00f3rio VII foi um papa extraordin\u00e1rio, um reformador corajoso que defendeu a independ\u00eancia da Igreja e a supremacia da autoridade espiritual sobre o poder terreno. Seu confronto com Henrique IV n\u00e3o foi apenas uma disputa pol\u00edtica, mas um verdadeiro embate teol\u00f3gico sobre a natureza da autoridade.<\/p>\n\n\n\n<p>Seu exemplo nos inspira a defender a f\u00e9 com coragem e nos lembra que, no final, a justi\u00e7a de Deus sempre prevalece. Por sua intercess\u00e3o, pedimos a gra\u00e7a de permanecer fi\u00e9is \u00e0 Igreja e \u00e0 verdade de Cristo, mesmo nos tempos de persegui\u00e7\u00e3o e prova\u00e7\u00e3o.<\/p>\n","protected":false},"excerpt":{"rendered":"<p>Na longa hist\u00f3ria da Igreja, h\u00e1 figuras que se destacam por sua coragem, santidade e firmeza na f\u00e9. Um desses gigantes espirituais foi S\u00e3o Greg\u00f3rio VII, um papa cujo pontificado foi marcado por uma luta tit\u00e2nica contra a interfer\u00eancia do poder secular nos assuntos da Igreja. Seu confronto com o imperador Henrique IV do Sacro &hellip;<\/p>\n","protected":false},"author":3,"featured_media":2888,"comment_status":"open","ping_status":"open","sticky":false,"template":"","format":"standard","meta":{"_seopress_robots_primary_cat":"","_seopress_titles_title":"","_seopress_titles_desc":"","_seopress_robots_index":"","footnotes":""},"categories":[48,38],"tags":[925],"class_list":["post-2887","post","type-post","status-publish","format-standard","has-post-thumbnail","","category-historia-da-igreja","category-historia-e-tradicao","tag-sao-gregorio-vii"],"_links":{"self":[{"href":"https:\/\/catholicus.eu\/pt\/wp-json\/wp\/v2\/posts\/2887","targetHints":{"allow":["GET"]}}],"collection":[{"href":"https:\/\/catholicus.eu\/pt\/wp-json\/wp\/v2\/posts"}],"about":[{"href":"https:\/\/catholicus.eu\/pt\/wp-json\/wp\/v2\/types\/post"}],"author":[{"embeddable":true,"href":"https:\/\/catholicus.eu\/pt\/wp-json\/wp\/v2\/users\/3"}],"replies":[{"embeddable":true,"href":"https:\/\/catholicus.eu\/pt\/wp-json\/wp\/v2\/comments?post=2887"}],"version-history":[{"count":1,"href":"https:\/\/catholicus.eu\/pt\/wp-json\/wp\/v2\/posts\/2887\/revisions"}],"predecessor-version":[{"id":2889,"href":"https:\/\/catholicus.eu\/pt\/wp-json\/wp\/v2\/posts\/2887\/revisions\/2889"}],"wp:featuredmedia":[{"embeddable":true,"href":"https:\/\/catholicus.eu\/pt\/wp-json\/wp\/v2\/media\/2888"}],"wp:attachment":[{"href":"https:\/\/catholicus.eu\/pt\/wp-json\/wp\/v2\/media?parent=2887"}],"wp:term":[{"taxonomy":"category","embeddable":true,"href":"https:\/\/catholicus.eu\/pt\/wp-json\/wp\/v2\/categories?post=2887"},{"taxonomy":"post_tag","embeddable":true,"href":"https:\/\/catholicus.eu\/pt\/wp-json\/wp\/v2\/tags?post=2887"}],"curies":[{"name":"wp","href":"https:\/\/api.w.org\/{rel}","templated":true}]}}