{"id":2872,"date":"2024-12-02T22:06:55","date_gmt":"2024-12-02T21:06:55","guid":{"rendered":"https:\/\/catholicus.eu\/pt\/?p=2872"},"modified":"2025-03-25T22:07:08","modified_gmt":"2025-03-25T21:07:08","slug":"as-antifonas-do-o-o-canto-milenar-que-guia-nosso-advento-ate-cristo","status":"publish","type":"post","link":"https:\/\/catholicus.eu\/pt\/as-antifonas-do-o-o-canto-milenar-que-guia-nosso-advento-ate-cristo\/","title":{"rendered":"As Ant\u00edfonas do &#8220;\u00d3&#8221;: O Canto Milenar que Guia Nosso Advento at\u00e9 Cristo"},"content":{"rendered":"\n<h2 class=\"wp-block-heading\"><strong>Introdu\u00e7\u00e3o: A Beleza Escondida das Ant\u00edfonas do &#8220;\u00d3&#8221;<\/strong><\/h2>\n\n\n\n<p>No meio da agita\u00e7\u00e3o da vida moderna, onde o constante barulho amea\u00e7a sufocar nossa vida espiritual, a Igreja Cat\u00f3lica nos presenteia com tesouros lit\u00fargicos que nos ajudam a nos reconectar com o essencial. Entre esses tesouros est\u00e3o&nbsp;<strong>as Ant\u00edfonas do &#8220;\u00d3&#8221;<\/strong>, breves mas profundas invoca\u00e7\u00f5es que, como far\u00f3is na noite, iluminam nosso caminho para o encontro com Cristo.<\/p>\n\n\n\n<p>Se voc\u00ea j\u00e1 participou das V\u00e9speras no Advento ou ouviu o canto das&nbsp;<em>&#8220;Ant\u00edfonas do \u00d3&#8221;<\/em>, talvez tenha se perguntado:&nbsp;<strong>O que s\u00e3o essas ora\u00e7\u00f5es? Por que a Igreja as recita com tanta solenidade?<\/strong>&nbsp;Neste artigo, exploraremos sua origem, significado teol\u00f3gico e relev\u00e2ncia em nosso tempo, descobrindo por que elas s\u00e3o um guia espiritual indispens\u00e1vel para todo cat\u00f3lico.<\/p>\n\n\n\n<hr class=\"wp-block-separator has-alpha-channel-opacity\"\/>\n\n\n\n<h2 class=\"wp-block-heading\"><strong>1. O Que S\u00e3o as Ant\u00edfonas do &#8220;\u00d3&#8221;?<\/strong><\/h2>\n\n\n\n<p>As&nbsp;<strong>Ant\u00edfonas do &#8220;\u00d3&#8221;<\/strong>&nbsp;s\u00e3o frases curtas, geralmente extra\u00eddas da Sagrada Escritura, que s\u00e3o cantadas ou recitadas antes e depois dos Salmos na Liturgia das Horas. Seu prop\u00f3sito \u00e9&nbsp;<strong>&#8220;comentar&#8221; o Salmo<\/strong>, destacando sua mensagem principal e nos ajudando a interioriz\u00e1-la.<\/p>\n\n\n\n<p>Por\u00e9m, entre todas as ant\u00edfonas do ano lit\u00fargico, um grupo se destaca por seu brilho especial:&nbsp;<strong>as Grandes Ant\u00edfonas do &#8220;\u00d3&#8221; do Advento<\/strong>, conhecidas como&nbsp;<strong>&#8220;Ant\u00edfonas do \u00d3&#8221;<\/strong>&nbsp;(por come\u00e7arem com a exclama\u00e7\u00e3o&nbsp;<em>&#8220;\u00d3&#8221;<\/em>&nbsp;em latim). Essas sete ant\u00edfonas s\u00e3o recitadas de&nbsp;<strong>17 a 23 de dezembro<\/strong>, marcando a contagem regressiva para o Natal.<\/p>\n\n\n\n<hr class=\"wp-block-separator has-alpha-channel-opacity\"\/>\n\n\n\n<h2 class=\"wp-block-heading\"><strong>2. Origem e Hist\u00f3ria: Um Legado que Vem dos Primeiros S\u00e9culos<\/strong><\/h2>\n\n\n\n<p>As Ant\u00edfonas do &#8220;\u00d3&#8221; do Advento t\u00eam ra\u00edzes profundas na tradi\u00e7\u00e3o da Igreja.&nbsp;<strong>Remontam ao s\u00e9culo VI<\/strong>, embora alguns estudiosos sugiram que sua estrutura possa ser ainda mais antiga. Foram compiladas e aperfei\u00e7oadas nos mosteiros beneditinos, onde a ora\u00e7\u00e3o lit\u00fargica era o cora\u00e7\u00e3o da vida mon\u00e1stica.<\/p>\n\n\n\n<p><strong>O Papa S\u00e3o Greg\u00f3rio Magno (540-604)<\/strong>&nbsp;as promoveu em Roma, e desde ent\u00e3o permaneceram como elemento essencial do Advento no Rito Romano. Seu uso se espalhou por toda a Europa, sendo cantadas em latim com melodias gregorianas de beleza impressionante.<\/p>\n\n\n\n<h3 class=\"wp-block-heading\"><strong>Por que se Chamam &#8220;Ant\u00edfonas do \u00d3&#8221;?<\/strong><\/h3>\n\n\n\n<p>Cada uma come\u00e7a com um&nbsp;<strong>&#8220;\u00d3&#8221;<\/strong>&nbsp;seguido de um t\u00edtulo messi\u00e2nico tirado do Antigo Testamento:<\/p>\n\n\n\n<ol start=\"1\" class=\"wp-block-list\">\n<li><strong>\u00d3 Sabedoria (O Sapientia)<\/strong><\/li>\n\n\n\n<li><strong>\u00d3 Senhor (O Adonai)<\/strong><\/li>\n\n\n\n<li><strong>\u00d3 Raiz de Jess\u00e9 (O Radix Jesse)<\/strong><\/li>\n\n\n\n<li><strong>\u00d3 Chave de Davi (O Clavis David)<\/strong><\/li>\n\n\n\n<li><strong>\u00d3 Sol Nascente (O Oriens)<\/strong><\/li>\n\n\n\n<li><strong>\u00d3 Rei das Na\u00e7\u00f5es (O Rex Gentium)<\/strong><\/li>\n\n\n\n<li><strong>\u00d3 Emanuel (O Emmanuel)<\/strong><\/li>\n<\/ol>\n\n\n\n<p>Estes t\u00edtulos s\u00e3o&nbsp;<strong>professias cumpridas em Cristo<\/strong>, e sua ordem n\u00e3o \u00e9 casual: se lidas ao contr\u00e1rio (da \u00faltima para a primeira), suas iniciais em latim formam um acr\u00f3stico:&nbsp;<strong>&#8220;ERO CRAS&#8221;<\/strong>, que significa&nbsp;<strong>&#8220;Estarei amanh\u00e3&#8221;<\/strong>. Uma promessa divina escondida na liturgia!<\/p>\n\n\n\n<hr class=\"wp-block-separator has-alpha-channel-opacity\"\/>\n\n\n\n<h2 class=\"wp-block-heading\"><strong>3. Significado Teol\u00f3gico: As Sete Chaves para Compreender Cristo<\/strong><\/h2>\n\n\n\n<p>Cada ant\u00edfona \u00e9 um&nbsp;<strong>resumo da esperan\u00e7a messi\u00e2nica<\/strong>, mostrando como Jesus cumpre as promessas de Deus.<\/p>\n\n\n\n<h3 class=\"wp-block-heading\"><strong>1. \u00d3 Sabedoria (17 de dezembro)<\/strong><\/h3>\n\n\n\n<p><em>&#8220;\u00d3 Sabedoria, que sa\u00edstes da boca do Alt\u00edssimo&#8230;&#8221;<\/em><br><strong>Refer\u00eancia b\u00edblica:<\/strong>&nbsp;<em>Prov\u00e9rbios 8, Isa\u00edas 11<\/em><br>Cristo \u00e9 a&nbsp;<strong>Sabedoria eterna<\/strong>&nbsp;que ordena o universo e nos ensina o caminho para Deus.<\/p>\n\n\n\n<h3 class=\"wp-block-heading\"><strong>2. \u00d3 Senhor (18 de dezembro)<\/strong><\/h3>\n\n\n\n<p><em>&#8220;\u00d3 Senhor, guia da casa de Israel&#8230;&#8221;<\/em><br><strong>Refer\u00eancia b\u00edblica:<\/strong>&nbsp;<em>\u00caxodo 3, Isa\u00edas 33<\/em><br>&#8220;Adonai&#8221; (Senhor) era como os judeus se referiam a Jav\u00e9. Jesus \u00e9 o&nbsp;<strong>Deus todo-poderoso<\/strong>&nbsp;que conduz seu povo.<\/p>\n\n\n\n<h3 class=\"wp-block-heading\"><strong>3. \u00d3 Raiz de Jess\u00e9 (19 de dezembro)<\/strong><\/h3>\n\n\n\n<p><em>&#8220;\u00d3 Raiz de Jess\u00e9, estandarte dos povos&#8230;&#8221;<\/em><br><strong>Refer\u00eancia b\u00edblica:<\/strong>&nbsp;<em>Isa\u00edas 11<\/em><br>Jess\u00e9 foi o pai do rei Davi. Cristo, descendente de Davi, \u00e9 o&nbsp;<strong>novo rebento<\/strong>&nbsp;que restaura o reinado de Deus.<\/p>\n\n\n\n<h3 class=\"wp-block-heading\"><strong>4. \u00d3 Chave de Davi (20 de dezembro)<\/strong><\/h3>\n\n\n\n<p><em>&#8220;\u00d3 Chave de Davi, que abris e ningu\u00e9m fecha&#8230;&#8221;<\/em><br><strong>Refer\u00eancia b\u00edblica:<\/strong>&nbsp;<em>Isa\u00edas 22, Apocalipse 3<\/em><br>Jesus \u00e9 quem&nbsp;<strong>abre as portas do C\u00e9u<\/strong>, nos libertando do pecado.<\/p>\n\n\n\n<h3 class=\"wp-block-heading\"><strong>5. \u00d3 Sol Nascente (21 de dezembro)<\/strong><\/h3>\n\n\n\n<p><em>&#8220;\u00d3 Sol Nascente, esplendor da luz eterna&#8230;&#8221;<\/em><br><strong>Refer\u00eancia b\u00edblica:<\/strong>&nbsp;<em>Lucas 1, Malaquias 4<\/em><br>No&nbsp;<strong>solst\u00edcio de inverno<\/strong>&nbsp;(o dia mais escuro do ano), a Igreja proclama que&nbsp;<strong>Cristo \u00e9 a Luz do mundo<\/strong>.<\/p>\n\n\n\n<h3 class=\"wp-block-heading\"><strong>6. \u00d3 Rei das Na\u00e7\u00f5es (22 de dezembro)<\/strong><\/h3>\n\n\n\n<p><em>&#8220;\u00d3 Rei das na\u00e7\u00f5es, pedra angular da Igreja&#8230;&#8221;<\/em><br><strong>Refer\u00eancia b\u00edblica:<\/strong>&nbsp;<em>Salmo 2, Ef\u00e9sios 2<\/em><br>Jesus n\u00e3o \u00e9 apenas Rei de Israel, mas de&nbsp;<strong>todos os povos<\/strong>, unindo judeus e gentios.<\/p>\n\n\n\n<h3 class=\"wp-block-heading\"><strong>7. \u00d3 Emanuel (23 de dezembro)<\/strong><\/h3>\n\n\n\n<p><em>&#8220;\u00d3 Emanuel, Deus conosco&#8230;&#8221;<\/em><br><strong>Refer\u00eancia b\u00edblica:<\/strong>&nbsp;<em>Isa\u00edas 7, Mateus 1<\/em><br>O nome&nbsp;<strong>Emanuel<\/strong>&nbsp;resume todo o Natal:&nbsp;<strong>Deus se faz homem para nos salvar<\/strong>.<\/p>\n\n\n\n<hr class=\"wp-block-separator has-alpha-channel-opacity\"\/>\n\n\n\n<h2 class=\"wp-block-heading\"><strong>4. Relev\u00e2ncia Atual: Por que as Ant\u00edfonas do &#8220;\u00d3&#8221; Importam Hoje?<\/strong><\/h2>\n\n\n\n<p>Num mundo cheio de distra\u00e7\u00f5es, as Ant\u00edfonas do &#8220;\u00d3&#8221; nos oferecem:<\/p>\n\n\n\n<p>\u2705&nbsp;<strong>Um ant\u00eddoto ao consumismo natalino<\/strong>, lembrando-nos do verdadeiro sentido do Advento.<br>\u2705&nbsp;<strong>Uma conex\u00e3o com a tradi\u00e7\u00e3o milenar<\/strong>&nbsp;da Igreja, unindo-nos aos santos que as rezaram antes de n\u00f3s.<br>\u2705&nbsp;<strong>Uma profunda medita\u00e7\u00e3o sobre Cristo<\/strong>, ajudando-nos a preparar nossos cora\u00e7\u00f5es para sua vinda.<\/p>\n\n\n\n<h3 class=\"wp-block-heading\"><strong>Como Viv\u00ea-las em Fam\u00edlia?<\/strong><\/h3>\n\n\n\n<ul class=\"wp-block-list\">\n<li><strong>Rez\u00e1-las em casa<\/strong>\u00a0antes do jantar, lendo tamb\u00e9m as profecias correspondentes.<\/li>\n\n\n\n<li><strong>Cantar as melodias gregorianas<\/strong>\u00a0(h\u00e1 vers\u00f5es no YouTube).<\/li>\n\n\n\n<li><strong>Refletir sobre cada t\u00edtulo de Cristo<\/strong>, perguntando:\u00a0<em>De que modo Ele \u00e9 minha Sabedoria, meu Rei, minha Luz?<\/em><\/li>\n<\/ul>\n\n\n\n<hr class=\"wp-block-separator has-alpha-channel-opacity\"\/>\n\n\n\n<h2 class=\"wp-block-heading\"><strong>Conclus\u00e3o: Um Caminho de Esperan\u00e7a Rumo a Bel\u00e9m<\/strong><\/h2>\n\n\n\n<p>As Ant\u00edfonas do &#8220;\u00d3&#8221; do Advento s\u00e3o&nbsp;<strong>muito mais que uma antiga tradi\u00e7\u00e3o<\/strong>: s\u00e3o uma&nbsp;<strong>escola de esperan\u00e7a<\/strong>, um&nbsp;<strong>itiner\u00e1rio espiritual<\/strong>&nbsp;que nos conduz \u00e0 manjedoura. Nestes \u00faltimos dias antes do Natal, deixemos que suas palavras ressoem em nossos cora\u00e7\u00f5es, preparando-nos n\u00e3o s\u00f3 para celebrar o&nbsp;<strong>nascimento hist\u00f3rico de Jesus<\/strong>, mas para acolh\u00ea-lo&nbsp;<strong>hoje em nossa vida<\/strong>.<\/p>\n\n\n\n<p><strong>Que neste Advento, as Ant\u00edfonas do &#8220;\u00d3&#8221; nos lembrem que Cristo n\u00e3o \u00e9 uma lembran\u00e7a do passado, mas uma presen\u00e7a viva que vem para nos salvar.<\/strong><\/p>\n\n\n\n<p><em>Qual dessas Ant\u00edfonas do &#8220;\u00d3&#8221; fala mais ao seu cora\u00e7\u00e3o neste momento de sua vida?<\/em>&nbsp;Compartilhe nos coment\u00e1rios!<\/p>\n\n\n\n<hr class=\"wp-block-separator has-alpha-channel-opacity\"\/>\n\n\n\n<p><strong>Feliz e santo Advento!<\/strong>&nbsp;\ud83d\udd6f\ufe0f<\/p>\n","protected":false},"excerpt":{"rendered":"<p>Introdu\u00e7\u00e3o: A Beleza Escondida das Ant\u00edfonas do &#8220;\u00d3&#8221; No meio da agita\u00e7\u00e3o da vida moderna, onde o constante barulho amea\u00e7a sufocar nossa vida espiritual, a Igreja Cat\u00f3lica nos presenteia com tesouros lit\u00fargicos que nos ajudam a nos reconectar com o essencial. Entre esses tesouros est\u00e3o&nbsp;as Ant\u00edfonas do &#8220;\u00d3&#8221;, breves mas profundas invoca\u00e7\u00f5es que, como far\u00f3is &hellip;<\/p>\n","protected":false},"author":3,"featured_media":2873,"comment_status":"open","ping_status":"open","sticky":false,"template":"","format":"standard","meta":{"_seopress_robots_primary_cat":"","_seopress_titles_title":"","_seopress_titles_desc":"","_seopress_robots_index":"","footnotes":""},"categories":[38,52],"tags":[365,918],"class_list":["post-2872","post","type-post","status-publish","format-standard","has-post-thumbnail","","category-historia-e-tradicao","category-liturgia-e-ano-liturgico","tag-advento","tag-antifonas"],"_links":{"self":[{"href":"https:\/\/catholicus.eu\/pt\/wp-json\/wp\/v2\/posts\/2872","targetHints":{"allow":["GET"]}}],"collection":[{"href":"https:\/\/catholicus.eu\/pt\/wp-json\/wp\/v2\/posts"}],"about":[{"href":"https:\/\/catholicus.eu\/pt\/wp-json\/wp\/v2\/types\/post"}],"author":[{"embeddable":true,"href":"https:\/\/catholicus.eu\/pt\/wp-json\/wp\/v2\/users\/3"}],"replies":[{"embeddable":true,"href":"https:\/\/catholicus.eu\/pt\/wp-json\/wp\/v2\/comments?post=2872"}],"version-history":[{"count":1,"href":"https:\/\/catholicus.eu\/pt\/wp-json\/wp\/v2\/posts\/2872\/revisions"}],"predecessor-version":[{"id":2874,"href":"https:\/\/catholicus.eu\/pt\/wp-json\/wp\/v2\/posts\/2872\/revisions\/2874"}],"wp:featuredmedia":[{"embeddable":true,"href":"https:\/\/catholicus.eu\/pt\/wp-json\/wp\/v2\/media\/2873"}],"wp:attachment":[{"href":"https:\/\/catholicus.eu\/pt\/wp-json\/wp\/v2\/media?parent=2872"}],"wp:term":[{"taxonomy":"category","embeddable":true,"href":"https:\/\/catholicus.eu\/pt\/wp-json\/wp\/v2\/categories?post=2872"},{"taxonomy":"post_tag","embeddable":true,"href":"https:\/\/catholicus.eu\/pt\/wp-json\/wp\/v2\/tags?post=2872"}],"curies":[{"name":"wp","href":"https:\/\/api.w.org\/{rel}","templated":true}]}}