{"id":2857,"date":"2025-03-24T09:44:09","date_gmt":"2025-03-24T08:44:09","guid":{"rendered":"https:\/\/catholicus.eu\/pt\/?p=2857"},"modified":"2025-03-24T09:44:09","modified_gmt":"2025-03-24T08:44:09","slug":"a-oracao-pelos-judeus-na-sexta-feira-santa-historia-teologia-e-significado-atual","status":"publish","type":"post","link":"https:\/\/catholicus.eu\/pt\/a-oracao-pelos-judeus-na-sexta-feira-santa-historia-teologia-e-significado-atual\/","title":{"rendered":"A Ora\u00e7\u00e3o pelos Judeus na Sexta-Feira Santa: Hist\u00f3ria, Teologia e Significado Atual"},"content":{"rendered":"\n<p>A Sexta-Feira Santa \u00e9 um dos dias mais sagrados do calend\u00e1rio lit\u00fargico cat\u00f3lico. Nesse dia, a Igreja recorda a Paix\u00e3o e a Morte de Nosso Senhor Jesus Cristo, o sacrif\u00edcio redentor que abriu as portas da salva\u00e7\u00e3o para toda a humanidade. Nesse contexto, a &#8220;Ora\u00e7\u00e3o pelos Judeus&#8221; na Liturgia da Paix\u00e3o tem um significado especial, pois trata diretamente da rela\u00e7\u00e3o entre o cristianismo e o povo judeu, uma conex\u00e3o profunda e por vezes complexa, enraizada na hist\u00f3ria da salva\u00e7\u00e3o.<\/p>\n\n\n\n<p>Ao longo dos s\u00e9culos, essa ora\u00e7\u00e3o passou por revis\u00f5es e debates, especialmente nos s\u00e9culos XX e XXI. No entanto, para compreender o seu verdadeiro significado, \u00e9 necess\u00e1rio situ\u00e1-la no contexto teol\u00f3gico e lit\u00fargico. Por que a Igreja reza pelos judeus nesse dia? Qual \u00e9 o seu significado na teologia cat\u00f3lica tradicional? Como devemos entend\u00ea-la hoje a partir da perspectiva da f\u00e9?<\/p>\n\n\n\n<p>Neste artigo, exploraremos as origens, a hist\u00f3ria, a teologia e a relev\u00e2ncia atual dessa ora\u00e7\u00e3o, sempre em fidelidade ao ensinamento tradicional da Igreja.<\/p>\n\n\n\n<hr class=\"wp-block-separator has-alpha-channel-opacity\"\/>\n\n\n\n<h3 class=\"wp-block-heading\"><strong>I. A Origem da Ora\u00e7\u00e3o pelos Judeus na Sexta-Feira Santa<\/strong><\/h3>\n\n\n\n<p>Desde os primeiros tempos, a Igreja Cat\u00f3lica incluiu na Liturgia da Sexta-Feira Santa uma s\u00e9rie de preces conhecidas como &#8220;Ora\u00e7\u00f5es Solenes&#8221;. Essas preces intercedem por diversos grupos: os fi\u00e9is crist\u00e3os, o Papa, os catec\u00famenos, os hereges e cism\u00e1ticos, os pag\u00e3os, os governantes e, entre eles, pelos judeus.<\/p>\n\n\n\n<p>Desde as liturgias mais antigas, a Igreja reza pela convers\u00e3o do povo judeu. Essa pr\u00e1tica tem seu fundamento no ensinamento de S\u00e3o Paulo, que expressa seu profundo desejo de que todo Israel seja salvo e reconhe\u00e7a Jesus Cristo como o Messias (cf. Romanos 9-11).<\/p>\n\n\n\n<h3 class=\"wp-block-heading\"><strong>II. A Rela\u00e7\u00e3o entre o Povo Judeu, Cristo e a Igreja<\/strong><\/h3>\n\n\n\n<p>Para compreender o sentido dessa ora\u00e7\u00e3o, \u00e9 essencial lembrar a rela\u00e7\u00e3o especial que o povo judeu tem com Deus e com a hist\u00f3ria da salva\u00e7\u00e3o.<\/p>\n\n\n\n<ol class=\"wp-block-list\">\n<li><strong>O Povo da Antiga Alian\u00e7a:<\/strong> Deus escolheu Israel como seu povo santo, deu-lhe a Lei e fez com ele a Antiga Alian\u00e7a. Essa elei\u00e7\u00e3o n\u00e3o se baseou nos m\u00e9ritos de Israel, mas foi um puro dom da gra\u00e7a divina (cf. Deuteron\u00f4mio 7,6-8).<\/li>\n\n\n\n<li><strong>A Rejei\u00e7\u00e3o de Cristo e suas Consequ\u00eancias:<\/strong> No entanto, quando chegou a plenitude dos tempos, muitos em Israel n\u00e3o reconheceram Jesus como o Messias. Os Evangelhos relatam como Ele foi rejeitado pelas autoridades religiosas de sua \u00e9poca e, por fim, condenado \u00e0 morte. Esse evento, embora doloroso, fazia parte do plano divino da salva\u00e7\u00e3o (cf. Atos 2,22-23).<\/li>\n\n\n\n<li><strong>A Nova Alian\u00e7a em Cristo:<\/strong> Com a vinda de Jesus, a Antiga Alian\u00e7a encontra seu cumprimento na Nova Alian\u00e7a, selada com Seu Sangue. A Igreja, como o novo Israel, herda as promessas e torna-se o verdadeiro Povo de Deus. No entanto, isso n\u00e3o significa que os judeus foram rejeitados; eles tamb\u00e9m s\u00e3o chamados \u00e0 f\u00e9 em Cristo.<\/li>\n<\/ol>\n\n\n\n<p>S\u00e3o Paulo explica esse mist\u00e9rio na Carta aos Romanos (cap\u00edtulo 11), onde usa a imagem da oliveira: os judeus s\u00e3o os ramos naturais, mas alguns foram cortados por causa da sua incredulidade, e em seu lugar foram enxertados ramos de oliveira brava (os pag\u00e3os). No entanto, Deus pode enxertar novamente os judeus, se crerem em Cristo.<\/p>\n\n\n\n<h3 class=\"wp-block-heading\"><strong>III. Hist\u00f3ria da Ora\u00e7\u00e3o e Suas Modifica\u00e7\u00f5es na Liturgia<\/strong><\/h3>\n\n\n\n<p>Por s\u00e9culos, a ora\u00e7\u00e3o tradicional pelos judeus na Sexta-Feira Santa era formulada em latim da seguinte forma:<\/p>\n\n\n\n<p><em>&#8220;Oremus et pro perfidis Iudaeis&#8230;&#8221;<\/em><\/p>\n\n\n\n<p>Que se traduz como: &#8220;Oremos tamb\u00e9m pelos p\u00e9rfidos judeus&#8230;&#8221;. O termo latino <em>perfidis<\/em> significa &#8220;incr\u00e9dulo&#8221; ou &#8220;sem f\u00e9&#8221;, mas com o tempo adquiriu uma conota\u00e7\u00e3o pejorativa nas l\u00ednguas modernas.<\/p>\n\n\n\n<p>Por essa raz\u00e3o, no s\u00e9culo XX, especialmente ap\u00f3s o Conc\u00edlio Vaticano II, a ora\u00e7\u00e3o foi modificada para eliminar qualquer poss\u00edvel mal-entendido ou interpreta\u00e7\u00e3o ofensiva. Na reforma lit\u00fargica de 1970, sob o Papa Paulo VI, a ora\u00e7\u00e3o foi transformada em uma vers\u00e3o mais gen\u00e9rica que rezava pela fidelidade dos judeus a Deus, sem mencionar explicitamente sua convers\u00e3o.<\/p>\n\n\n\n<p>No entanto, em 2008, o Papa Bento XVI introduziu uma nova vers\u00e3o para a forma extraordin\u00e1ria da Missa (<em>Usus Antiquior<\/em>), que manteve o pedido de convers\u00e3o dos judeus, mas em uma formula\u00e7\u00e3o mais caridosa. Essa vers\u00e3o diz:<\/p>\n\n\n\n<p><em>&#8220;Oremos tamb\u00e9m pelos judeus, para que Deus nosso Senhor ilumine seus cora\u00e7\u00f5es, a fim de que reconhe\u00e7am Jesus Cristo, Salvador de todos os homens.&#8221;<\/em><\/p>\n\n\n\n<p>Essa mudan\u00e7a foi significativa porque reafirmava o ensinamento tradicional da Igreja de que a salva\u00e7\u00e3o se encontra apenas em Cristo, ao mesmo tempo que eliminava express\u00f5es que poderiam ser mal interpretadas como ofensivas.<\/p>\n\n\n\n<h3 class=\"wp-block-heading\"><strong>IV. Significado e Relev\u00e2ncia Hoje<\/strong><\/h3>\n\n\n\n<p>Hoje, a Ora\u00e7\u00e3o pelos Judeus continua sendo um testemunho da miss\u00e3o universal da Igreja. Ela n\u00e3o \u00e9 uma express\u00e3o de desprezo ou hostilidade, mas um ato de verdadeiro amor. A Igreja deseja a salva\u00e7\u00e3o de todos os homens, incluindo o povo judeu, e por isso reza para que reconhe\u00e7am Jesus Cristo.<\/p>\n\n\n\n<p>\u00c9 importante lembrar que essa ora\u00e7\u00e3o n\u00e3o contradiz o respeito e a estima que a Igreja tem pelo povo judeu. O Conc\u00edlio Vaticano II, no documento <em>Nostra Aetate<\/em>, reafirmou que os judeus continuam a ser amados por Deus, pois &#8220;os dons e a voca\u00e7\u00e3o de Deus s\u00e3o irrevog\u00e1veis&#8221; (Romanos 11,29).<\/p>\n\n\n\n<p>No entanto, isso n\u00e3o significa que existam dois caminhos distintos para a salva\u00e7\u00e3o: um para os judeus e outro para os crist\u00e3os. Como ensina o Magist\u00e9rio, h\u00e1 um \u00fanico caminho para a salva\u00e7\u00e3o, e esse caminho \u00e9 Cristo (cf. Jo\u00e3o 14,6). Por esse motivo, a Igreja reza com caridade para que tamb\u00e9m os judeus possam reconhecer Jesus como o Messias prometido.<\/p>\n\n\n\n<h3 class=\"wp-block-heading\"><strong>Conclus\u00e3o: Uma Ora\u00e7\u00e3o de Amor e Esperan\u00e7a<\/strong><\/h3>\n\n\n\n<p>A Ora\u00e7\u00e3o pelos Judeus na Sexta-Feira Santa \u00e9 um testemunho da fidelidade da Igreja \u00e0 sua miss\u00e3o evangelizadora. N\u00e3o \u00e9 uma ora\u00e7\u00e3o de desprezo ou condena\u00e7\u00e3o, mas uma s\u00faplica humilde para que o povo da Antiga Alian\u00e7a reconhe\u00e7a o pr\u00f3prio Messias.<\/p>\n\n\n\n<p>Ao longo dos s\u00e9culos, essa ora\u00e7\u00e3o foi reformulada para expressar melhor sua inten\u00e7\u00e3o, mas sua ess\u00eancia permaneceu a mesma: o desejo de que todos os homens, incluindo os judeus, cheguem \u00e0 plenitude da verdade em Jesus Cristo.<\/p>\n\n\n\n<p>Como fi\u00e9is cat\u00f3licos, devemos recitar essa ora\u00e7\u00e3o com profundo amor, reconhecendo que Deus tem um plano de salva\u00e7\u00e3o para todos. Que a Virgem Maria, M\u00e3e da Igreja e Filha de Si\u00e3o, interceda pela convers\u00e3o de todos os cora\u00e7\u00f5es e nos conceda a gra\u00e7a de sermos testemunhas aut\u00eanticas da Verdade.<\/p>\n\n\n\n<p>Que nesta Sexta-Feira Santa nossa ora\u00e7\u00e3o seja o eco do amor de Cristo por toda a humanidade!<\/p>\n","protected":false},"excerpt":{"rendered":"<p>A Sexta-Feira Santa \u00e9 um dos dias mais sagrados do calend\u00e1rio lit\u00fargico cat\u00f3lico. Nesse dia, a Igreja recorda a Paix\u00e3o e a Morte de Nosso Senhor Jesus Cristo, o sacrif\u00edcio redentor que abriu as portas da salva\u00e7\u00e3o para toda a humanidade. Nesse contexto, a &#8220;Ora\u00e7\u00e3o pelos Judeus&#8221; na Liturgia da Paix\u00e3o tem um significado especial, &hellip;<\/p>\n","protected":false},"author":3,"featured_media":2858,"comment_status":"open","ping_status":"open","sticky":false,"template":"","format":"standard","meta":{"_seopress_robots_primary_cat":"","_seopress_titles_title":"","_seopress_titles_desc":"","_seopress_robots_index":"","footnotes":""},"categories":[38,52],"tags":[913,738],"class_list":["post-2857","post","type-post","status-publish","format-standard","has-post-thumbnail","","category-historia-e-tradicao","category-liturgia-e-ano-liturgico","tag-oracao-pelos-judeus","tag-sexta-feira-santa"],"_links":{"self":[{"href":"https:\/\/catholicus.eu\/pt\/wp-json\/wp\/v2\/posts\/2857","targetHints":{"allow":["GET"]}}],"collection":[{"href":"https:\/\/catholicus.eu\/pt\/wp-json\/wp\/v2\/posts"}],"about":[{"href":"https:\/\/catholicus.eu\/pt\/wp-json\/wp\/v2\/types\/post"}],"author":[{"embeddable":true,"href":"https:\/\/catholicus.eu\/pt\/wp-json\/wp\/v2\/users\/3"}],"replies":[{"embeddable":true,"href":"https:\/\/catholicus.eu\/pt\/wp-json\/wp\/v2\/comments?post=2857"}],"version-history":[{"count":1,"href":"https:\/\/catholicus.eu\/pt\/wp-json\/wp\/v2\/posts\/2857\/revisions"}],"predecessor-version":[{"id":2859,"href":"https:\/\/catholicus.eu\/pt\/wp-json\/wp\/v2\/posts\/2857\/revisions\/2859"}],"wp:featuredmedia":[{"embeddable":true,"href":"https:\/\/catholicus.eu\/pt\/wp-json\/wp\/v2\/media\/2858"}],"wp:attachment":[{"href":"https:\/\/catholicus.eu\/pt\/wp-json\/wp\/v2\/media?parent=2857"}],"wp:term":[{"taxonomy":"category","embeddable":true,"href":"https:\/\/catholicus.eu\/pt\/wp-json\/wp\/v2\/categories?post=2857"},{"taxonomy":"post_tag","embeddable":true,"href":"https:\/\/catholicus.eu\/pt\/wp-json\/wp\/v2\/tags?post=2857"}],"curies":[{"name":"wp","href":"https:\/\/api.w.org\/{rel}","templated":true}]}}