{"id":2854,"date":"2025-03-24T08:21:20","date_gmt":"2025-03-24T07:21:20","guid":{"rendered":"https:\/\/catholicus.eu\/pt\/?p=2854"},"modified":"2025-03-24T08:21:20","modified_gmt":"2025-03-24T07:21:20","slug":"tercia-sexta-e-noa-as-horas-menores-da-liturgia-das-horas-santificando-o-dia-momento-a-momento","status":"publish","type":"post","link":"https:\/\/catholicus.eu\/pt\/tercia-sexta-e-noa-as-horas-menores-da-liturgia-das-horas-santificando-o-dia-momento-a-momento\/","title":{"rendered":"T\u00e9rcia, Sexta e Noa: As Horas Menores da Liturgia das Horas. Santificando o dia, momento a momento"},"content":{"rendered":"\n<p>Em um mundo que parece avan\u00e7ar em um ritmo fren\u00e9tico, onde o tempo escapa entre compromissos, telas e distra\u00e7\u00f5es, a Igreja Cat\u00f3lica nos oferece um presente inestim\u00e1vel: a&nbsp;<em>Liturgia das Horas<\/em>. Esta ora\u00e7\u00e3o, tamb\u00e9m conhecida como Of\u00edcio Divino, \u00e9 uma forma de nos unirmos ao louvor eterno que a Igreja eleva a Deus em todos os momentos e em todos os lugares. Dentro dessa bela tradi\u00e7\u00e3o, encontramos as&nbsp;<em>Horas Menores<\/em>: T\u00e9rcia, Sexta e Noa. Essas ora\u00e7\u00f5es, embora menos conhecidas que Laudes ou V\u00e9speras, s\u00e3o um tesouro espiritual que nos convida a parar, respirar fundo e nos reconectar com o sagrado no meio do cotidiano.<\/p>\n\n\n\n<p>Neste artigo, exploraremos a origem, a hist\u00f3ria, o significado teol\u00f3gico e a relev\u00e2ncia atual de T\u00e9rcia, Sexta e Noa. Esta jornada n\u00e3o apenas nos levar\u00e1 atrav\u00e9s dos s\u00e9culos, mas tamb\u00e9m nos ajudar\u00e1 a descobrir como essas ora\u00e7\u00f5es podem transformar nossa vida di\u00e1ria, santificando cada momento e nos aproximando de Deus.<\/p>\n\n\n\n<hr class=\"wp-block-separator has-alpha-channel-opacity\"\/>\n\n\n\n<h3 class=\"wp-block-heading\"><strong>A origem das Horas Menores: Ra\u00edzes na tradi\u00e7\u00e3o judaica e crist\u00e3<\/strong><\/h3>\n\n\n\n<p>As Horas Menores t\u00eam suas ra\u00edzes na tradi\u00e7\u00e3o judaica, onde a ora\u00e7\u00e3o era estruturada em momentos espec\u00edficos do dia. Os salmos, que s\u00e3o o cora\u00e7\u00e3o da Liturgia das Horas, eram recitados pelo povo de Israel em diferentes horas, como uma forma de santificar o tempo e manter uma conex\u00e3o constante com Deus. Os primeiros crist\u00e3os, muitos deles judeus convertidos, adotaram essa pr\u00e1tica, mas a enriqueceram com o novo significado que Cristo lhes havia dado.<\/p>\n\n\n\n<p>Nos Atos dos Ap\u00f3stolos, vemos como os disc\u00edpulos oravam em horas espec\u00edficas, como a terceira hora (9 horas), a sexta hora (12 horas) e a nona hora (15 horas). Essas horas estavam associadas a eventos significativos na vida de Jesus: a terceira hora, com a vinda do Esp\u00edrito Santo em Pentecostes; a sexta hora, com a crucifica\u00e7\u00e3o de Cristo; e a nona hora, com sua morte na cruz. Assim, as Horas Menores tornaram-se uma forma de nos unirmos aos mist\u00e9rios da salva\u00e7\u00e3o.<\/p>\n\n\n\n<hr class=\"wp-block-separator has-alpha-channel-opacity\"\/>\n\n\n\n<h3 class=\"wp-block-heading\"><strong>A hist\u00f3ria das Horas Menores: Dos mosteiros aos leigos<\/strong><\/h3>\n\n\n\n<p>Durante os primeiros s\u00e9culos do cristianismo, as Horas Menores eram principalmente recitadas por monges e cl\u00e9rigos, que dedicavam suas vidas \u00e0 ora\u00e7\u00e3o cont\u00ednua. Nos mosteiros, o dia era estruturado em torno da Liturgia das Horas, e as Horas Menores (T\u00e9rcia, Sexta e Noa) serviam como pausas sagradas em meio ao trabalho manual e ao estudo.<\/p>\n\n\n\n<p>Com o tempo, a Igreja reconheceu a import\u00e2ncia de estender essa pr\u00e1tica a todos os fi\u00e9is. O Conc\u00edlio Vaticano II (1962-1965) marcou um marco ao simplificar a Liturgia das Horas e torn\u00e1-la mais acess\u00edvel aos leigos. Embora algumas comunidades religiosas ainda recitem as tr\u00eas Horas Menores, na pr\u00e1tica comum consolidou-se uma \u00fanica &#8220;Hora Intermedi\u00e1ria&#8221;, que pode ser T\u00e9rcia, Sexta ou Noa, dependendo do momento do dia.<\/p>\n\n\n\n<hr class=\"wp-block-separator has-alpha-channel-opacity\"\/>\n\n\n\n<h3 class=\"wp-block-heading\"><strong>O significado teol\u00f3gico das Horas Menores: Santificar o tempo<\/strong><\/h3>\n\n\n\n<p>As Horas Menores n\u00e3o s\u00e3o simplesmente uma s\u00e9rie de ora\u00e7\u00f5es; s\u00e3o uma forma de santificar o tempo. Cada hora tem um significado profundo que nos convida a lembrar da presen\u00e7a de Deus em nossa vida cotidiana.<\/p>\n\n\n\n<h4 class=\"wp-block-heading\"><strong>T\u00e9rcia (9 horas): A Hora do Esp\u00edrito Santo<\/strong><\/h4>\n\n\n\n<p>T\u00e9rcia nos lembra da vinda do Esp\u00edrito Santo em Pentecostes. \u00c9 um momento para pedir a orienta\u00e7\u00e3o do Esp\u00edrito em nossas decis\u00f5es e a\u00e7\u00f5es ao longo do dia. Em um mundo cheio de ru\u00eddo e distra\u00e7\u00f5es, T\u00e9rcia nos chama a ouvir a voz suave e pac\u00edfica de Deus.<\/p>\n\n\n\n<h4 class=\"wp-block-heading\"><strong>Sexta (12 horas): A Hora da Cruz<\/strong><\/h4>\n\n\n\n<p>Sexta nos leva ao Calv\u00e1rio, onde Jesus foi crucificado por nossa salva\u00e7\u00e3o. \u00c9 uma hora para meditar sobre o amor sacrificial de Cristo e oferecer nossos sofrimentos e trabalhos em uni\u00e3o com Ele. No meio da jornada de trabalho, Sexta nos lembra que nosso trabalho tem um valor eterno quando o oferecemos a Deus.<\/p>\n\n\n\n<h4 class=\"wp-block-heading\"><strong>Noa (15 horas): A Hora da Miseric\u00f3rdia<\/strong><\/h4>\n\n\n\n<p>Noa nos coloca aos p\u00e9s da cruz, no momento em que Jesus entregou seu esp\u00edrito ao Pai. \u00c9 uma hora de profunda gratid\u00e3o e confian\u00e7a na miseric\u00f3rdia divina. Em um mundo que muitas vezes parece carecer de esperan\u00e7a, Noa nos lembra que a morte n\u00e3o tem a \u00faltima palavra.<\/p>\n\n\n\n<hr class=\"wp-block-separator has-alpha-channel-opacity\"\/>\n\n\n\n<h3 class=\"wp-block-heading\"><strong>A estrutura das Horas Menores: Um di\u00e1logo com Deus<\/strong><\/h3>\n\n\n\n<p>Cada uma das Horas Menores segue uma estrutura semelhante, que inclui:<\/p>\n\n\n\n<ol start=\"1\" class=\"wp-block-list\">\n<li><strong>Invitat\u00f3rio<\/strong>: Um vers\u00edculo introdut\u00f3rio que nos convida a louvar a Deus.<\/li>\n\n\n\n<li><strong>Hino<\/strong>: Um canto que prepara nosso cora\u00e7\u00e3o para a ora\u00e7\u00e3o.<\/li>\n\n\n\n<li><strong>Salmos e C\u00e2nticos<\/strong>: O n\u00facleo da Hora, onde meditamos na Palavra de Deus.<\/li>\n\n\n\n<li><strong>Leitura Breve<\/strong>: Uma passagem das Escrituras que ilumina o momento do dia.<\/li>\n\n\n\n<li><strong>Respons\u00f3rio<\/strong>: Uma resposta meditativa \u00e0 leitura.<\/li>\n\n\n\n<li><strong>Ora\u00e7\u00e3o Final<\/strong>: Uma peti\u00e7\u00e3o que resume a inten\u00e7\u00e3o da Hora.<\/li>\n<\/ol>\n\n\n\n<p>Essa estrutura n\u00e3o \u00e9 um mero formalismo; \u00e9 um di\u00e1logo amoroso entre Deus e seu povo. Atrav\u00e9s dos salmos, Deus nos fala, e atrav\u00e9s de nossas ora\u00e7\u00f5es, respondemos com f\u00e9 e confian\u00e7a.<\/p>\n\n\n\n<hr class=\"wp-block-separator has-alpha-channel-opacity\"\/>\n\n\n\n<h3 class=\"wp-block-heading\"><strong>As Horas Menores no contexto atual: Uma resposta \u00e0 ansiedade moderna<\/strong><\/h3>\n\n\n\n<p>Em um mundo marcado pela ansiedade, pressa e desconex\u00e3o, as Horas Menores oferecem um poderoso ant\u00eddoto. Elas nos ensinam a viver no presente, a encontrar Deus no ordin\u00e1rio e a cultivar uma atitude de gratid\u00e3o e esperan\u00e7a. N\u00e3o se trata de adicionar mais tarefas \u00e0 nossa agenda, mas de transformar cada momento em uma oportunidade de encontrar Deus.<\/p>\n\n\n\n<p>Para os leigos, as Horas Menores podem ser uma forma simples, mas profunda, de integrar a ora\u00e7\u00e3o na vida di\u00e1ria. Seja durante uma pausa no trabalho, no transporte p\u00fablico ou na tranquilidade do lar, essas ora\u00e7\u00f5es nos ajudam a permanecer centrados no essencial.<\/p>\n\n\n\n<hr class=\"wp-block-separator has-alpha-channel-opacity\"\/>\n\n\n\n<h3 class=\"wp-block-heading\"><strong>Conclus\u00e3o: Um chamado \u00e0 santidade no cotidiano<\/strong><\/h3>\n\n\n\n<p>T\u00e9rcia, Sexta e Noa s\u00e3o um tesouro espiritual que a Igreja nos oferece. Elas nos lembram que cada hora do dia \u00e9 sagrada, que cada momento \u00e9 uma oportunidade de nos aproximarmos de Deus e que nossa vida, por mais comum que pare\u00e7a, \u00e9 chamada a ser uma oferta agrad\u00e1vel ao Senhor.<\/p>\n\n\n\n<p>Convido voc\u00ea a explorar essa pr\u00e1tica, a torn\u00e1-la sua e a descobrir como ela pode transformar sua vida. N\u00e3o importa se voc\u00ea \u00e9 novo na f\u00e9 ou se caminha com Cristo h\u00e1 anos; as Horas Menores s\u00e3o para todos. Elas s\u00e3o uma ponte entre o c\u00e9u e a terra, uma lembran\u00e7a de que, em cada momento, Deus est\u00e1 conosco.<\/p>\n\n\n\n<p>Que a Sant\u00edssima Virgem Maria, que meditava todas essas coisas em seu cora\u00e7\u00e3o, nos guie neste caminho de ora\u00e7\u00e3o. E que o Esp\u00edrito Santo, que desceu na hora de T\u00e9rcia, nos inspire a viver cada dia como um canto de louvor ao Pai, por Cristo, nosso Senhor. Am\u00e9m.<\/p>\n","protected":false},"excerpt":{"rendered":"<p>Em um mundo que parece avan\u00e7ar em um ritmo fren\u00e9tico, onde o tempo escapa entre compromissos, telas e distra\u00e7\u00f5es, a Igreja Cat\u00f3lica nos oferece um presente inestim\u00e1vel: a&nbsp;Liturgia das Horas. Esta ora\u00e7\u00e3o, tamb\u00e9m conhecida como Of\u00edcio Divino, \u00e9 uma forma de nos unirmos ao louvor eterno que a Igreja eleva a Deus em todos os &hellip;<\/p>\n","protected":false},"author":3,"featured_media":2855,"comment_status":"open","ping_status":"open","sticky":false,"template":"","format":"standard","meta":{"_seopress_robots_primary_cat":"","_seopress_titles_title":"","_seopress_titles_desc":"","_seopress_robots_index":"","footnotes":""},"categories":[40,58],"tags":[666,912,911,910],"class_list":["post-2854","post","type-post","status-publish","format-standard","has-post-thumbnail","","category-oracao-e-espiritualidade","category-oracao-e-vida-espiritual","tag-liturgia-das-horas","tag-noa","tag-sexta","tag-tercia"],"_links":{"self":[{"href":"https:\/\/catholicus.eu\/pt\/wp-json\/wp\/v2\/posts\/2854","targetHints":{"allow":["GET"]}}],"collection":[{"href":"https:\/\/catholicus.eu\/pt\/wp-json\/wp\/v2\/posts"}],"about":[{"href":"https:\/\/catholicus.eu\/pt\/wp-json\/wp\/v2\/types\/post"}],"author":[{"embeddable":true,"href":"https:\/\/catholicus.eu\/pt\/wp-json\/wp\/v2\/users\/3"}],"replies":[{"embeddable":true,"href":"https:\/\/catholicus.eu\/pt\/wp-json\/wp\/v2\/comments?post=2854"}],"version-history":[{"count":1,"href":"https:\/\/catholicus.eu\/pt\/wp-json\/wp\/v2\/posts\/2854\/revisions"}],"predecessor-version":[{"id":2856,"href":"https:\/\/catholicus.eu\/pt\/wp-json\/wp\/v2\/posts\/2854\/revisions\/2856"}],"wp:featuredmedia":[{"embeddable":true,"href":"https:\/\/catholicus.eu\/pt\/wp-json\/wp\/v2\/media\/2855"}],"wp:attachment":[{"href":"https:\/\/catholicus.eu\/pt\/wp-json\/wp\/v2\/media?parent=2854"}],"wp:term":[{"taxonomy":"category","embeddable":true,"href":"https:\/\/catholicus.eu\/pt\/wp-json\/wp\/v2\/categories?post=2854"},{"taxonomy":"post_tag","embeddable":true,"href":"https:\/\/catholicus.eu\/pt\/wp-json\/wp\/v2\/tags?post=2854"}],"curies":[{"name":"wp","href":"https:\/\/api.w.org\/{rel}","templated":true}]}}