{"id":2851,"date":"2025-03-23T22:44:52","date_gmt":"2025-03-23T21:44:52","guid":{"rendered":"https:\/\/catholicus.eu\/pt\/?p=2851"},"modified":"2025-03-23T22:44:52","modified_gmt":"2025-03-23T21:44:52","slug":"o-triunfo-do-cordeiro-a-esperanca-crista-no-apocalipse","status":"publish","type":"post","link":"https:\/\/catholicus.eu\/pt\/o-triunfo-do-cordeiro-a-esperanca-crista-no-apocalipse\/","title":{"rendered":"O Triunfo do Cordeiro: A esperan\u00e7a crist\u00e3 no Apocalipse"},"content":{"rendered":"\n<p>O livro do Apocalipse, tamb\u00e9m conhecido como Revela\u00e7\u00e3o, \u00e9 um dos textos mais fascinantes e enigm\u00e1ticos da B\u00edblia. Escrito pelo ap\u00f3stolo Jo\u00e3o na ilha de Patmos, este livro tem sido objeto de estudo, interpreta\u00e7\u00e3o e debate ao longo dos s\u00e9culos. Para muitos, pode parecer um texto obscuro e cheio de s\u00edmbolos dif\u00edceis de decifrar, mas, na realidade, \u00e9 uma obra repleta de esperan\u00e7a, consolo e orienta\u00e7\u00e3o espiritual para tempos dif\u00edceis. Neste artigo, exploraremos a mensagem central do Apocalipse: o triunfo do Cordeiro, Jesus Cristo, e como essa esperan\u00e7a fortalece nossa f\u00e9 nEle, especialmente no contexto atual.<\/p>\n\n\n\n<hr class=\"wp-block-separator has-alpha-channel-opacity\"\/>\n\n\n\n<h3 class=\"wp-block-heading\"><strong>A origem e o contexto hist\u00f3rico do Apocalipse<\/strong><\/h3>\n\n\n\n<p>O Apocalipse foi escrito no final do s\u00e9culo I d.C., durante o reinado do imperador Domiciano, um per\u00edodo de intensa persegui\u00e7\u00e3o aos crist\u00e3os. S\u00e3o Jo\u00e3o, exilado na ilha de Patmos, recebeu uma s\u00e9rie de vis\u00f5es reveladas a ele pelo pr\u00f3prio Jesus Cristo. Essas vis\u00f5es n\u00e3o apenas visavam consolar as comunidades crist\u00e3s perseguidas, mas tamb\u00e9m lembr\u00e1-las de que, apesar das apar\u00eancias, Deus est\u00e1 no controle da hist\u00f3ria e que o mal, por mais poderoso que pare\u00e7a, ser\u00e1 derrotado.<\/p>\n\n\n\n<p>O g\u00eanero liter\u00e1rio do Apocalipse \u00e9 o da literatura apocal\u00edptica, um estilo comum na \u00e9poca que usa s\u00edmbolos, vis\u00f5es e n\u00fameros para transmitir mensagens profundas sobre a luta entre o bem e o mal e o triunfo final de Deus. Embora esse g\u00eanero possa ser desconcertante para o leitor moderno, sua mensagem central \u00e9 clara:&nbsp;<strong>Cristo, o Cordeiro imolado, triunfou, e Sua vit\u00f3ria \u00e9 nossa esperan\u00e7a<\/strong>.<\/p>\n\n\n\n<hr class=\"wp-block-separator has-alpha-channel-opacity\"\/>\n\n\n\n<h3 class=\"wp-block-heading\"><strong>O Cordeiro: Um s\u00edmbolo de vit\u00f3ria e reden\u00e7\u00e3o<\/strong><\/h3>\n\n\n\n<p>No cora\u00e7\u00e3o do Apocalipse est\u00e1 a figura do Cordeiro. Esse s\u00edmbolo, que aparece mais de vinte vezes no livro, representa Jesus Cristo, que, por meio de Seu sacrif\u00edcio na cruz, venceu o pecado e a morte. Ao contr\u00e1rio do que se poderia esperar, o Cordeiro n\u00e3o \u00e9 apresentado como um poderoso guerreiro, mas como um ser humilde e sacrificial. No entanto, essa aparente fraqueza \u00e9, na verdade, a fonte de Sua for\u00e7a.<\/p>\n\n\n\n<p><strong>Cita\u00e7\u00e3o-chave:<\/strong>&nbsp;<em>&#8220;Ent\u00e3o vi um Cordeiro, que parecia ter sido morto&#8221;<\/em>&nbsp;(Apocalipse 5,6). Essa passagem nos mostra que a vit\u00f3ria de Cristo n\u00e3o \u00e9 alcan\u00e7ada pela for\u00e7a bruta, mas pelo amor e pela entrega total. O Cordeiro imolado \u00e9, paradoxalmente, o vencedor da hist\u00f3ria.<\/p>\n\n\n\n<p>Essa mensagem \u00e9 profundamente relevante hoje. Em um mundo que valoriza o poder, o sucesso e a autossufici\u00eancia, o Cordeiro nos lembra que a verdadeira for\u00e7a reside na humildade, no servi\u00e7o e no amor sacrificial. Como crist\u00e3os, somos chamados a seguir o exemplo do Cordeiro, confiando que, mesmo que o caminho seja dif\u00edcil, a vit\u00f3ria final j\u00e1 est\u00e1 garantida.<\/p>\n\n\n\n<hr class=\"wp-block-separator has-alpha-channel-opacity\"\/>\n\n\n\n<h3 class=\"wp-block-heading\"><strong>O triunfo do Cordeiro sobre o mal<\/strong><\/h3>\n\n\n\n<p>Um dos temas centrais do Apocalipse \u00e9 a batalha c\u00f3smica entre o bem e o mal. Essa batalha n\u00e3o \u00e9 apenas um evento futuro, mas uma realidade presente na vida de todo crist\u00e3o. O drag\u00e3o (Satan\u00e1s) e as bestas (s\u00edmbolos dos poderes do mal) parecem ter controle tempor\u00e1rio, mas o Apocalipse nos assegura que sua derrota \u00e9 inevit\u00e1vel.<\/p>\n\n\n\n<p>No cap\u00edtulo 12, \u00e9 descrita uma grande batalha no c\u00e9u:&nbsp;<em>&#8220;O grande drag\u00e3o foi lan\u00e7ado fora. Ele \u00e9 a antiga serpente chamada Diabo ou Satan\u00e1s, que engana o mundo inteiro. Ele foi lan\u00e7ado \u00e0 terra, e os seus anjos foram lan\u00e7ados com ele&#8221;<\/em>&nbsp;(Apocalipse 12,9). Essa vis\u00e3o nos lembra que, embora o mal pare\u00e7a triunfar no mundo, seu poder \u00e9 limitado e seu fim est\u00e1 pr\u00f3ximo.<\/p>\n\n\n\n<p>O triunfo do Cordeiro se manifesta plenamente no cap\u00edtulo 19, onde Cristo aparece como um guerreiro vitorioso, montado em um cavalo branco:&nbsp;<em>&#8220;Vi o c\u00e9u aberto, e diante de mim estava um cavalo branco, cujo cavaleiro se chama Fiel e Verdadeiro. Ele julga e guerreia com justi\u00e7a&#8221;<\/em>&nbsp;(Apocalipse 19,11). Essa imagem contrasta com a do Cordeiro imolado, mostrando que a humildade e o sacrif\u00edcio de Cristo s\u00e3o a base de Sua vit\u00f3ria final.<\/p>\n\n\n\n<hr class=\"wp-block-separator has-alpha-channel-opacity\"\/>\n\n\n\n<h3 class=\"wp-block-heading\"><strong>A nova Jerusal\u00e9m: O cumprimento da esperan\u00e7a crist\u00e3<\/strong><\/h3>\n\n\n\n<p>O triunfo do Cordeiro culmina com a vis\u00e3o da nova Jerusal\u00e9m, descrita nos cap\u00edtulos 21 e 22 do Apocalipse. Essa cidade celestial representa a plenitude do Reino de Deus, onde n\u00e3o haver\u00e1 mais l\u00e1grimas, dor ou morte. \u00c9 um lembrete de que nossa verdadeira p\u00e1tria n\u00e3o est\u00e1 neste mundo, mas no c\u00e9u.<\/p>\n\n\n\n<p><strong>Cita\u00e7\u00e3o inspiradora:<\/strong>&nbsp;<em>&#8220;Ent\u00e3o ouvi uma forte voz que vinha do trono e dizia: &#8216;Agora o tabern\u00e1culo de Deus est\u00e1 com os homens, com os quais Ele viver\u00e1. Eles ser\u00e3o os Seus povos; o pr\u00f3prio Deus estar\u00e1 com eles e ser\u00e1 o seu Deus'&#8221;<\/em>&nbsp;(Apocalipse 21,3).<\/p>\n\n\n\n<p>Em um mundo marcado pela injusti\u00e7a, viol\u00eancia e sofrimento, a vis\u00e3o da nova Jerusal\u00e9m nos oferece uma esperan\u00e7a inabal\u00e1vel. Ela nos lembra que, embora as coisas pare\u00e7am sombrias, Deus est\u00e1 trabalhando para restaurar todas as coisas e que, no final, Seu Reino de amor e justi\u00e7a prevalecer\u00e1.<\/p>\n\n\n\n<hr class=\"wp-block-separator has-alpha-channel-opacity\"\/>\n\n\n\n<h3 class=\"wp-block-heading\"><strong>A mensagem do Apocalipse para o mundo de hoje<\/strong><\/h3>\n\n\n\n<p>O Apocalipse n\u00e3o \u00e9 um livro reservado para te\u00f3logos ou especialistas em profecias. \u00c9 uma mensagem viva e atual para todos os crist\u00e3os, especialmente em tempos de incerteza e crise. Por meio de seus s\u00edmbolos e ensinamentos, ele nos convida a confiar em Deus, a permanecer firmes na f\u00e9 e a viver com a esperan\u00e7a da vida eterna.<\/p>\n\n\n\n<p>Em um mundo que valoriza o poder e o sucesso, a mensagem do Cordeiro nos chama a viver de maneira contracultural: com humildade, servi\u00e7o e amor sacrificial. Ela nos lembra que a verdadeira vit\u00f3ria n\u00e3o \u00e9 alcan\u00e7ada pela for\u00e7a, mas pelo amor e pela entrega.<\/p>\n\n\n\n<p>Al\u00e9m disso, o Apocalipse nos desafia a ser testemunhas da esperan\u00e7a em um mundo que muitas vezes parece desesperan\u00e7ado. Como crist\u00e3os, somos chamados a ser luz nas trevas, anunciando o triunfo do Cordeiro e a promessa de um novo c\u00e9u e uma nova terra.<\/p>\n\n\n\n<hr class=\"wp-block-separator has-alpha-channel-opacity\"\/>\n\n\n\n<h3 class=\"wp-block-heading\"><strong>Conclus\u00e3o: A esperan\u00e7a que nos sustenta<\/strong><\/h3>\n\n\n\n<p>A mensagem do Apocalipse \u00e9 clara:&nbsp;<strong>Cristo, o Cordeiro imolado, triunfou, e Sua vit\u00f3ria \u00e9 nossa esperan\u00e7a<\/strong>. Em um mundo cheio de desafios e dificuldades, essa verdade nos sustenta e nos d\u00e1 for\u00e7a para seguir em frente. Ela nos lembra que, mesmo que o caminho seja dif\u00edcil, a vit\u00f3ria final j\u00e1 est\u00e1 garantida.<\/p>\n\n\n\n<p>Como crist\u00e3os, somos chamados a viver com os olhos fixos no Cordeiro, confiando em Sua promessa de vida eterna e trabalhando para construir um mundo que reflita Seu amor e Sua justi\u00e7a. Que a mensagem do Apocalipse nos inspire a viver com esperan\u00e7a, f\u00e9 e coragem, sabendo que, no final, o Cordeiro triunfar\u00e1.<\/p>\n\n\n\n<p><strong>Ora\u00e7\u00e3o final:<\/strong>&nbsp;Senhor Jesus, Cordeiro de Deus, que tirais o pecado do mundo, ajudai-nos a viver na esperan\u00e7a de Vossa vit\u00f3ria. Dai-nos a for\u00e7a para Vos seguir com humildade e amor, e a coragem de ser testemunhas do Vosso Reino neste mundo. Am\u00e9m.<\/p>\n","protected":false},"excerpt":{"rendered":"<p>O livro do Apocalipse, tamb\u00e9m conhecido como Revela\u00e7\u00e3o, \u00e9 um dos textos mais fascinantes e enigm\u00e1ticos da B\u00edblia. Escrito pelo ap\u00f3stolo Jo\u00e3o na ilha de Patmos, este livro tem sido objeto de estudo, interpreta\u00e7\u00e3o e debate ao longo dos s\u00e9culos. Para muitos, pode parecer um texto obscuro e cheio de s\u00edmbolos dif\u00edceis de decifrar, mas, &hellip;<\/p>\n","protected":false},"author":3,"featured_media":2852,"comment_status":"open","ping_status":"open","sticky":false,"template":"","format":"standard","meta":{"_seopress_robots_primary_cat":"","_seopress_titles_title":"","_seopress_titles_desc":"","_seopress_robots_index":"","footnotes":""},"categories":[37,45],"tags":[908,909],"class_list":["post-2851","post","type-post","status-publish","format-standard","has-post-thumbnail","","category-doutrina-e-fe","category-sagradas-escrituras","tag-apocalipse","tag-triunfo-do-cordeiro"],"_links":{"self":[{"href":"https:\/\/catholicus.eu\/pt\/wp-json\/wp\/v2\/posts\/2851","targetHints":{"allow":["GET"]}}],"collection":[{"href":"https:\/\/catholicus.eu\/pt\/wp-json\/wp\/v2\/posts"}],"about":[{"href":"https:\/\/catholicus.eu\/pt\/wp-json\/wp\/v2\/types\/post"}],"author":[{"embeddable":true,"href":"https:\/\/catholicus.eu\/pt\/wp-json\/wp\/v2\/users\/3"}],"replies":[{"embeddable":true,"href":"https:\/\/catholicus.eu\/pt\/wp-json\/wp\/v2\/comments?post=2851"}],"version-history":[{"count":1,"href":"https:\/\/catholicus.eu\/pt\/wp-json\/wp\/v2\/posts\/2851\/revisions"}],"predecessor-version":[{"id":2853,"href":"https:\/\/catholicus.eu\/pt\/wp-json\/wp\/v2\/posts\/2851\/revisions\/2853"}],"wp:featuredmedia":[{"embeddable":true,"href":"https:\/\/catholicus.eu\/pt\/wp-json\/wp\/v2\/media\/2852"}],"wp:attachment":[{"href":"https:\/\/catholicus.eu\/pt\/wp-json\/wp\/v2\/media?parent=2851"}],"wp:term":[{"taxonomy":"category","embeddable":true,"href":"https:\/\/catholicus.eu\/pt\/wp-json\/wp\/v2\/categories?post=2851"},{"taxonomy":"post_tag","embeddable":true,"href":"https:\/\/catholicus.eu\/pt\/wp-json\/wp\/v2\/tags?post=2851"}],"curies":[{"name":"wp","href":"https:\/\/api.w.org\/{rel}","templated":true}]}}