{"id":2842,"date":"2025-03-23T21:28:27","date_gmt":"2025-03-23T20:28:27","guid":{"rendered":"https:\/\/catholicus.eu\/pt\/?p=2842"},"modified":"2025-03-23T21:28:27","modified_gmt":"2025-03-23T20:28:27","slug":"a-parabola-da-figueira-um-chamado-a-conversao-em-tempos-de-incerteza","status":"publish","type":"post","link":"https:\/\/catholicus.eu\/pt\/a-parabola-da-figueira-um-chamado-a-conversao-em-tempos-de-incerteza\/","title":{"rendered":"A par\u00e1bola da figueira: Um chamado \u00e0 convers\u00e3o em tempos de incerteza"},"content":{"rendered":"\n<p>Em um mundo marcado pela pressa, pela distra\u00e7\u00e3o e pela busca constante por respostas, as palavras de Jesus Cristo ressoam com uma atualidade surpreendente. Entre os muitos ensinamentos que Ele nos deixou, a&nbsp;<em>par\u00e1bola da figueira<\/em>&nbsp;se destaca como uma mensagem profundamente espiritual, cheia de esperan\u00e7a, mas tamb\u00e9m de advert\u00eancia. Essa par\u00e1bola, narrada nos Evangelhos de Lucas (13, 6-9) e Marcos (13, 28-31), nos convida a refletir sobre a paci\u00eancia de Deus, a urg\u00eancia da convers\u00e3o e os sinais dos tempos. Neste artigo, exploraremos sua origem, seu significado teol\u00f3gico e sua relev\u00e2ncia para nossa vida cotidiana no contexto atual.<\/p>\n\n\n\n<hr class=\"wp-block-separator has-alpha-channel-opacity\"\/>\n\n\n\n<h3 class=\"wp-block-heading\"><strong>A origem da par\u00e1bola: Uma hist\u00f3ria enraizada na terra de Israel<\/strong><\/h3>\n\n\n\n<p>Para compreender plenamente essa par\u00e1bola, \u00e9 essencial nos situarmos no contexto hist\u00f3rico e cultural da Palestina do s\u00e9culo I. A figueira era uma \u00e1rvore comum na regi\u00e3o, valorizada n\u00e3o apenas por seus frutos doces, mas tamb\u00e9m por sua sombra refrescante. Na tradi\u00e7\u00e3o judaica, a figueira simbolizava prosperidade, paz e a b\u00ean\u00e7\u00e3o de Deus. De fato, no Antigo Testamento, ela \u00e9 mencionada como um sinal da fertilidade da Terra Prometida (cf. Deuteron\u00f4mio 8, 8).<\/p>\n\n\n\n<p>Jesus, como mestre s\u00e1bio, usava elementos cotidianos para transmitir verdades eternas. Nessa par\u00e1bola, Ele nos apresenta um homem que planta uma figueira em sua vinha, esperando que ela d\u00ea frutos. No entanto, ap\u00f3s tr\u00eas anos de cuidados, a \u00e1rvore permanece est\u00e9ril. O dono, frustrado, ordena que ela seja cortada, mas o vinhateiro intercede, pedindo mais um ano de paci\u00eancia e esfor\u00e7o adicional.<\/p>\n\n\n\n<hr class=\"wp-block-separator has-alpha-channel-opacity\"\/>\n\n\n\n<h3 class=\"wp-block-heading\"><strong>O significado teol\u00f3gico: Paci\u00eancia, miseric\u00f3rdia e convers\u00e3o<\/strong><\/h3>\n\n\n\n<p>Essa par\u00e1bola \u00e9 uma poderosa met\u00e1fora da rela\u00e7\u00e3o entre Deus e a humanidade. O dono da vinha representa Deus, o Criador, que espera frutos de justi\u00e7a, amor e santidade de Seu povo. A figueira, por sua vez, simboliza cada um de n\u00f3s, chamados a dar frutos em nossa vida espiritual.<\/p>\n\n\n\n<p>O n\u00famero&nbsp;<em>tr\u00eas<\/em>&nbsp;n\u00e3o \u00e9 casual. Na B\u00edblia, esse n\u00famero tem um significado profundo: representa a plenitude e o tempo suficiente para cumprir um prop\u00f3sito. Os tr\u00eas anos de espera podem ser interpretados como o tempo que Deus nos d\u00e1 para amadurecer, crescer e nos converter. No entanto, a esterilidade da figueira reflete nossa tend\u00eancia \u00e0 indiferen\u00e7a, ao pecado e \u00e0 falta de resposta \u00e0 gra\u00e7a divina.<\/p>\n\n\n\n<p>O vinhateiro, figura de Cristo, intercede por n\u00f3s. Seu pedido por mais um ano \u00e9 um lembrete da miseric\u00f3rdia infinita de Deus, que sempre nos d\u00e1 uma nova chance. Mas tamb\u00e9m \u00e9 um aviso: o tempo n\u00e3o \u00e9 infinito. A convers\u00e3o n\u00e3o pode ser adiada indefinidamente.<\/p>\n\n\n\n<hr class=\"wp-block-separator has-alpha-channel-opacity\"\/>\n\n\n\n<h3 class=\"wp-block-heading\"><strong>A figueira e os sinais dos tempos<\/strong><\/h3>\n\n\n\n<p>No Evangelho de Marcos, Jesus usa a figueira para falar dos&nbsp;<em>sinais dos tempos<\/em>: \u00abAprendei a par\u00e1bola da figueira: quando seus ramos ficam tenros e brotam folhas, sabeis que o ver\u00e3o est\u00e1 pr\u00f3ximo\u00bb (Marcos 13, 28). Aqui, a figueira se torna um s\u00edmbolo de discernimento. Assim como suas folhas anunciam o ver\u00e3o, os acontecimentos de nossa vida e do mundo s\u00e3o sinais que nos convidam a estar atentos e preparados.<\/p>\n\n\n\n<p>Em nosso contexto atual, marcado por crises globais, incerteza e mudan\u00e7as r\u00e1pidas, esse ensinamento assume uma relev\u00e2ncia especial. Que frutos estamos dando como indiv\u00edduos e como sociedade? Estamos respondendo ao chamado de Deus com obras de caridade, justi\u00e7a e f\u00e9? A figueira nos desafia a examinar nossa vida e a reconhecer as oportunidades que Deus nos oferece para crescer espiritualmente.<\/p>\n\n\n\n<hr class=\"wp-block-separator has-alpha-channel-opacity\"\/>\n\n\n\n<h3 class=\"wp-block-heading\"><strong>Um chamado \u00e0 a\u00e7\u00e3o: Dar frutos no tempo oportuno<\/strong><\/h3>\n\n\n\n<p>A par\u00e1bola da figueira n\u00e3o \u00e9 apenas uma reflex\u00e3o te\u00f3rica; \u00e9 um chamado \u00e0 a\u00e7\u00e3o. Ela nos convida a perguntar: O que estou fazendo com o tempo que Deus me deu? Estou cultivando minha vida interior por meio da ora\u00e7\u00e3o, dos sacramentos e do servi\u00e7o ao pr\u00f3ximo? Ou, pelo contr\u00e1rio, me acomodei na esterilidade espiritual?<\/p>\n\n\n\n<p>Em um mundo que frequentemente prioriza o sucesso material e o prazer imediato, essa par\u00e1bola nos lembra que o que realmente importa \u00e9 dar frutos que permane\u00e7am. Como diz S\u00e3o Paulo: \u00abTudo o que fizerdes, fazei-o de bom cora\u00e7\u00e3o, como para o Senhor e n\u00e3o para os homens\u00bb (Colossenses 3, 23).<\/p>\n\n\n\n<hr class=\"wp-block-separator has-alpha-channel-opacity\"\/>\n\n\n\n<h3 class=\"wp-block-heading\"><strong>Conclus\u00e3o: Esperan\u00e7a e urg\u00eancia na vida espiritual<\/strong><\/h3>\n\n\n\n<p>A par\u00e1bola da figueira \u00e9 uma mensagem de esperan\u00e7a, mas tamb\u00e9m de urg\u00eancia. Ela nos lembra que Deus \u00e9 paciente e misericordioso, mas tamb\u00e9m justo. N\u00e3o podemos dar Sua gra\u00e7a como certa. O tempo da convers\u00e3o \u00e9 agora.<\/p>\n\n\n\n<p>Neste ano de gra\u00e7a que o vinhateiro nos concede, cultivemos nossa figueira interior com cuidado. Que nossas ra\u00edzes estejam firmes na ora\u00e7\u00e3o, nossos ramos se estendam no amor ao pr\u00f3ximo e nossos frutos sejam um testemunho da presen\u00e7a de Deus no mundo. Assim, quando o dono da vinha vier nos buscar, nos encontrar\u00e1 prontos, cheios de frutos que glorificam Seu nome.<\/p>\n\n\n\n<hr class=\"wp-block-separator has-alpha-channel-opacity\"\/>\n\n\n\n<p><strong>Ora\u00e7\u00e3o final:<\/strong><br><em>Senhor, dono da vinha, dai-nos a gra\u00e7a de ser figueiras frut\u00edferas em Vosso Reino. Ajudai-nos a reconhecer os sinais dos tempos e a responder prontamente ao Vosso chamado. Que nossa vida seja um testemunho do Vosso amor e da Vossa miseric\u00f3rdia. Am\u00e9m.<\/em><\/p>\n","protected":false},"excerpt":{"rendered":"<p>Em um mundo marcado pela pressa, pela distra\u00e7\u00e3o e pela busca constante por respostas, as palavras de Jesus Cristo ressoam com uma atualidade surpreendente. Entre os muitos ensinamentos que Ele nos deixou, a&nbsp;par\u00e1bola da figueira&nbsp;se destaca como uma mensagem profundamente espiritual, cheia de esperan\u00e7a, mas tamb\u00e9m de advert\u00eancia. Essa par\u00e1bola, narrada nos Evangelhos de Lucas &hellip;<\/p>\n","protected":false},"author":3,"featured_media":2843,"comment_status":"open","ping_status":"open","sticky":false,"template":"","format":"standard","meta":{"_seopress_robots_primary_cat":"","_seopress_titles_title":"","_seopress_titles_desc":"","_seopress_robots_index":"","footnotes":""},"categories":[37,45],"tags":[907],"class_list":["post-2842","post","type-post","status-publish","format-standard","has-post-thumbnail","","category-doutrina-e-fe","category-sagradas-escrituras","tag-parabola-da-figueira"],"_links":{"self":[{"href":"https:\/\/catholicus.eu\/pt\/wp-json\/wp\/v2\/posts\/2842","targetHints":{"allow":["GET"]}}],"collection":[{"href":"https:\/\/catholicus.eu\/pt\/wp-json\/wp\/v2\/posts"}],"about":[{"href":"https:\/\/catholicus.eu\/pt\/wp-json\/wp\/v2\/types\/post"}],"author":[{"embeddable":true,"href":"https:\/\/catholicus.eu\/pt\/wp-json\/wp\/v2\/users\/3"}],"replies":[{"embeddable":true,"href":"https:\/\/catholicus.eu\/pt\/wp-json\/wp\/v2\/comments?post=2842"}],"version-history":[{"count":1,"href":"https:\/\/catholicus.eu\/pt\/wp-json\/wp\/v2\/posts\/2842\/revisions"}],"predecessor-version":[{"id":2844,"href":"https:\/\/catholicus.eu\/pt\/wp-json\/wp\/v2\/posts\/2842\/revisions\/2844"}],"wp:featuredmedia":[{"embeddable":true,"href":"https:\/\/catholicus.eu\/pt\/wp-json\/wp\/v2\/media\/2843"}],"wp:attachment":[{"href":"https:\/\/catholicus.eu\/pt\/wp-json\/wp\/v2\/media?parent=2842"}],"wp:term":[{"taxonomy":"category","embeddable":true,"href":"https:\/\/catholicus.eu\/pt\/wp-json\/wp\/v2\/categories?post=2842"},{"taxonomy":"post_tag","embeddable":true,"href":"https:\/\/catholicus.eu\/pt\/wp-json\/wp\/v2\/tags?post=2842"}],"curies":[{"name":"wp","href":"https:\/\/api.w.org\/{rel}","templated":true}]}}