{"id":2820,"date":"2025-03-22T22:53:56","date_gmt":"2025-03-22T21:53:56","guid":{"rendered":"https:\/\/catholicus.eu\/pt\/?p=2820"},"modified":"2025-03-22T22:53:56","modified_gmt":"2025-03-22T21:53:56","slug":"as-estacoes-da-via-sacra-que-nao-estao-na-biblia-historia-fe-e-espiritualidade-de-uma-tradicao-milenar","status":"publish","type":"post","link":"https:\/\/catholicus.eu\/pt\/as-estacoes-da-via-sacra-que-nao-estao-na-biblia-historia-fe-e-espiritualidade-de-uma-tradicao-milenar\/","title":{"rendered":"As Esta\u00e7\u00f5es da Via-Sacra que N\u00e3o Est\u00e3o na B\u00edblia: Hist\u00f3ria, F\u00e9 e Espiritualidade de uma Tradi\u00e7\u00e3o Milenar"},"content":{"rendered":"\n<p>A Via-Sacra \u00e9 uma das devo\u00e7\u00f5es mais comoventes e profundas da Igreja Cat\u00f3lica. Atrav\u00e9s das quatorze esta\u00e7\u00f5es, os fi\u00e9is acompanham espiritualmente o caminho de Cristo rumo ao Calv\u00e1rio, meditando sobre Sua Paix\u00e3o e Morte. No entanto, muitos n\u00e3o sabem que algumas dessas cenas n\u00e3o se encontram nos Evangelhos.<\/p>\n\n\n\n<p>Por que essas cenas foram inclu\u00eddas na Via-Sacra? Qual \u00e9 sua origem? Elas t\u00eam um significado teol\u00f3gico? Como podem nos ajudar hoje a viver nossa f\u00e9 de maneira mais profunda? Convido voc\u00ea a descobrir a hist\u00f3ria, o significado e a relev\u00e2ncia atual das esta\u00e7\u00f5es da Via-Sacra que n\u00e3o est\u00e3o explicitamente descritas na B\u00edblia.<\/p>\n\n\n\n<hr class=\"wp-block-separator has-alpha-channel-opacity\"\/>\n\n\n\n<h2 class=\"wp-block-heading\"><strong>A Origem da Via-Sacra: Mais que um Relato B\u00edblico<\/strong><\/h2>\n\n\n\n<p>A Via-Sacra, como a conhecemos hoje, tem origem na devo\u00e7\u00e3o dos primeiros crist\u00e3os, que peregrinavam a Jerusal\u00e9m para visitar os lugares santos onde Jesus sofreu por nossa reden\u00e7\u00e3o. No entanto, a pr\u00e1tica de representar as esta\u00e7\u00f5es em igrejas e capelas difundiu-se na Idade M\u00e9dia, gra\u00e7as aos franciscanos, que a popularizaram no s\u00e9culo XIV.<\/p>\n\n\n\n<p>Com o tempo, o n\u00famero de esta\u00e7\u00f5es variou. Somente no s\u00e9culo XVIII, o Papa Clemente XII estabeleceu as quatorze esta\u00e7\u00f5es tradicionais, algumas baseadas nos relatos evang\u00e9licos e outras enraizadas na tradi\u00e7\u00e3o e na piedade crist\u00e3.<\/p>\n\n\n\n<p>Agora, vejamos as esta\u00e7\u00f5es que n\u00e3o est\u00e3o explicitamente na B\u00edblia e o que elas significam para n\u00f3s hoje.<\/p>\n\n\n\n<hr class=\"wp-block-separator has-alpha-channel-opacity\"\/>\n\n\n\n<h2 class=\"wp-block-heading\"><strong>1. A Primeira Queda de Jesus<\/strong><\/h2>\n\n\n\n<p><strong>&#8220;Mas ele foi ferido por causa das nossas transgress\u00f5es e esmagado por causa das nossas iniquidades.&#8221; (Isa\u00edas 53,5)<\/strong><\/p>\n\n\n\n<p>Os Evangelhos relatam que Jesus carregava Sua cruz (Jo\u00e3o 19,17), mas n\u00e3o mencionam nenhuma queda. No entanto, a tradi\u00e7\u00e3o nos transmitiu a imagem de Cristo caindo v\u00e1rias vezes sob o peso da cruz.<\/p>\n\n\n\n<h3 class=\"wp-block-heading\"><strong>Significado espiritual<\/strong><\/h3>\n\n\n\n<p>As quedas de Jesus simbolizam o peso dos nossos pecados e a fragilidade humana. Sempre que ca\u00edmos no pecado, Ele nos mostra que podemos nos levantar novamente com Sua gra\u00e7a.<\/p>\n\n\n\n<h3 class=\"wp-block-heading\"><strong>Reflex\u00e3o atual<\/strong><\/h3>\n\n\n\n<p>Vivemos em uma sociedade que promove a autossufici\u00eancia e a apar\u00eancia de sucesso. Mas Jesus nos lembra que cair n\u00e3o \u00e9 o problema; o que importa \u00e9 nos levantarmos com a ajuda de Deus.<\/p>\n\n\n\n<hr class=\"wp-block-separator has-alpha-channel-opacity\"\/>\n\n\n\n<h2 class=\"wp-block-heading\"><strong>2. O Encontro com a Virgem Maria<\/strong><\/h2>\n\n\n\n<p><strong>&#8220;Sime\u00e3o os aben\u00e7oou e disse a Maria, m\u00e3e do menino: \u2018Eis que este menino est\u00e1 destinado para ser causa de queda e de eleva\u00e7\u00e3o de muitos em Israel\u2019&#8221; (Lucas 2,34).<\/strong><\/p>\n\n\n\n<p>Os Evangelhos n\u00e3o mencionam um encontro entre Maria e Jesus no caminho para o Calv\u00e1rio, mas a tradi\u00e7\u00e3o e a l\u00f3gica nos fazem supor que ela estava presente, sofrendo com Ele.<\/p>\n\n\n\n<h3 class=\"wp-block-heading\"><strong>Significado espiritual<\/strong><\/h3>\n\n\n\n<p>Esse encontro evoca o sofrimento compartilhado entre a M\u00e3e e o Filho. Maria nos ensina que o verdadeiro amor permanece, mesmo na dor.<\/p>\n\n\n\n<h3 class=\"wp-block-heading\"><strong>Reflex\u00e3o atual<\/strong><\/h3>\n\n\n\n<p>Muitas pessoas hoje sofrem sozinhas. Maria nos lembra da import\u00e2ncia de acompanhar aqueles que passam por prova\u00e7\u00f5es, com nossa presen\u00e7a e ora\u00e7\u00e3o.<\/p>\n\n\n\n<hr class=\"wp-block-separator has-alpha-channel-opacity\"\/>\n\n\n\n<h2 class=\"wp-block-heading\"><strong>3. Ver\u00f4nica Enxuga o Rosto de Jesus<\/strong><\/h2>\n\n\n\n<p>A hist\u00f3ria de Ver\u00f4nica n\u00e3o aparece nos Evangelhos. Sua origem remonta \u00e0 tradi\u00e7\u00e3o e \u00e0 lenda do &#8220;V\u00e9u de Ver\u00f4nica&#8221;, que teria guardado a imagem do rosto de Cristo.<\/p>\n\n\n\n<h3 class=\"wp-block-heading\"><strong>Significado espiritual<\/strong><\/h3>\n\n\n\n<p>Ver\u00f4nica representa o ato desinteressado de amor e coragem no meio do sofrimento. Em um mundo cheio de indiferen\u00e7a, ela nos ensina a import\u00e2ncia de consolar e ajudar os que sofrem.<\/p>\n\n\n\n<h3 class=\"wp-block-heading\"><strong>Reflex\u00e3o atual<\/strong><\/h3>\n\n\n\n<p>Hoje, muitas pessoas precisam de uma &#8220;Ver\u00f4nica&#8221; em suas vidas \u2013 algu\u00e9m que as ou\u00e7a, as console e as lembre de sua dignidade. Quantas vezes passamos pelos que sofrem sem parar para ajudar?<\/p>\n\n\n\n<hr class=\"wp-block-separator has-alpha-channel-opacity\"\/>\n\n\n\n<h2 class=\"wp-block-heading\"><strong>4. A Segunda e a Terceira Queda de Jesus<\/strong><\/h2>\n\n\n\n<p>Como mencionado anteriormente, as quedas de Jesus n\u00e3o s\u00e3o descritas nos Evangelhos, mas carregam um profundo valor espiritual.<\/p>\n\n\n\n<h3 class=\"wp-block-heading\"><strong>Significado espiritual<\/strong><\/h3>\n\n\n\n<p>Cada queda representa nossas pr\u00f3prias lutas e a perseveran\u00e7a de Cristo em Sua miss\u00e3o. Ele caiu tr\u00eas vezes, mas nunca desistiu.<\/p>\n\n\n\n<h3 class=\"wp-block-heading\"><strong>Reflex\u00e3o atual<\/strong><\/h3>\n\n\n\n<p>Muitas pessoas sentem-se presas em ciclos de pecado, depend\u00eancia ou desespero. Jesus nos mostra que sempre h\u00e1 uma nova oportunidade de nos levantarmos e seguirmos adiante \u2013 com Sua ajuda.<\/p>\n\n\n\n<hr class=\"wp-block-separator has-alpha-channel-opacity\"\/>\n\n\n\n<h2 class=\"wp-block-heading\"><strong>5. Jesus \u00e9 Despojado de Suas Vestes<\/strong><\/h2>\n\n\n\n<p>Os Evangelhos mencionam que os soldados dividiram Suas vestes entre si (Mateus 27,35), mas n\u00e3o descrevem em detalhes o ato de desp\u00ed-Lo como um gesto de humilha\u00e7\u00e3o.<\/p>\n\n\n\n<h3 class=\"wp-block-heading\"><strong>Significado espiritual<\/strong><\/h3>\n\n\n\n<p>Jesus renuncia a tudo, at\u00e9 mesmo \u00e0 Sua dignidade humana, por amor a n\u00f3s. Essa cena nos lembra que o verdadeiro valor da vida n\u00e3o est\u00e1 no que possu\u00edmos, mas no que somos diante de Deus.<\/p>\n\n\n\n<h3 class=\"wp-block-heading\"><strong>Reflex\u00e3o atual<\/strong><\/h3>\n\n\n\n<p>Vivemos em uma cultura obcecada pela apar\u00eancia e pela imagem. Jesus nos convida a nos desprendermos das superficialidades e a encontrarmos nossa verdadeira identidade em Deus.<\/p>\n\n\n\n<hr class=\"wp-block-separator has-alpha-channel-opacity\"\/>\n\n\n\n<h2 class=\"wp-block-heading\"><strong>Conclus\u00e3o: A Via-Sacra como Escola de Vida<\/strong><\/h2>\n\n\n\n<p>Embora algumas cenas da Via-Sacra n\u00e3o estejam na B\u00edblia, elas fazem parte de uma tradi\u00e7\u00e3o rica em significado espiritual. Essa devo\u00e7\u00e3o n\u00e3o \u00e9 apenas uma representa\u00e7\u00e3o hist\u00f3rica, mas uma profunda medita\u00e7\u00e3o sobre o sofrimento, o amor e a reden\u00e7\u00e3o.<\/p>\n\n\n\n<p>Cada esta\u00e7\u00e3o reflete nossa pr\u00f3pria vida: quedas, encontros, sofrimentos \u2013 mas tamb\u00e9m amor, compaix\u00e3o e esperan\u00e7a. Em tempos de incerteza e crise de f\u00e9, a Via-Sacra continua sendo um poderoso guia espiritual que nos ensina a seguir Cristo com coragem e confian\u00e7a.<\/p>\n\n\n\n<p>Cada vez que percorremos esse caminho de ora\u00e7\u00e3o, podemos reconhecer nossa pr\u00f3pria cruz e carreg\u00e1-la com amor, sabendo que no fim nos espera a Ressurrei\u00e7\u00e3o.<\/p>\n\n\n\n<hr class=\"wp-block-separator has-alpha-channel-opacity\"\/>\n\n\n\n<p>Qual esta\u00e7\u00e3o da Via-Sacra mais tocou seu cora\u00e7\u00e3o? Como voc\u00ea pode aplic\u00e1-la \u00e0 sua vida hoje? Compartilhe suas reflex\u00f5es e vamos crescer juntos na f\u00e9!<\/p>\n","protected":false},"excerpt":{"rendered":"<p>A Via-Sacra \u00e9 uma das devo\u00e7\u00f5es mais comoventes e profundas da Igreja Cat\u00f3lica. Atrav\u00e9s das quatorze esta\u00e7\u00f5es, os fi\u00e9is acompanham espiritualmente o caminho de Cristo rumo ao Calv\u00e1rio, meditando sobre Sua Paix\u00e3o e Morte. No entanto, muitos n\u00e3o sabem que algumas dessas cenas n\u00e3o se encontram nos Evangelhos. Por que essas cenas foram inclu\u00eddas na &hellip;<\/p>\n","protected":false},"author":3,"featured_media":2821,"comment_status":"open","ping_status":"open","sticky":false,"template":"","format":"standard","meta":{"_seopress_robots_primary_cat":"","_seopress_titles_title":"","_seopress_titles_desc":"","_seopress_robots_index":"","footnotes":""},"categories":[37,45],"tags":[368,824],"class_list":["post-2820","post","type-post","status-publish","format-standard","has-post-thumbnail","","category-doutrina-e-fe","category-sagradas-escrituras","tag-biblia","tag-estacoes-da-via-sacra"],"_links":{"self":[{"href":"https:\/\/catholicus.eu\/pt\/wp-json\/wp\/v2\/posts\/2820","targetHints":{"allow":["GET"]}}],"collection":[{"href":"https:\/\/catholicus.eu\/pt\/wp-json\/wp\/v2\/posts"}],"about":[{"href":"https:\/\/catholicus.eu\/pt\/wp-json\/wp\/v2\/types\/post"}],"author":[{"embeddable":true,"href":"https:\/\/catholicus.eu\/pt\/wp-json\/wp\/v2\/users\/3"}],"replies":[{"embeddable":true,"href":"https:\/\/catholicus.eu\/pt\/wp-json\/wp\/v2\/comments?post=2820"}],"version-history":[{"count":1,"href":"https:\/\/catholicus.eu\/pt\/wp-json\/wp\/v2\/posts\/2820\/revisions"}],"predecessor-version":[{"id":2822,"href":"https:\/\/catholicus.eu\/pt\/wp-json\/wp\/v2\/posts\/2820\/revisions\/2822"}],"wp:featuredmedia":[{"embeddable":true,"href":"https:\/\/catholicus.eu\/pt\/wp-json\/wp\/v2\/media\/2821"}],"wp:attachment":[{"href":"https:\/\/catholicus.eu\/pt\/wp-json\/wp\/v2\/media?parent=2820"}],"wp:term":[{"taxonomy":"category","embeddable":true,"href":"https:\/\/catholicus.eu\/pt\/wp-json\/wp\/v2\/categories?post=2820"},{"taxonomy":"post_tag","embeddable":true,"href":"https:\/\/catholicus.eu\/pt\/wp-json\/wp\/v2\/tags?post=2820"}],"curies":[{"name":"wp","href":"https:\/\/api.w.org\/{rel}","templated":true}]}}