{"id":2771,"date":"2025-03-21T23:14:33","date_gmt":"2025-03-21T22:14:33","guid":{"rendered":"https:\/\/catholicus.eu\/pt\/?p=2771"},"modified":"2025-03-22T23:42:40","modified_gmt":"2025-03-22T22:42:40","slug":"segunda-estacao-da-via-sacra-jesus-carrega-a-cruz","status":"publish","type":"post","link":"https:\/\/catholicus.eu\/pt\/segunda-estacao-da-via-sacra-jesus-carrega-a-cruz\/","title":{"rendered":"Segunda Esta\u00e7\u00e3o da Via Sacra: Jesus Carrega a Cruz"},"content":{"rendered":"\n<p>A Via Sacra, tamb\u00e9m conhecida como Via Crucis, \u00e9 uma das devo\u00e7\u00f5es mais profundas e comoventes da tradi\u00e7\u00e3o cat\u00f3lica. Atrav\u00e9s de suas catorze esta\u00e7\u00f5es, mergulhamos nos momentos mais cruciais da Paix\u00e3o de Cristo, acompanhando-O em Sua caminhada rumo ao Calv\u00e1rio. A segunda esta\u00e7\u00e3o,&nbsp;<em>Jesus carrega a Cruz<\/em>, \u00e9 um momento-chave que nos convida a refletir n\u00e3o apenas sobre o sofrimento f\u00edsico de Jesus, mas tamb\u00e9m sobre o significado espiritual da cruz em nossa vida cotidiana.<\/p>\n\n\n\n<h3 class=\"wp-block-heading\"><strong>A origem e a hist\u00f3ria desta esta\u00e7\u00e3o<\/strong><\/h3>\n\n\n\n<p>A segunda esta\u00e7\u00e3o da Via Sacra tem suas ra\u00edzes nos relatos evang\u00e9licos, particularmente nas passagens que descrevem o julgamento de Jesus diante de P\u00f4ncio Pilatos e Sua subsequente condena\u00e7\u00e3o \u00e0 morte. Segundo o Evangelho de Jo\u00e3o (19,16-17), depois de ser flagelado e coroado de espinhos, Jesus foi entregue aos soldados romanos para ser crucificado. Foi ent\u00e3o que \u201ctomaram Jesus, e Ele, carregando a cruz, dirigiu-Se para o lugar chamado Calv\u00e1rio, em hebraico G\u00f3lgota\u201d.<\/p>\n\n\n\n<p>Esse momento n\u00e3o \u00e9 apenas um fato hist\u00f3rico, mas um evento carregado de simbolismo teol\u00f3gico. A cruz, instrumento de tortura e morte, torna-se o s\u00edmbolo m\u00e1ximo do amor e da reden\u00e7\u00e3o. Jesus, o Filho de Deus, aceita voluntariamente carreg\u00e1-la, demonstrando assim Sua obedi\u00eancia ao Pai e Sua entrega total pela salva\u00e7\u00e3o da humanidade.<\/p>\n\n\n\n<p>Na tradi\u00e7\u00e3o cat\u00f3lica, essa esta\u00e7\u00e3o foi representada na arte, na literatura e na liturgia ao longo dos s\u00e9culos. Desde as primeiras representa\u00e7\u00f5es nas catacumbas romanas at\u00e9 as obras-primas do Renascimento, a imagem de Jesus carregando a cruz inspirou milh\u00f5es de fi\u00e9is a meditar sobre o significado do sacrif\u00edcio e do amor divino.<\/p>\n\n\n\n<h3 class=\"wp-block-heading\"><strong>O significado teol\u00f3gico da cruz<\/strong><\/h3>\n\n\n\n<p>A cruz n\u00e3o \u00e9 apenas um objeto f\u00edsico; \u00e9 um s\u00edmbolo profundo que resume a ess\u00eancia do cristianismo. S\u00e3o Paulo, em sua primeira carta aos Cor\u00edntios (1,18), nos diz: \u201cA palavra da cruz \u00e9 loucura para os que se perdem, mas para n\u00f3s, que somos salvos, \u00e9 poder de Deus.\u201d Para o mundo, a cruz pode parecer um sinal de derrota e sofrimento, mas para os crentes, \u00e9 o triunfo do amor sobre o pecado e a morte.<\/p>\n\n\n\n<p>Quando Jesus carrega a cruz, Ele n\u00e3o o faz como um condenado derrotado, mas como o Redentor que assume o peso de nossos pecados. Nesse ato, vemos a encarna\u00e7\u00e3o do amor mais puro: \u201cNingu\u00e9m tem maior amor do que aquele que d\u00e1 a vida por seus amigos\u201d (Jo\u00e3o 15,13). A cruz torna-se, assim, um chamado para cada um de n\u00f3s carregar nossas pr\u00f3prias cruzes, seguindo o exemplo de Cristo.<\/p>\n\n\n\n<h3 class=\"wp-block-heading\"><strong>A cruz no contexto atual<\/strong><\/h3>\n\n\n\n<p>Em nosso mundo moderno, cheio de distra\u00e7\u00f5es e comodidades, a ideia de carregar uma cruz pode parecer estranha ou at\u00e9 desconfort\u00e1vel. No entanto, a segunda esta\u00e7\u00e3o da Via Sacra nos lembra que o sofrimento faz parte da condi\u00e7\u00e3o humana e que, longe de ser um obst\u00e1culo, pode ser um caminho para a santidade.<\/p>\n\n\n\n<p>Hoje, nossas cruzes podem assumir muitas formas: doen\u00e7as, dificuldades financeiras, problemas familiares, solid\u00e3o ou at\u00e9 mesmo a luta para manter a f\u00e9 em um mundo secularizado. Ao meditar sobre Jesus carregando Sua cruz, aprendemos que n\u00e3o estamos sozinhos em nossos sofrimentos. Ele caminhou antes de n\u00f3s e nos oferece Sua gra\u00e7a para transformar nossas lutas em oportunidades de crescimento espiritual.<\/p>\n\n\n\n<h3 class=\"wp-block-heading\"><strong>Uma anedota inspiradora: S\u00e3o Francisco de Assis e a cruz<\/strong><\/h3>\n\n\n\n<p>S\u00e3o Francisco de Assis, um dos santos mais amados da Igreja, compreendeu profundamente o significado da cruz. A tradi\u00e7\u00e3o conta que, certa vez, Francisco recebeu uma vis\u00e3o na qual Cristo lhe dizia: \u201cFrancisco, reconstr\u00f3i a minha Igreja, que, como v\u00eas, est\u00e1 em ru\u00ednas.\u201d Inicialmente, Francisco interpretou isso como um chamado para reconstruir fisicamente a igreja de S\u00e3o Dami\u00e3o, mas, com o tempo, entendeu que se tratava de um convite para renovar a Igreja espiritual, carregando a cruz da humildade, da pobreza e do servi\u00e7o.<\/p>\n\n\n\n<p>Essa anedota nos ensina que carregar a cruz n\u00e3o \u00e9 apenas um ato de resigna\u00e7\u00e3o, mas uma oportunidade de participar da obra redentora de Cristo. Como Francisco, somos chamados a ser instrumentos de paz e amor em um mundo que tanto precisa deles.<\/p>\n\n\n\n<h3 class=\"wp-block-heading\"><strong>Como viver esta esta\u00e7\u00e3o em nossa vida di\u00e1ria<\/strong><\/h3>\n\n\n\n<p>A segunda esta\u00e7\u00e3o da Via Sacra n\u00e3o \u00e9 apenas um momento para recordar, mas um convite para agir. Aqui est\u00e3o algumas maneiras pr\u00e1ticas de viver essa passagem em nossa vida cotidiana:<\/p>\n\n\n\n<ol start=\"1\" class=\"wp-block-list\">\n<li><strong>Aceitar nossas cruzes com coragem<\/strong>: Em vez de fugir do sofrimento, podemos oferec\u00ea-lo a Deus como um ato de amor e repara\u00e7\u00e3o.<\/li>\n\n\n\n<li><strong>Ajudar os outros a carregar suas cruzes<\/strong>: Seguindo o exemplo de Sim\u00e3o de Cirene, que ajudou Jesus a carregar a cruz, somos chamados a ser solid\u00e1rios com aqueles que sofrem.<\/li>\n\n\n\n<li><strong>Transformar o sofrimento em amor<\/strong>: Cada dificuldade pode ser uma oportunidade para crescer em virtude e aproximar-se de Deus.<\/li>\n<\/ol>\n\n\n\n<h3 class=\"wp-block-heading\"><strong>Conclus\u00e3o: A cruz como caminho de esperan\u00e7a<\/strong><\/h3>\n\n\n\n<p>A segunda esta\u00e7\u00e3o da Via Sacra nos ensina que a cruz n\u00e3o \u00e9 o fim do caminho, mas o in\u00edcio de uma nova vida. Atrav\u00e9s de Seu sacrif\u00edcio, Jesus nos mostra que o amor \u00e9 mais forte que o \u00f3dio e que a vida \u00e9 mais forte que a morte.<\/p>\n\n\n\n<p>Em um mundo que muitas vezes busca respostas f\u00e1ceis e solu\u00e7\u00f5es r\u00e1pidas, a cruz nos lembra que a verdadeira felicidade \u00e9 encontrada no amor sacrificial e na doa\u00e7\u00e3o generosa. Ao meditar sobre Jesus carregando Sua cruz, encontramos a for\u00e7a para carregar as nossas e a esperan\u00e7a de que, no fim da caminhada, nos espera a ressurrei\u00e7\u00e3o.<\/p>\n\n\n\n<p>Que essa reflex\u00e3o nos inspire a viver com f\u00e9, esperan\u00e7a e amor, seguindo os passos Daquele que, carregando Sua cruz, nos abriu as portas do c\u00e9u.<\/p>\n\n\n\n<p><em>\u00abVinde a mim, todos v\u00f3s que estais cansados e oprimidos, e eu vos aliviarei\u00bb<\/em>&nbsp;(Mateus 11,28).<\/p>\n","protected":false},"excerpt":{"rendered":"<p>A Via Sacra, tamb\u00e9m conhecida como Via Crucis, \u00e9 uma das devo\u00e7\u00f5es mais profundas e comoventes da tradi\u00e7\u00e3o cat\u00f3lica. Atrav\u00e9s de suas catorze esta\u00e7\u00f5es, mergulhamos nos momentos mais cruciais da Paix\u00e3o de Cristo, acompanhando-O em Sua caminhada rumo ao Calv\u00e1rio. A segunda esta\u00e7\u00e3o,&nbsp;Jesus carrega a Cruz, \u00e9 um momento-chave que nos convida a refletir n\u00e3o &hellip;<\/p>\n","protected":false},"author":3,"featured_media":2772,"comment_status":"open","ping_status":"open","sticky":false,"template":"","format":"standard","meta":{"_seopress_robots_primary_cat":"","_seopress_titles_title":"","_seopress_titles_desc":"","_seopress_robots_index":"","footnotes":""},"categories":[40,58],"tags":[794,793],"class_list":["post-2771","post","type-post","status-publish","format-standard","has-post-thumbnail","","category-oracao-e-espiritualidade","category-oracao-e-vida-espiritual","tag-jesus-carrega-a-cruz","tag-segunda-estacao-da-via-sacra"],"_links":{"self":[{"href":"https:\/\/catholicus.eu\/pt\/wp-json\/wp\/v2\/posts\/2771","targetHints":{"allow":["GET"]}}],"collection":[{"href":"https:\/\/catholicus.eu\/pt\/wp-json\/wp\/v2\/posts"}],"about":[{"href":"https:\/\/catholicus.eu\/pt\/wp-json\/wp\/v2\/types\/post"}],"author":[{"embeddable":true,"href":"https:\/\/catholicus.eu\/pt\/wp-json\/wp\/v2\/users\/3"}],"replies":[{"embeddable":true,"href":"https:\/\/catholicus.eu\/pt\/wp-json\/wp\/v2\/comments?post=2771"}],"version-history":[{"count":1,"href":"https:\/\/catholicus.eu\/pt\/wp-json\/wp\/v2\/posts\/2771\/revisions"}],"predecessor-version":[{"id":2773,"href":"https:\/\/catholicus.eu\/pt\/wp-json\/wp\/v2\/posts\/2771\/revisions\/2773"}],"wp:featuredmedia":[{"embeddable":true,"href":"https:\/\/catholicus.eu\/pt\/wp-json\/wp\/v2\/media\/2772"}],"wp:attachment":[{"href":"https:\/\/catholicus.eu\/pt\/wp-json\/wp\/v2\/media?parent=2771"}],"wp:term":[{"taxonomy":"category","embeddable":true,"href":"https:\/\/catholicus.eu\/pt\/wp-json\/wp\/v2\/categories?post=2771"},{"taxonomy":"post_tag","embeddable":true,"href":"https:\/\/catholicus.eu\/pt\/wp-json\/wp\/v2\/tags?post=2771"}],"curies":[{"name":"wp","href":"https:\/\/api.w.org\/{rel}","templated":true}]}}