{"id":2768,"date":"2025-03-21T22:39:01","date_gmt":"2025-03-21T21:39:01","guid":{"rendered":"https:\/\/catholicus.eu\/pt\/?p=2768"},"modified":"2025-03-22T23:42:57","modified_gmt":"2025-03-22T22:42:57","slug":"1a-estacao-da-via-sacra-jesus-e-condenado-a-morte","status":"publish","type":"post","link":"https:\/\/catholicus.eu\/pt\/1a-estacao-da-via-sacra-jesus-e-condenado-a-morte\/","title":{"rendered":"1\u00aa Esta\u00e7\u00e3o da Via Sacra: Jesus \u00e9 condenado \u00e0 morte"},"content":{"rendered":"\n<p><em>Um chamado \u00e0 justi\u00e7a, \u00e0 miseric\u00f3rdia e \u00e0 entrega no mundo de hoje<\/em><\/p>\n\n\n\n<p>A Via Sacra, tamb\u00e9m conhecida como Via Crucis, \u00e9 uma das devo\u00e7\u00f5es mais profundas e comoventes da tradi\u00e7\u00e3o cat\u00f3lica. Atrav\u00e9s de suas catorze esta\u00e7\u00f5es, mergulhamos nos momentos finais da vida de Jesus Cristo, contemplando Sua paix\u00e3o, morte e ressurrei\u00e7\u00e3o. A primeira esta\u00e7\u00e3o,&nbsp;<em>Jesus \u00e9 condenado \u00e0 morte<\/em>, n\u00e3o apenas marca o in\u00edcio desse caminho doloroso, mas tamb\u00e9m nos convida a refletir sobre temas universais como justi\u00e7a, injusti\u00e7a, poder e entrega.<\/p>\n\n\n\n<p>Neste artigo, exploraremos a origem hist\u00f3rica e teol\u00f3gica dessa esta\u00e7\u00e3o, seu significado profundo e como sua mensagem ressoa em nosso contexto atual. Acompanhe-me nesta jornada espiritual, onde a Palavra de Deus encontra nossa realidade cotidiana.<\/p>\n\n\n\n<hr class=\"wp-block-separator has-alpha-channel-opacity\"\/>\n\n\n\n<h3 class=\"wp-block-heading\"><strong>A origem hist\u00f3rica e b\u00edblica da primeira esta\u00e7\u00e3o<\/strong><\/h3>\n\n\n\n<p>A primeira esta\u00e7\u00e3o da Via Sacra baseia-se nos relatos dos Evangelhos, especialmente nos textos de Mateus, Marcos, Lucas e Jo\u00e3o. Ap\u00f3s ser preso no Jardim do Gets\u00eamani, Jesus \u00e9 levado a P\u00f4ncio Pilatos, o governador romano da Judeia. Os l\u00edderes religiosos da \u00e9poca, invejosos de Sua influ\u00eancia e ensinamentos, acusam Jesus de blasf\u00eamia e de afirmar ser o Rei dos Judeus, um t\u00edtulo que poderia ser interpretado como uma amea\u00e7a pol\u00edtica ao Imp\u00e9rio Romano.<\/p>\n\n\n\n<p>Pilatos, embora n\u00e3o encontre culpa em Jesus (Jo\u00e3o 18:38), cede \u00e0 press\u00e3o da multid\u00e3o e das autoridades religiosas. Em um ato de covardia pol\u00edtica, ele lava simbolicamente as m\u00e3os e entrega Jesus para ser crucificado (Mateus 27:24-26). Esse momento \u00e9 crucial, pois representa a converg\u00eancia da injusti\u00e7a humana e da vontade divina.<\/p>\n\n\n\n<p>\u00c9 interessante notar que, historicamente, P\u00f4ncio Pilatos era conhecido por sua dureza e falta de escr\u00fapulos. No entanto, no caso de Jesus, ele parece hesitar. Os Evangelhos sugerem que sua esposa at\u00e9 o alerta sobre um sonho que teve a respeito de Jesus, exortando-o a n\u00e3o se envolver com \u201caquele justo\u201d (Mateus 27:19). Apesar disso, Pilatos escolhe o caminho mais f\u00e1cil: sacrificar um inocente para manter a ordem e sua posi\u00e7\u00e3o de poder.<\/p>\n\n\n\n<hr class=\"wp-block-separator has-alpha-channel-opacity\"\/>\n\n\n\n<h3 class=\"wp-block-heading\"><strong>O significado teol\u00f3gico da condena\u00e7\u00e3o<\/strong><\/h3>\n\n\n\n<p>Do ponto de vista teol\u00f3gico, a condena\u00e7\u00e3o de Jesus \u00e0 morte n\u00e3o \u00e9 apenas um ato de injusti\u00e7a humana, mas um evento que faz parte do plano salv\u00edfico de Deus. Jesus, o Cordeiro de Deus, aceita voluntariamente essa condena\u00e7\u00e3o para cumprir a vontade do Pai e redimir a humanidade do pecado.<\/p>\n\n\n\n<p>Na Carta aos Filipenses, S\u00e3o Paulo nos oferece uma reflex\u00e3o profunda sobre esse mist\u00e9rio:<br><em>\u201cE, achado na forma de homem, humilhou-se a si mesmo, sendo obediente at\u00e9 \u00e0 morte, e morte de cruz\u201d<\/em>&nbsp;(Filipenses 2:8).<\/p>\n\n\n\n<p>Jesus, embora inocente, carrega o peso de nossos pecados. Sua condena\u00e7\u00e3o \u00e0 morte n\u00e3o \u00e9 uma derrota, mas o in\u00edcio da vit\u00f3ria sobre o pecado e a morte. Esse ato de entrega total nos revela o amor infinito de Deus, disposto a dar tudo por nossa salva\u00e7\u00e3o.<\/p>\n\n\n\n<hr class=\"wp-block-separator has-alpha-channel-opacity\"\/>\n\n\n\n<h3 class=\"wp-block-heading\"><strong>A injusti\u00e7a humana e a justi\u00e7a divina<\/strong><\/h3>\n\n\n\n<p>A primeira esta\u00e7\u00e3o da Via Sacra nos confronta com uma realidade dolorosa: a injusti\u00e7a humana. Jesus, o homem mais justo que j\u00e1 caminhou sobre a terra, \u00e9 condenado por um sistema corrupto e pela covardia daqueles que tinham o poder de fazer o que era certo.<\/p>\n\n\n\n<p>Essa passagem b\u00edblica nos convida a refletir sobre as injusti\u00e7as que vemos em nosso mundo hoje. Quantas vezes ficamos em sil\u00eancio diante da opress\u00e3o dos mais fracos? Quantas vezes escolhemos o caminho mais f\u00e1cil, como Pilatos, em vez de defender a verdade e a justi\u00e7a?<\/p>\n\n\n\n<p>Em um mundo onde o poder e o interesse pr\u00f3prio muitas vezes prevalecem sobre a dignidade humana, a figura de Jesus condenado \u00e0 morte nos chama a ser testemunhas corajosas da verdade. Ela nos lembra que, como crist\u00e3os, somos chamados a ser luz nas trevas e a lutar por um mundo mais justo e compassivo.<\/p>\n\n\n\n<hr class=\"wp-block-separator has-alpha-channel-opacity\"\/>\n\n\n\n<h3 class=\"wp-block-heading\"><strong>Uma anedota para reflex\u00e3o<\/strong><\/h3>\n\n\n\n<p>Uma antiga tradi\u00e7\u00e3o conta que, ap\u00f3s a ressurrei\u00e7\u00e3o de Jesus, P\u00f4ncio Pilatos foi atormentado pelo remorso. Dizem que, em seus \u00faltimos dias, ele n\u00e3o conseguia lavar as m\u00e3os sem se lembrar do momento em que condenou Jesus. Essa lenda, embora n\u00e3o seja historicamente confirmada, nos oferece uma li\u00e7\u00e3o poderosa: nossas decis\u00f5es t\u00eam consequ\u00eancias, e a justi\u00e7a de Deus sempre prevalece.<\/p>\n\n\n\n<hr class=\"wp-block-separator has-alpha-channel-opacity\"\/>\n\n\n\n<h3 class=\"wp-block-heading\"><strong>A mensagem para hoje<\/strong><\/h3>\n\n\n\n<p>A primeira esta\u00e7\u00e3o da Via Sacra n\u00e3o \u00e9 apenas um evento hist\u00f3rico; \u00e9 um espelho que reflete nossa realidade atual. Em um mundo onde a injusti\u00e7a, a corrup\u00e7\u00e3o e a indiferen\u00e7a continuam sendo desafios urgentes, o exemplo de Jesus nos chama a agir com coragem e compaix\u00e3o.<\/p>\n\n\n\n<p>Como podemos aplicar essa mensagem em nossa vida cotidiana? Aqui est\u00e3o algumas ideias:<\/p>\n\n\n\n<ol start=\"1\" class=\"wp-block-list\">\n<li><strong>Defender a verdade<\/strong>: Como Jesus, devemos ser testemunhas da verdade, mesmo quando isso implica um custo pessoal.<\/li>\n\n\n\n<li><strong>Lutar pela justi\u00e7a<\/strong>: Em nosso entorno, podemos trabalhar para eliminar as injusti\u00e7as, seja defendendo os mais vulner\u00e1veis ou denunciando a corrup\u00e7\u00e3o.<\/li>\n\n\n\n<li><strong>Praticar a miseric\u00f3rdia<\/strong>: Embora Jesus tenha sido injustamente condenado, na cruz Ele perdoou Seus algozes. N\u00f3s tamb\u00e9m somos chamados a perdoar e amar nossos inimigos.<\/li>\n<\/ol>\n\n\n\n<hr class=\"wp-block-separator has-alpha-channel-opacity\"\/>\n\n\n\n<h3 class=\"wp-block-heading\"><strong>Conclus\u00e3o: Um caminho de amor e entrega<\/strong><\/h3>\n\n\n\n<p>A primeira esta\u00e7\u00e3o da Via Sacra nos lembra que o caminho de Jesus n\u00e3o foi f\u00e1cil, mas foi um caminho de amor e entrega. Ao contemplar Sua condena\u00e7\u00e3o \u00e0 morte, somos convidados a examinar nossa pr\u00f3pria vida e nos perguntar: Estamos dispostos a seguir Jesus, mesmo quando o caminho \u00e9 dif\u00edcil?<\/p>\n\n\n\n<p>Que essa reflex\u00e3o nos inspire a viver nossa f\u00e9 com autenticidade, a ser defensores da justi\u00e7a e a confiar que, mesmo quando o mal parece prevalecer, a vit\u00f3ria final pertence a Deus.<\/p>\n\n\n\n<p><em>\u201cPorque eu sei que o meu Redentor vive e que por fim se levantar\u00e1 sobre a terra\u201d<\/em>&nbsp;(J\u00f3 19:25).<\/p>\n\n\n\n<p>Que o Senhor nos conceda a gra\u00e7a de caminhar com Ele, n\u00e3o apenas na Via Sacra, mas em cada passo de nossa vida. Am\u00e9m.<\/p>\n","protected":false},"excerpt":{"rendered":"<p>Um chamado \u00e0 justi\u00e7a, \u00e0 miseric\u00f3rdia e \u00e0 entrega no mundo de hoje A Via Sacra, tamb\u00e9m conhecida como Via Crucis, \u00e9 uma das devo\u00e7\u00f5es mais profundas e comoventes da tradi\u00e7\u00e3o cat\u00f3lica. Atrav\u00e9s de suas catorze esta\u00e7\u00f5es, mergulhamos nos momentos finais da vida de Jesus Cristo, contemplando Sua paix\u00e3o, morte e ressurrei\u00e7\u00e3o. A primeira esta\u00e7\u00e3o,&nbsp;Jesus &hellip;<\/p>\n","protected":false},"author":3,"featured_media":2769,"comment_status":"open","ping_status":"open","sticky":false,"template":"","format":"standard","meta":{"_seopress_robots_primary_cat":"","_seopress_titles_title":"","_seopress_titles_desc":"","_seopress_robots_index":"","footnotes":""},"categories":[40,58],"tags":[791,792],"class_list":["post-2768","post","type-post","status-publish","format-standard","has-post-thumbnail","","category-oracao-e-espiritualidade","category-oracao-e-vida-espiritual","tag-1a-estacao-da-via-sacra","tag-jesus-e-condenado-a-morte"],"_links":{"self":[{"href":"https:\/\/catholicus.eu\/pt\/wp-json\/wp\/v2\/posts\/2768","targetHints":{"allow":["GET"]}}],"collection":[{"href":"https:\/\/catholicus.eu\/pt\/wp-json\/wp\/v2\/posts"}],"about":[{"href":"https:\/\/catholicus.eu\/pt\/wp-json\/wp\/v2\/types\/post"}],"author":[{"embeddable":true,"href":"https:\/\/catholicus.eu\/pt\/wp-json\/wp\/v2\/users\/3"}],"replies":[{"embeddable":true,"href":"https:\/\/catholicus.eu\/pt\/wp-json\/wp\/v2\/comments?post=2768"}],"version-history":[{"count":1,"href":"https:\/\/catholicus.eu\/pt\/wp-json\/wp\/v2\/posts\/2768\/revisions"}],"predecessor-version":[{"id":2770,"href":"https:\/\/catholicus.eu\/pt\/wp-json\/wp\/v2\/posts\/2768\/revisions\/2770"}],"wp:featuredmedia":[{"embeddable":true,"href":"https:\/\/catholicus.eu\/pt\/wp-json\/wp\/v2\/media\/2769"}],"wp:attachment":[{"href":"https:\/\/catholicus.eu\/pt\/wp-json\/wp\/v2\/media?parent=2768"}],"wp:term":[{"taxonomy":"category","embeddable":true,"href":"https:\/\/catholicus.eu\/pt\/wp-json\/wp\/v2\/categories?post=2768"},{"taxonomy":"post_tag","embeddable":true,"href":"https:\/\/catholicus.eu\/pt\/wp-json\/wp\/v2\/tags?post=2768"}],"curies":[{"name":"wp","href":"https:\/\/api.w.org\/{rel}","templated":true}]}}