{"id":2762,"date":"2025-03-21T21:49:28","date_gmt":"2025-03-21T20:49:28","guid":{"rendered":"https:\/\/catholicus.eu\/pt\/?p=2762"},"modified":"2025-03-21T21:49:29","modified_gmt":"2025-03-21T20:49:29","slug":"em-que-dia-exatamente-ocorreu-a-ultima-ceia-descobrindo-o-misterio-que-une-o-ceu-e-a-terra","status":"publish","type":"post","link":"https:\/\/catholicus.eu\/pt\/em-que-dia-exatamente-ocorreu-a-ultima-ceia-descobrindo-o-misterio-que-une-o-ceu-e-a-terra\/","title":{"rendered":"Em que dia exatamente ocorreu a \u00daltima Ceia? Descobrindo o mist\u00e9rio que une o c\u00e9u e a terra"},"content":{"rendered":"\n<p>A \u00daltima Ceia \u00e9 um dos momentos mais marcantes da hist\u00f3ria da humanidade. N\u00e3o apenas marca a institui\u00e7\u00e3o da Eucaristia, sacramento central da f\u00e9 cat\u00f3lica, mas tamb\u00e9m \u00e9 o prel\u00fadio da Paix\u00e3o, Morte e Ressurrei\u00e7\u00e3o de Jesus Cristo. Mas em que dia exatamente esse evento sagrado ocorreu? A resposta n\u00e3o \u00e9 t\u00e3o simples quanto parece, e explor\u00e1-la nos leva a uma jornada fascinante que combina hist\u00f3ria, teologia e espiritualidade.<\/p>\n\n\n\n<h3 class=\"wp-block-heading\">O contexto hist\u00f3rico e b\u00edblico<\/h3>\n\n\n\n<p>Para entender o dia exato da \u00daltima Ceia, precisamos voltar aos relatos dos Evangelhos. Os quatro evangelistas \u2014 Mateus, Marcos, Lucas e Jo\u00e3o \u2014 nos oferecem detalhes que, \u00e0 primeira vista, parecem contradit\u00f3rios. No entanto, ao aprofundarmos nossa compreens\u00e3o, encontramos uma riqueza teol\u00f3gica que ilumina o mist\u00e9rio.<\/p>\n\n\n\n<p>Segundo os Evangelhos Sin\u00f3ticos (Mateus, Marcos e Lucas), a \u00daltima Ceia foi uma ceia pascal. Ou seja, ocorreu durante a celebra\u00e7\u00e3o judaica da P\u00e1scoa (Pessach), que comemora a liberta\u00e7\u00e3o do povo de Israel da escravid\u00e3o no Egito. Naquela \u00e9poca, a P\u00e1scoa era celebrada no dia 14 de Nisan, de acordo com o calend\u00e1rio lunar judaico. Jesus, como judeu piedoso, teria seguido essa tradi\u00e7\u00e3o.<\/p>\n\n\n\n<p>No entanto, o Evangelho de Jo\u00e3o parece situar a \u00daltima Ceia um dia antes, no dia 13 de Nisan. Em Jo\u00e3o 18,28, menciona-se que os l\u00edderes judeus n\u00e3o entraram no pret\u00f3rio de Pilatos para n\u00e3o se contaminarem e poderem comer a P\u00e1scoa. Isso sugere que, quando Jesus foi crucificado, a P\u00e1scoa ainda n\u00e3o havia come\u00e7ado.<\/p>\n\n\n\n<p>Como reconciliar essas aparentes diferen\u00e7as? A chave est\u00e1 em entender que, nos tempos de Jesus, existiam diferentes tradi\u00e7\u00f5es sobre quando celebrar a P\u00e1scoa. Alguns grupos judaicos, como os ess\u00eanios, seguiam um calend\u00e1rio diferente do oficial. \u00c9 poss\u00edvel que Jesus e seus disc\u00edpulos tenham celebrado a P\u00e1scoa de acordo com uma dessas tradi\u00e7\u00f5es alternativas, o que explicaria a discrep\u00e2ncia com o relato de Jo\u00e3o.<\/p>\n\n\n\n<h3 class=\"wp-block-heading\">O significado teol\u00f3gico da data<\/h3>\n\n\n\n<p>Al\u00e9m da discuss\u00e3o hist\u00f3rica, a data da \u00daltima Ceia tem um profundo significado teol\u00f3gico. Jesus n\u00e3o estava apenas celebrando a P\u00e1scoa judaica; Ele a estava transformando. Na \u00daltima Ceia, instituiu a Nova Alian\u00e7a, prefigurada na Antiga Alian\u00e7a. O p\u00e3o e o vinho, s\u00edmbolos da liberta\u00e7\u00e3o do Egito, tornaram-se seu Corpo e Sangue, oferecidos para a salva\u00e7\u00e3o da humanidade.<\/p>\n\n\n\n<p>S\u00e3o Paulo expressa isso claramente em 1 Cor\u00edntios 5,7: &#8220;Cristo, nossa P\u00e1scoa, foi imolado&#8221;. Jesus \u00e9 o Cordeiro Pascal, cuja morte nos liberta do pecado e nos abre as portas do c\u00e9u. Assim, a \u00daltima Ceia n\u00e3o \u00e9 apenas um evento hist\u00f3rico, mas um mist\u00e9rio que se atualiza em cada Eucaristia.<\/p>\n\n\n\n<h3 class=\"wp-block-heading\">A \u00daltima Ceia no contexto atual<\/h3>\n\n\n\n<p>Hoje, mais de dois mil anos depois, a \u00daltima Ceia continua sendo um ponto central da vida crist\u00e3. Toda vez que celebramos a Missa, nos unimos a esse momento sagrado. Como disse o Papa Bento XVI: &#8220;A Eucaristia n\u00e3o \u00e9 apenas a mem\u00f3ria de um fato passado, mas de uma presen\u00e7a viva&#8221;.<\/p>\n\n\n\n<p>Em um mundo marcado pela divis\u00e3o e pela incerteza, a \u00daltima Ceia nos lembra que Jesus est\u00e1 conosco, nutrindo-nos com seu amor e sua gra\u00e7a. \u00c9 um chamado \u00e0 unidade, como Jesus expressou em sua ora\u00e7\u00e3o sacerdotal: &#8220;Que todos sejam um, como tu, Pai, est\u00e1s em mim e eu em ti&#8221; (Jo\u00e3o 17,21).<\/p>\n\n\n\n<h3 class=\"wp-block-heading\">Uma anedota para reflex\u00e3o<\/h3>\n\n\n\n<p>Uma antiga tradi\u00e7\u00e3o conta que, ap\u00f3s a Ressurrei\u00e7\u00e3o, os ap\u00f3stolos se reuniam todos os dias para &#8220;partir o p\u00e3o&#8221; (Atos 2,42). Certa vez, um jovem chamado Marcos (o futuro evangelista) perguntou a Pedro: &#8220;Mestre, por que celebramos isso se Jesus n\u00e3o est\u00e1 mais aqui?&#8221;. Pedro respondeu: &#8220;Filho, Ele est\u00e1 aqui, no p\u00e3o e no vinho, em cada um de n\u00f3s. A \u00daltima Ceia n\u00e3o terminou; apenas come\u00e7ou&#8221;.<\/p>\n\n\n\n<p>Essa anedota nos convida a ver a Eucaristia n\u00e3o como uma mera lembran\u00e7a, mas como uma realidade viva. Jesus est\u00e1 presente em cada Missa, oferecendo-se por n\u00f3s e nutrindo-nos para a jornada.<\/p>\n\n\n\n<h3 class=\"wp-block-heading\">Conclus\u00e3o: Um mist\u00e9rio que nos une<\/h3>\n\n\n\n<p>Embora n\u00e3o possamos determinar com precis\u00e3o absoluta o dia exato da \u00daltima Ceia, o que sabemos \u00e9 que seu significado transcende o tempo e o espa\u00e7o. \u00c9 um mist\u00e9rio que nos une a Cristo, \u00e0 Igreja e a toda a humanidade.<\/p>\n\n\n\n<p>Hoje, convido voc\u00ea a se aproximar da Eucaristia com um cora\u00e7\u00e3o aberto. Deixe que o amor de Jesus, manifestado na \u00daltima Ceia, transforme sua vida. Como disse Santo Agostinho: &#8220;Tornemo-nos o que recebemos e recebamos o que somos: o Corpo de Cristo&#8221;.<\/p>\n\n\n\n<p>Que esta jornada pela hist\u00f3ria e pela teologia da \u00daltima Ceia inspire voc\u00ea a aprofundar sua f\u00e9 e a viver com gratid\u00e3o o dom da Eucaristia. Porque, em \u00faltima an\u00e1lise, a \u00daltima Ceia n\u00e3o \u00e9 apenas um evento do passado; \u00e9 um encontro com o amor eterno de Deus.<\/p>\n","protected":false},"excerpt":{"rendered":"<p>A \u00daltima Ceia \u00e9 um dos momentos mais marcantes da hist\u00f3ria da humanidade. N\u00e3o apenas marca a institui\u00e7\u00e3o da Eucaristia, sacramento central da f\u00e9 cat\u00f3lica, mas tamb\u00e9m \u00e9 o prel\u00fadio da Paix\u00e3o, Morte e Ressurrei\u00e7\u00e3o de Jesus Cristo. Mas em que dia exatamente esse evento sagrado ocorreu? A resposta n\u00e3o \u00e9 t\u00e3o simples quanto parece, &hellip;<\/p>\n","protected":false},"author":3,"featured_media":2763,"comment_status":"open","ping_status":"open","sticky":false,"template":"","format":"standard","meta":{"_seopress_robots_primary_cat":"","_seopress_titles_title":"","_seopress_titles_desc":"","_seopress_robots_index":"","footnotes":""},"categories":[48,38],"tags":[773],"class_list":["post-2762","post","type-post","status-publish","format-standard","has-post-thumbnail","","category-historia-da-igreja","category-historia-e-tradicao","tag-ultima-ceia"],"_links":{"self":[{"href":"https:\/\/catholicus.eu\/pt\/wp-json\/wp\/v2\/posts\/2762","targetHints":{"allow":["GET"]}}],"collection":[{"href":"https:\/\/catholicus.eu\/pt\/wp-json\/wp\/v2\/posts"}],"about":[{"href":"https:\/\/catholicus.eu\/pt\/wp-json\/wp\/v2\/types\/post"}],"author":[{"embeddable":true,"href":"https:\/\/catholicus.eu\/pt\/wp-json\/wp\/v2\/users\/3"}],"replies":[{"embeddable":true,"href":"https:\/\/catholicus.eu\/pt\/wp-json\/wp\/v2\/comments?post=2762"}],"version-history":[{"count":1,"href":"https:\/\/catholicus.eu\/pt\/wp-json\/wp\/v2\/posts\/2762\/revisions"}],"predecessor-version":[{"id":2764,"href":"https:\/\/catholicus.eu\/pt\/wp-json\/wp\/v2\/posts\/2762\/revisions\/2764"}],"wp:featuredmedia":[{"embeddable":true,"href":"https:\/\/catholicus.eu\/pt\/wp-json\/wp\/v2\/media\/2763"}],"wp:attachment":[{"href":"https:\/\/catholicus.eu\/pt\/wp-json\/wp\/v2\/media?parent=2762"}],"wp:term":[{"taxonomy":"category","embeddable":true,"href":"https:\/\/catholicus.eu\/pt\/wp-json\/wp\/v2\/categories?post=2762"},{"taxonomy":"post_tag","embeddable":true,"href":"https:\/\/catholicus.eu\/pt\/wp-json\/wp\/v2\/tags?post=2762"}],"curies":[{"name":"wp","href":"https:\/\/api.w.org\/{rel}","templated":true}]}}