{"id":2726,"date":"2025-03-18T22:01:08","date_gmt":"2025-03-18T21:01:08","guid":{"rendered":"https:\/\/catholicus.eu\/pt\/?p=2726"},"modified":"2025-03-18T22:01:08","modified_gmt":"2025-03-18T21:01:08","slug":"a-liturgia-tradicional-uma-resposta-a-busca-de-transcendencia-na-era-digital","status":"publish","type":"post","link":"https:\/\/catholicus.eu\/pt\/a-liturgia-tradicional-uma-resposta-a-busca-de-transcendencia-na-era-digital\/","title":{"rendered":"A liturgia tradicional: uma resposta \u00e0 busca de transcend\u00eancia na era digital"},"content":{"rendered":"\n<p>Em um mundo cada vez mais dominado pela tecnologia, pela instantaneidade e pela constante conex\u00e3o digital, muitas pessoas experimentam uma profunda sensa\u00e7\u00e3o de vazio espiritual. A era digital, embora repleta de avan\u00e7os e conveni\u00eancias, trouxe consigo uma cultura de distra\u00e7\u00e3o, superficialidade e, em muitos casos, desumaniza\u00e7\u00e3o. Nesse contexto, a liturgia tradicional da Igreja Cat\u00f3lica, com sua solenidade, beleza e profundidade, est\u00e1 emergindo como uma resposta poderosa \u00e0 busca de transcend\u00eancia que caracteriza tantos seres humanos na atualidade.<\/p>\n\n\n\n<h3 class=\"wp-block-heading\">A crise de sentido na era digital<\/h3>\n\n\n\n<p>A era digital transformou radicalmente a forma como vivemos, nos relacionamos e entendemos o mundo. As redes sociais, os dispositivos m\u00f3veis e o acesso instant\u00e2neo \u00e0 informa\u00e7\u00e3o criaram uma cultura que prioriza a velocidade, a efici\u00eancia e a gratifica\u00e7\u00e3o imediata. No entanto, essa hiperconectividade tamb\u00e9m gerou uma sensa\u00e7\u00e3o de isolamento, ansiedade e falta de prop\u00f3sito em muitas pessoas.<\/p>\n\n\n\n<p>Em meio a esse cen\u00e1rio, surge uma pergunta fundamental: onde encontrar sentido em um mundo que parece ter se esquecido do sagrado? Para muitos cat\u00f3licos, a resposta est\u00e1 na liturgia tradicional, que oferece um espa\u00e7o de sil\u00eancio, rever\u00eancia e conex\u00e3o com o divino. A liturgia tradicional n\u00e3o \u00e9 simplesmente um conjunto de ritos antigos; \u00e9 uma janela para o eterno, um lembrete de que h\u00e1 algo al\u00e9m do material e do ef\u00eamero.<\/p>\n\n\n\n<h3 class=\"wp-block-heading\">A beleza da liturgia tradicional<\/h3>\n\n\n\n<p>Uma das caracter\u00edsticas mais marcantes da liturgia tradicional \u00e9 sua beleza. Do canto gregoriano \u00e0 arquitetura das igrejas, passando pelos ornamentos sagrados e pelos gestos lit\u00fargicos, tudo na liturgia tradicional \u00e9 projetado para elevar a alma a Deus. Essa beleza n\u00e3o \u00e9 meramente est\u00e9tica; \u00e9 uma express\u00e3o da gl\u00f3ria de Deus e um convite \u00e0 contempla\u00e7\u00e3o.<\/p>\n\n\n\n<p>Em um mundo onde o banal e o vulgar parecem dominar, a liturgia tradicional oferece um contraponto poderoso. Seus ritos e s\u00edmbolos nos lembram que a f\u00e9 cat\u00f3lica n\u00e3o \u00e9 apenas uma s\u00e9rie de cren\u00e7as, mas uma experi\u00eancia integral que envolve todos os sentidos. A beleza da liturgia tradicional age como um ant\u00eddoto contra a feiura e a trivialidade da cultura moderna, ajudando os fi\u00e9is a redescobrir o assombro e a rever\u00eancia diante do sagrado.<\/p>\n\n\n\n<h3 class=\"wp-block-heading\">O sil\u00eancio e a rever\u00eancia<\/h3>\n\n\n\n<p>Um dos aspectos mais impactantes da liturgia tradicional \u00e9 sua \u00eanfase no sil\u00eancio e na rever\u00eancia. Em um mundo cheio de ru\u00eddo e distra\u00e7\u00f5es, o sil\u00eancio se tornou um bem raro. A liturgia tradicional, com seus momentos de sil\u00eancio contemplativo, oferece um espa\u00e7o para ouvir a voz de Deus no fundo do cora\u00e7\u00e3o.<\/p>\n\n\n\n<p>A rever\u00eancia, por sua vez, \u00e9 uma atitude que foi amplamente perdida na cultura contempor\u00e2nea. Na liturgia tradicional, cada gesto, cada palavra e cada movimento s\u00e3o impregnados de um profundo respeito pelo sagrado. Essa rever\u00eancia n\u00e3o \u00e9 apenas uma quest\u00e3o de protocolo; \u00e9 uma express\u00e3o de f\u00e9 na presen\u00e7a real de Deus na Eucaristia e na liturgia.<\/p>\n\n\n\n<h3 class=\"wp-block-heading\">A conex\u00e3o com a tradi\u00e7\u00e3o<\/h3>\n\n\n\n<p>A liturgia tradicional \u00e9 uma ponte que nos conecta com a riqueza espiritual das gera\u00e7\u00f5es passadas. Ao participar dos mesmos ritos que santos, m\u00e1rtires e fi\u00e9is celebraram ao longo dos s\u00e9culos, os cat\u00f3licos de hoje podem se sentir parte de uma grande fam\u00edlia espiritual que transcende o tempo e o espa\u00e7o.<\/p>\n\n\n\n<p>Essa conex\u00e3o com a tradi\u00e7\u00e3o \u00e9 especialmente importante em um mundo que tende a valorizar o novo e o ef\u00eamero em detrimento do antigo e do duradouro. A liturgia tradicional nos lembra que a f\u00e9 cat\u00f3lica n\u00e3o \u00e9 uma inven\u00e7\u00e3o recente, mas um tesouro que foi transmitido de gera\u00e7\u00e3o em gera\u00e7\u00e3o. Ao abra\u00e7ar essa tradi\u00e7\u00e3o, os fi\u00e9is podem encontrar um senso de pertencimento e continuidade que \u00e9 profundamente reconfortante em um mundo em constante mudan\u00e7a.<\/p>\n\n\n\n<h3 class=\"wp-block-heading\">A liturgia tradicional e os jovens<\/h3>\n\n\n\n<p>Um dos fen\u00f4menos mais surpreendentes dos \u00faltimos anos \u00e9 o crescente interesse dos jovens pela liturgia tradicional. Embora se possa pensar que os jovens s\u00e3o mais atra\u00eddos por formas de culto modernas e din\u00e2micas, muitos est\u00e3o encontrando na liturgia tradicional uma profundidade e uma autenticidade que n\u00e3o encontram em outros lugares.<\/p>\n\n\n\n<p>Para muitos jovens, a liturgia tradicional \u00e9 uma forma de se rebelar contra a cultura superficial e materialista em que cresceram. Em um mundo onde tudo parece relativo e fugaz, a liturgia tradicional oferece algo s\u00f3lido, permanente e transcendente. Al\u00e9m disso, a beleza e o mist\u00e9rio da liturgia tradicional ressoam com o desejo dos jovens de encontrar algo que v\u00e1 al\u00e9m do ordin\u00e1rio e do cotidiano.<\/p>\n\n\n\n<h3 class=\"wp-block-heading\">A liturgia tradicional como resposta \u00e0 seculariza\u00e7\u00e3o<\/h3>\n\n\n\n<p>Em um mundo cada vez mais secularizado, a liturgia tradicional \u00e9 um poderoso lembrete da presen\u00e7a do sagrado. Em uma cultura que tende a relegar a religi\u00e3o \u00e0 esfera privada, a liturgia tradicional afirma com for\u00e7a que o sagrado tem um lugar central na vida humana.<\/p>\n\n\n\n<p>A seculariza\u00e7\u00e3o n\u00e3o \u00e9 apenas um fen\u00f4meno externo; tamb\u00e9m \u00e9 uma tenta\u00e7\u00e3o interna para os crentes. Em um mundo onde a f\u00e9 \u00e9 frequentemente reduzida a uma quest\u00e3o de sentimentos ou prefer\u00eancias pessoais, a liturgia tradicional nos lembra que a f\u00e9 cat\u00f3lica \u00e9 uma realidade objetiva que nos transcende e nos chama \u00e0 convers\u00e3o.<\/p>\n\n\n\n<h3 class=\"wp-block-heading\">Conclus\u00e3o: A liturgia tradicional como caminho para a transcend\u00eancia<\/h3>\n\n\n\n<p>Na era digital, onde a distra\u00e7\u00e3o e a superficialidade parecem dominar, a liturgia tradicional emerge como uma resposta profunda e necess\u00e1ria \u00e0 busca humana de transcend\u00eancia. Sua beleza, sua rever\u00eancia e sua conex\u00e3o com a tradi\u00e7\u00e3o oferecem um caminho seguro para aqueles que buscam algo al\u00e9m do material e do ef\u00eamero.<\/p>\n\n\n\n<p>A liturgia tradicional n\u00e3o \u00e9 uma rel\u00edquia do passado; \u00e9 um tesouro vivo que continua a falar ao cora\u00e7\u00e3o do homem contempor\u00e2neo. Em um mundo que muitas vezes parece ter perdido o sentido do sagrado, a liturgia tradicional nos lembra que a f\u00e9 cat\u00f3lica \u00e9 uma f\u00e9 viva, cheia de beleza, profundidade e poder transformador. Ao abra\u00e7ar essa liturgia, os fi\u00e9is podem encontrar um senso de prop\u00f3sito, pertencimento e conex\u00e3o com o divino que \u00e9 mais necess\u00e1rio do que nunca em nosso tempo.<\/p>\n","protected":false},"excerpt":{"rendered":"<p>Em um mundo cada vez mais dominado pela tecnologia, pela instantaneidade e pela constante conex\u00e3o digital, muitas pessoas experimentam uma profunda sensa\u00e7\u00e3o de vazio espiritual. A era digital, embora repleta de avan\u00e7os e conveni\u00eancias, trouxe consigo uma cultura de distra\u00e7\u00e3o, superficialidade e, em muitos casos, desumaniza\u00e7\u00e3o. Nesse contexto, a liturgia tradicional da Igreja Cat\u00f3lica, com &hellip;<\/p>\n","protected":false},"author":3,"featured_media":2727,"comment_status":"open","ping_status":"open","sticky":false,"template":"","format":"standard","meta":{"_seopress_robots_primary_cat":"","_seopress_titles_title":"","_seopress_titles_desc":"","_seopress_robots_index":"","footnotes":""},"categories":[54,39],"tags":[774],"class_list":["post-2726","post","type-post","status-publish","format-standard","has-post-thumbnail","","category-bioetica-e-questoes-contemporaneas","category-moral-e-vida-crista","tag-liturgia-tradicional"],"_links":{"self":[{"href":"https:\/\/catholicus.eu\/pt\/wp-json\/wp\/v2\/posts\/2726","targetHints":{"allow":["GET"]}}],"collection":[{"href":"https:\/\/catholicus.eu\/pt\/wp-json\/wp\/v2\/posts"}],"about":[{"href":"https:\/\/catholicus.eu\/pt\/wp-json\/wp\/v2\/types\/post"}],"author":[{"embeddable":true,"href":"https:\/\/catholicus.eu\/pt\/wp-json\/wp\/v2\/users\/3"}],"replies":[{"embeddable":true,"href":"https:\/\/catholicus.eu\/pt\/wp-json\/wp\/v2\/comments?post=2726"}],"version-history":[{"count":1,"href":"https:\/\/catholicus.eu\/pt\/wp-json\/wp\/v2\/posts\/2726\/revisions"}],"predecessor-version":[{"id":2728,"href":"https:\/\/catholicus.eu\/pt\/wp-json\/wp\/v2\/posts\/2726\/revisions\/2728"}],"wp:featuredmedia":[{"embeddable":true,"href":"https:\/\/catholicus.eu\/pt\/wp-json\/wp\/v2\/media\/2727"}],"wp:attachment":[{"href":"https:\/\/catholicus.eu\/pt\/wp-json\/wp\/v2\/media?parent=2726"}],"wp:term":[{"taxonomy":"category","embeddable":true,"href":"https:\/\/catholicus.eu\/pt\/wp-json\/wp\/v2\/categories?post=2726"},{"taxonomy":"post_tag","embeddable":true,"href":"https:\/\/catholicus.eu\/pt\/wp-json\/wp\/v2\/tags?post=2726"}],"curies":[{"name":"wp","href":"https:\/\/api.w.org\/{rel}","templated":true}]}}